{"id":251,"date":"2023-08-04T12:03:25","date_gmt":"2023-08-04T12:03:25","guid":{"rendered":"https:\/\/lapalmaisland.com\/de\/?p=251"},"modified":"2025-12-05T16:10:52","modified_gmt":"2025-12-05T16:10:52","slug":"aussichtspunkt-espigon-atravesado-la-palma","status":"publish","type":"post","link":"https:\/\/lapalmaisland.com\/de\/aussichtspunkt-espigon-atravesado-la-palma\/","title":{"rendered":"Aussichtspunkt Espig\u00f3n Atravesado La Palma"},"content":{"rendered":"\n<div class=\"inherit-container-width wp-block-group has-ast-global-color-6-background-color has-background is-layout-constrained wp-block-group-is-layout-constrained\" style=\"border-radius:15px;font-size:18px\">\n<p>Mitten im dichten und m\u00e4rchenhaften<a href=\"https:\/\/lapalmaisland.com\/de\/flora-la-palma\/lorbeerwald-la-palma\/\"> Lorbeerwald<\/a> <strong>im Norden von La Palma<\/strong> erhebt sich der Mirador Espig\u00f3n Atravesado, ein <strong>spektakul\u00e4rer Naturbalkon mit 360\u00b0-Blick \u00fcber das gr\u00fcne Meer des Los-Tilos-Waldes<\/strong>. Der Aufstieg ist ein kleines Abenteuer, aber die Belohnung ist gewaltig: ein Ausblick wie aus einer anderen Welt, begleitet vom Vogelgesang, dem Duft feuchter Vegetation und dem sanften Nebel zwischen den Baumkronen.<\/p>\n\n\n\n<figure class=\"wp-block-image aligncenter size-full has-custom-border\"><img loading=\"lazy\" decoding=\"async\" width=\"1024\" height=\"720\" src=\"https:\/\/lapalmaisland.com\/de\/wp-content\/uploads\/sites\/2\/2023\/08\/espigon-atraversado-Panoramapunkt.webp\" alt=\"Panoramapunkt espigon atravesado la palma\" class=\"wp-image-7193\" style=\"border-radius:15px\" srcset=\"https:\/\/lapalmaisland.com\/de\/wp-content\/uploads\/sites\/2\/2023\/08\/espigon-atraversado-Panoramapunkt.webp 1024w, https:\/\/lapalmaisland.com\/de\/wp-content\/uploads\/sites\/2\/2023\/08\/espigon-atraversado-Panoramapunkt-300x211.webp 300w, https:\/\/lapalmaisland.com\/de\/wp-content\/uploads\/sites\/2\/2023\/08\/espigon-atraversado-Panoramapunkt-768x540.webp 768w\" sizes=\"auto, (max-width: 1024px) 100vw, 1024px\" \/><\/figure>\n<\/div>\n\n\n\n<div class=\"wp-block-columns is-layout-flex wp-container-core-columns-is-layout-28f84493 wp-block-columns-is-layout-flex\">\n<div class=\"wp-block-column is-layout-flow wp-block-column-is-layout-flow\">\n<p class=\"has-text-align-center has-ast-global-color-2-background-color has-background\"><strong><mark style=\"background-color:rgba(0, 0, 0, 0)\" class=\"has-inline-color has-ast-global-color-5-color\">DEINE ERFAHRUNG<\/mark> <mark style=\"background-color:rgba(0, 0, 0, 0);color:#fcb900\" class=\"has-inline-color\">LEUCHTET HIER<\/mark><\/strong><\/p>\n\n\n\n<p class=\"has-text-align-center\">Wenn du diesen Ort besucht hast, teile deine Eindr\u00fccke und hinterlasse eine kleine Spur deines Weges. Hilf anderen Reisenden dabei, die echte Sch\u00f6nheit von La Palma zu entdecken.<\/p>\n\n\n\n\n\n\n<p class=\"has-text-align-right has-small-font-size\">*Die Bewertung ist v\u00f6llig anonym<\/p>\n<\/div>\n<\/div>\n\n\n\n<div class=\"inherit-container-width wp-block-group has-ast-global-color-6-background-color has-background is-layout-constrained wp-block-group-is-layout-constrained\" style=\"border-radius:15px;font-size:18px\">\n<h2 class=\"wp-block-heading has-text-align-center has-ast-global-color-5-color has-ast-global-color-2-background-color has-text-color has-background\" style=\"padding-top:var(--wp--preset--spacing--30);padding-right:var(--wp--preset--spacing--30);padding-bottom:var(--wp--preset--spacing--30);padding-left:var(--wp--preset--spacing--30)\">Wichtige Informationen<\/h2>\n\n\n\n<figure class=\"wp-block-table\"><table class=\"has-ast-global-color-4-background-color has-background has-fixed-layout\"><thead><tr><th>Element<\/th><th>Detail<\/th><\/tr><\/thead><tbody><tr><td><strong>H\u00f6he<\/strong><\/td><td>ca. 800\u202fm<\/td><\/tr><tr><td><strong>Zugang<\/strong><\/td><td>Beschilderter Wanderweg neben dem h\u00f6lzernen Informationsschild<\/td><\/tr><tr><td><strong>Distanz<\/strong><\/td><td>5\u202fkm (Hin- und R\u00fcckweg)<\/td><\/tr><tr><td><strong>H\u00f6henunterschied<\/strong><\/td><td>Hoch, mit Treppen am Ende<\/td><\/tr><tr><td><strong>Parkpl\u00e4tze<\/strong><\/td><td>In der N\u00e4he und am Besucherzentrum von Los Tilos<\/td><\/tr><tr><td><strong>Ideal f\u00fcr<\/strong><\/td><td>Leichte Wanderung, Naturfotografie, Panoramablick, Nebelwald<\/td><\/tr><\/tbody><\/table><\/figure>\n\n\n\n<h2 class=\"wp-block-heading has-text-align-center has-ast-global-color-4-color has-ast-global-color-2-background-color has-text-color has-background has-link-color wp-elements-f2e80a6586f6a9ae8cc5e165b8827216\" style=\"padding-top:var(--wp--preset--spacing--30);padding-right:var(--wp--preset--spacing--30);padding-bottom:var(--wp--preset--spacing--30);padding-left:var(--wp--preset--spacing--30)\">Ausblicke &amp; Landschaft<\/h2>\n\n\n\n<div class=\"wp-block-columns is-layout-flex wp-container-core-columns-is-layout-28f84493 wp-block-columns-is-layout-flex\">\n<div class=\"wp-block-column is-layout-flow wp-block-column-is-layout-flow\">\n<p>Der Aussichtspunkt liegt am Ende eines wundersch\u00f6nen Pfads durch den UNESCO-gesch\u00fctzten Lorbeerurwald. Am Ende verengt sich der Weg zu einem echten Felsvorsprung, der wie ein Steg in den Barranco hineinragt.<\/p>\n\n\n\n<p><strong>Von hier aus er\u00f6ffnet sich ein unvergessliches Panorama:<\/strong> dicht bewaldete Schluchten, Nebelschwaden zwischen moosbewachsenen \u00c4sten und das satte Gr\u00fcn in allen Nuancen soweit das Auge reicht. An klaren Tagen wird man vollst\u00e4ndig in die Natur eingetaucht, mit dem Rauschen eines versteckten Bachs tief unten im Barranco del Agua.<\/p>\n\n\n\n<p><strong>Der Mirador ist sicher, aber die exponierte Lage kann f\u00fcr Menschen mit H\u00f6henangst herausfordernd sein.<\/strong> Doch wer den letzten Schritt wagt, wird mit einer spektakul\u00e4ren Aussicht belohnt.<\/p>\n<\/div>\n\n\n\n<div class=\"wp-block-column is-layout-flow wp-block-column-is-layout-flow\" style=\"padding-top:var(--wp--preset--spacing--40);padding-bottom:var(--wp--preset--spacing--40)\">\n<figure class=\"wp-block-image size-full has-custom-border\" style=\"margin-top:var(--wp--preset--spacing--50);margin-bottom:var(--wp--preset--spacing--50)\"><img loading=\"lazy\" decoding=\"async\" width=\"1024\" height=\"720\" src=\"https:\/\/lapalmaisland.com\/de\/wp-content\/uploads\/sites\/2\/2023\/08\/Vogel-im-Wald.webp\" alt=\"vogel\" class=\"wp-image-7047\" style=\"border-radius:15px\" srcset=\"https:\/\/lapalmaisland.com\/de\/wp-content\/uploads\/sites\/2\/2023\/08\/Vogel-im-Wald.webp 1024w, https:\/\/lapalmaisland.com\/de\/wp-content\/uploads\/sites\/2\/2023\/08\/Vogel-im-Wald-300x211.webp 300w, https:\/\/lapalmaisland.com\/de\/wp-content\/uploads\/sites\/2\/2023\/08\/Vogel-im-Wald-768x540.webp 768w\" sizes=\"auto, (max-width: 1024px) 100vw, 1024px\" \/><\/figure>\n<\/div>\n<\/div>\n\n\n\n<h2 class=\"wp-block-heading has-text-align-center has-ast-global-color-4-color has-ast-global-color-2-background-color has-text-color has-background has-link-color wp-elements-fcdd51bbf091e58c14cd32265e105901\" style=\"padding-top:var(--wp--preset--spacing--30);padding-right:var(--wp--preset--spacing--30);padding-bottom:var(--wp--preset--spacing--30);padding-left:var(--wp--preset--spacing--30)\">Der Wanderweg zum Mirador<\/h2>\n\n\n\n<div class=\"wp-block-columns is-layout-flex wp-container-core-columns-is-layout-28f84493 wp-block-columns-is-layout-flex\">\n<div class=\"wp-block-column is-layout-flow wp-block-column-is-layout-flow\">\n<ul style=\"padding-top:var(--wp--preset--spacing--30);padding-right:var(--wp--preset--spacing--60);padding-bottom:var(--wp--preset--spacing--30);padding-left:var(--wp--preset--spacing--60)\" class=\"wp-block-list has-ast-global-color-7-background-color has-background\">\n<li style=\"padding-top:var(--wp--preset--spacing--20);padding-bottom:var(--wp--preset--spacing--20)\"><strong>Startpunkt: <\/strong>Direkt neben dem Holzschild an der Stra\u00dfe nach <a href=\"https:\/\/lapalmaisland.com\/de\/besten-sehenswurdigkeiten\/los-tilos-wasserfall\/\">Los Tilos<\/a>.<\/li>\n\n\n\n<li style=\"padding-top:var(--wp--preset--spacing--20);padding-bottom:var(--wp--preset--spacing--20)\"><strong>Wegweiser: <\/strong>Folge der Beschilderung zum Mirador Espig\u00f3n Atravesado und zu den <a href=\"https:\/\/lapalmaisland.com\/de\/wandern\/quellen-marcos-und-cordero\/\">Quellen von Marcos y Cordero<\/a>.<\/li>\n\n\n\n<li style=\"padding-top:var(--wp--preset--spacing--20);padding-bottom:var(--wp--preset--spacing--20)\"><strong>Der Pfad windet sich stetig bergauf,<\/strong> vorbei an mit Moos bewachsenen Steinen, uralten Farnen, Lorbeerb\u00e4umen, Fayas und Barbusanos.<\/li>\n\n\n\n<li style=\"padding-top:var(--wp--preset--spacing--20);padding-bottom:var(--wp--preset--spacing--20)\">Kurz vor dem Ziel weist ein Schild auf den <strong>Treppenaufstieg zum Aussichtspunkt hin,  mit Hinweis auf Mobilfunkempfang im Notfall.<\/strong><\/li>\n<\/ul>\n<\/div>\n\n\n\n<div class=\"wp-block-column is-layout-flow wp-block-column-is-layout-flow\">\n<figure class=\"wp-block-image size-full has-custom-border\"><img loading=\"lazy\" decoding=\"async\" width=\"1024\" height=\"720\" src=\"https:\/\/lapalmaisland.com\/de\/wp-content\/uploads\/sites\/2\/2023\/08\/WLAN-Schild-fuer-Wanderer.webp\" alt=\"WLAN-Schild f\u00fcr Wanderer la palma\" class=\"wp-image-7195\" style=\"border-radius:15px\" srcset=\"https:\/\/lapalmaisland.com\/de\/wp-content\/uploads\/sites\/2\/2023\/08\/WLAN-Schild-fuer-Wanderer.webp 1024w, https:\/\/lapalmaisland.com\/de\/wp-content\/uploads\/sites\/2\/2023\/08\/WLAN-Schild-fuer-Wanderer-300x211.webp 300w, https:\/\/lapalmaisland.com\/de\/wp-content\/uploads\/sites\/2\/2023\/08\/WLAN-Schild-fuer-Wanderer-768x540.webp 768w\" sizes=\"auto, (max-width: 1024px) 100vw, 1024px\" \/><\/figure>\n<\/div>\n<\/div>\n<\/div>\n\n\n\n<div style=\"height:20px\" aria-hidden=\"true\" class=\"wp-block-spacer\"><\/div>\n\n\n\n<div class=\"wp-block-columns has-ast-global-color-2-background-color has-background is-layout-flex wp-container-core-columns-is-layout-8d88fe0f wp-block-columns-is-layout-flex\" style=\"border-radius:15px;padding-top:var(--wp--preset--spacing--20);padding-bottom:var(--wp--preset--spacing--20)\">\n<div class=\"wp-block-column is-layout-flow wp-block-column-is-layout-flow\" style=\"padding-top:var(--wp--preset--spacing--30);padding-bottom:var(--wp--preset--spacing--30)\">\n<h2 class=\"wp-block-heading has-text-align-center has-ast-global-color-4-color has-text-color has-medium-font-size\" style=\"padding-top:0;padding-bottom:0\">Espig\u00f3n Atravesado Karte<\/h2>\n\n\n\n<div class=\"wp-block-columns is-layout-flex wp-container-core-columns-is-layout-28f84493 wp-block-columns-is-layout-flex\" style=\"border-radius:15px\">\n<div class=\"wp-block-column is-layout-flow wp-block-column-is-layout-flow\">\n<figure class=\"wp-block-image aligncenter size-large has-custom-border\"><a href=\"https:\/\/lapalmaisland.com\/de\/map\/?marcador=miradorespigon\"><img loading=\"lazy\" decoding=\"async\" width=\"1024\" height=\"559\" src=\"https:\/\/lapalmaisland.com\/de\/wp-content\/uploads\/sites\/2\/2024\/02\/Auf-der-interaktiven-Karte-ansehen-1024x559.webp\" alt=\"Espig\u00f3n Atravesado Karte\" class=\"wp-image-3016\" style=\"border-radius:15px\" srcset=\"https:\/\/lapalmaisland.com\/de\/wp-content\/uploads\/sites\/2\/2024\/02\/Auf-der-interaktiven-Karte-ansehen-1024x559.webp 1024w, https:\/\/lapalmaisland.com\/de\/wp-content\/uploads\/sites\/2\/2024\/02\/Auf-der-interaktiven-Karte-ansehen-300x164.webp 300w, https:\/\/lapalmaisland.com\/de\/wp-content\/uploads\/sites\/2\/2024\/02\/Auf-der-interaktiven-Karte-ansehen-768x419.webp 768w, https:\/\/lapalmaisland.com\/de\/wp-content\/uploads\/sites\/2\/2024\/02\/Auf-der-interaktiven-Karte-ansehen.webp 1100w\" sizes=\"auto, (max-width: 1024px) 100vw, 1024px\" \/><\/a><\/figure>\n<\/div>\n<\/div>\n<\/div>\n<\/div>\n\n\n\n<div style=\"height:30px\" aria-hidden=\"true\" class=\"wp-block-spacer\"><\/div>\n\n\n\n<div class=\"wp-block-uagb-social-share uagb-social-share__outer-wrap uagb-social-share__layout-horizontal uagb-block-4446023f\">\n<div class=\"wp-block-uagb-social-share-child uagb-ss-repeater uagb-ss__wrapper uagb-block-a042eff1\"><span class=\"uagb-ss__link\" data-href=\"https:\/\/www.facebook.com\/sharer.php?u=\" tabindex=\"0\" role=\"button\" aria-label=\"facebook\"><span class=\"uagb-ss__source-wrap\"><span class=\"uagb-ss__source-icon\"><svg xmlns=\"https:\/\/www.w3.org\/2000\/svg\" viewBox=\"0 0 512 512\"><path d=\"M504 256C504 119 393 8 256 8S8 119 8 256c0 123.8 90.69 226.4 209.3 245V327.7h-63V256h63v-54.64c0-62.15 37-96.48 93.67-96.48 27.14 0 55.52 4.84 55.52 4.84v61h-31.28c-30.8 0-40.41 19.12-40.41 38.73V256h68.78l-11 71.69h-57.78V501C413.3 482.4 504 379.8 504 256z\"><\/path><\/svg><\/span><\/span><\/span><\/div>\n\n\n\n<div class=\"wp-block-uagb-social-share-child uagb-ss-repeater uagb-ss__wrapper uagb-block-b37997d8\"><span class=\"uagb-ss__link\" data-href=\"https:\/\/twitter.com\/share?url=\" tabindex=\"0\" role=\"button\" aria-label=\"twitter\"><span class=\"uagb-ss__source-wrap\"><span class=\"uagb-ss__source-icon\"><svg xmlns=\"https:\/\/www.w3.org\/2000\/svg\" viewBox=\"0 0 448 512\"><path d=\"M400 32H48C21.5 32 0 53.5 0 80v352c0 26.5 21.5 48 48 48h352c26.5 0 48-21.5 48-48V80c0-26.5-21.5-48-48-48zm-48.9 158.8c.2 2.8 .2 5.7 .2 8.5 0 86.7-66 186.6-186.6 186.6-37.2 0-71.7-10.8-100.7-29.4 5.3 .6 10.4 .8 15.8 .8 30.7 0 58.9-10.4 81.4-28-28.8-.6-53-19.5-61.3-45.5 10.1 1.5 19.2 1.5 29.6-1.2-30-6.1-52.5-32.5-52.5-64.4v-.8c8.7 4.9 18.9 7.9 29.6 8.3a65.45 65.45 0 0 1 -29.2-54.6c0-12.2 3.2-23.4 8.9-33.1 32.3 39.8 80.8 65.8 135.2 68.6-9.3-44.5 24-80.6 64-80.6 18.9 0 35.9 7.9 47.9 20.7 14.8-2.8 29-8.3 41.6-15.8-4.9 15.2-15.2 28-28.8 36.1 13.2-1.4 26-5.1 37.8-10.2-8.9 13.1-20.1 24.7-32.9 34z\"><\/path><\/svg><\/span><\/span><\/span><\/div>\n\n\n\n<div class=\"wp-block-uagb-social-share-child uagb-ss-repeater uagb-ss__wrapper uagb-block-fdfff850\"><span class=\"uagb-ss__link\" data-href=\"https:\/\/pinterest.com\/pin\/create\/link\/?url=\" tabindex=\"0\" role=\"button\" aria-label=\"pinterest\"><span class=\"uagb-ss__source-wrap\"><span class=\"uagb-ss__source-icon\"><svg xmlns=\"https:\/\/www.w3.org\/2000\/svg\" viewBox=\"0 0 448 512\"><path d=\"M448 80v352c0 26.5-21.5 48-48 48H154.4c9.8-16.4 22.4-40 27.4-59.3 3-11.5 15.3-58.4 15.3-58.4 8 15.3 31.4 28.2 56.3 28.2 74.1 0 127.4-68.1 127.4-152.7 0-81.1-66.2-141.8-151.4-141.8-106 0-162.2 71.1-162.2 148.6 0 36 19.2 80.8 49.8 95.1 4.7 2.2 7.1 1.2 8.2-3.3 .8-3.4 5-20.1 6.8-27.8 .6-2.5 .3-4.6-1.7-7-10.1-12.3-18.3-34.9-18.3-56 0-54.2 41-106.6 110.9-106.6 60.3 0 102.6 41.1 102.6 99.9 0 66.4-33.5 112.4-77.2 112.4-24.1 0-42.1-19.9-36.4-44.4 6.9-29.2 20.3-60.7 20.3-81.8 0-53-75.5-45.7-75.5 25 0 21.7 7.3 36.5 7.3 36.5-31.4 132.8-36.1 134.5-29.6 192.6l2.2 .8H48c-26.5 0-48-21.5-48-48V80c0-26.5 21.5-48 48-48h352c26.5 0 48 21.5 48 48z\"><\/path><\/svg><\/span><\/span><\/span><\/div>\n\n\n\n<div class=\"wp-block-uagb-social-share-child uagb-ss-repeater uagb-ss__wrapper uagb-block-4b0c0f4f\"><span class=\"uagb-ss__link\" data-href=\"https:\/\/www.linkedin.com\/shareArticle?url=\" tabindex=\"0\" role=\"button\" aria-label=\"linkedin\"><span class=\"uagb-ss__source-wrap\"><span class=\"uagb-ss__source-icon\"><svg xmlns=\"https:\/\/www.w3.org\/2000\/svg\" viewBox=\"0 0 448 512\"><path d=\"M416 32H31.9C14.3 32 0 46.5 0 64.3v383.4C0 465.5 14.3 480 31.9 480H416c17.6 0 32-14.5 32-32.3V64.3c0-17.8-14.4-32.3-32-32.3zM135.4 416H69V202.2h66.5V416zm-33.2-243c-21.3 0-38.5-17.3-38.5-38.5S80.9 96 102.2 96c21.2 0 38.5 17.3 38.5 38.5 0 21.3-17.2 38.5-38.5 38.5zm282.1 243h-66.4V312c0-24.8-.5-56.7-34.5-56.7-34.6 0-39.9 27-39.9 54.9V416h-66.4V202.2h63.7v29.2h.9c8.9-16.8 30.6-34.5 62.9-34.5 67.2 0 79.7 44.3 79.7 101.9V416z\"><\/path><\/svg><\/span><\/span><\/span><\/div>\n\n\n\n<div class=\"wp-block-uagb-social-share-child uagb-ss-repeater uagb-ss__wrapper uagb-block-62523f5b\"><span class=\"uagb-ss__link\" data-href=\"https:\/\/telegram.me\/share\/url?url=\" tabindex=\"0\" role=\"button\" aria-label=\"telegram\"><span class=\"uagb-ss__source-wrap\"><span class=\"uagb-ss__source-icon\"><svg xmlns=\"https:\/\/www.w3.org\/2000\/svg\" viewBox=\"0 0 496 512\"><path d=\"M248 8C111 8 0 119 0 256S111 504 248 504 496 392.1 496 256 384.1 8 248 8zM362.1 176.7c-3.732 39.22-19.88 134.4-28.1 178.3-3.476 18.58-10.32 24.82-16.95 25.42-14.4 1.326-25.34-9.517-39.29-18.66-21.83-14.31-34.16-23.22-55.35-37.18-24.49-16.14-8.612-25 5.342-39.5 3.652-3.793 67.11-61.51 68.33-66.75 .153-.655 .3-3.1-1.154-4.384s-3.59-.849-5.135-.5q-3.283 .746-104.6 69.14-14.85 10.19-26.89 9.934c-8.855-.191-25.89-5.006-38.55-9.123-15.53-5.048-27.88-7.717-26.8-16.29q.84-6.7 18.45-13.7 108.4-47.25 144.6-62.3c68.87-28.65 83.18-33.62 92.51-33.79 2.052-.034 6.639 .474 9.61 2.885a10.45 10.45 0 0 1 3.53 6.716A43.76 43.76 0 0 1 362.1 176.7z\"><\/path><\/svg><\/span><\/span><\/span><\/div>\n\n\n\n<div class=\"wp-block-uagb-social-share-child uagb-ss-repeater uagb-ss__wrapper uagb-block-2d9c7c52\"><span class=\"uagb-ss__link\" data-href=\"https:\/\/api.whatsapp.com\/send?text=\" tabindex=\"0\" role=\"button\" aria-label=\"whatsapp\"><span class=\"uagb-ss__source-wrap\"><span class=\"uagb-ss__source-icon\"><svg xmlns=\"https:\/\/www.w3.org\/2000\/svg\" viewBox=\"0 0 448 512\"><path d=\"M380.9 97.1C339 55.1 283.2 32 223.9 32c-122.4 0-222 99.6-222 222 0 39.1 10.2 77.3 29.6 111L0 480l117.7-30.9c32.4 17.7 68.9 27 106.1 27h.1c122.3 0 224.1-99.6 224.1-222 0-59.3-25.2-115-67.1-157zm-157 341.6c-33.2 0-65.7-8.9-94-25.7l-6.7-4-69.8 18.3L72 359.2l-4.4-7c-18.5-29.4-28.2-63.3-28.2-98.2 0-101.7 82.8-184.5 184.6-184.5 49.3 0 95.6 19.2 130.4 54.1 34.8 34.9 56.2 81.2 56.1 130.5 0 101.8-84.9 184.6-186.6 184.6zm101.2-138.2c-5.5-2.8-32.8-16.2-37.9-18-5.1-1.9-8.8-2.8-12.5 2.8-3.7 5.6-14.3 18-17.6 21.8-3.2 3.7-6.5 4.2-12 1.4-32.6-16.3-54-29.1-75.5-66-5.7-9.8 5.7-9.1 16.3-30.3 1.8-3.7 .9-6.9-.5-9.7-1.4-2.8-12.5-30.1-17.1-41.2-4.5-10.8-9.1-9.3-12.5-9.5-3.2-.2-6.9-.2-10.6-.2-3.7 0-9.7 1.4-14.8 6.9-5.1 5.6-19.4 19-19.4 46.3 0 27.3 19.9 53.7 22.6 57.4 2.8 3.7 39.1 59.7 94.8 83.8 35.2 15.2 49 16.5 66.6 13.9 10.7-1.6 32.8-13.4 37.4-26.4 4.6-13 4.6-24.1 3.2-26.4-1.3-2.5-5-3.9-10.5-6.6z\"><\/path><\/svg><\/span><\/span><\/span><\/div>\n<\/div>\n","protected":false},"excerpt":{"rendered":"<p>Erleben Sie atemberaubende Panoramaaussichten auf La Palma vom Espigon Atravesado, umgeben vom \u00fcppigen Gr\u00fcn des Los Tilos Waldes. <\/p>\n","protected":false},"author":3,"featured_media":6600,"comment_status":"closed","ping_status":"open","sticky":false,"template":"","format":"standard","meta":{"_uag_custom_page_level_css":"","site-sidebar-layout":"default","site-content-layout":"","ast-site-content-layout":"default","site-content-style":"default","site-sidebar-style":"default","ast-global-header-display":"","ast-banner-title-visibility":"","ast-main-header-display":"","ast-hfb-above-header-display":"","ast-hfb-below-header-display":"","ast-hfb-mobile-header-display":"","site-post-title":"","ast-breadcrumbs-content":"","ast-featured-img":"disabled","footer-sml-layout":"","ast-disable-related-posts":"","theme-transparent-header-meta":"","adv-header-id-meta":"","stick-header-meta":"","header-above-stick-meta":"","header-main-stick-meta":"","header-below-stick-meta":"","astra-migrate-meta-layouts":"set","ast-page-background-enabled":"default","ast-page-background-meta":{"desktop":{"background-color":"var(--ast-global-color-4)","background-image":"","background-repeat":"repeat","background-position":"center center","background-size":"auto","background-attachment":"scroll","background-type":"","background-media":"","overlay-type":"","overlay-color":"","overlay-opacity":"","overlay-gradient":""},"tablet":{"background-color":"","background-image":"","background-repeat":"repeat","background-position":"center center","background-size":"auto","background-attachment":"scroll","background-type":"","background-media":"","overlay-type":"","overlay-color":"","overlay-opacity":"","overlay-gradient":""},"mobile":{"background-color":"","background-image":"","background-repeat":"repeat","background-position":"center center","background-size":"auto","background-attachment":"scroll","background-type":"","background-media":"","overlay-type":"","overlay-color":"","overlay-opacity":"","overlay-gradient":""}},"ast-content-background-meta":{"desktop":{"background-color":"var(--ast-global-color-5)","background-image":"","background-repeat":"repeat","background-position":"center center","background-size":"auto","background-attachment":"scroll","background-type":"","background-media":"","overlay-type":"","overlay-color":"","overlay-opacity":"","overlay-gradient":""},"tablet":{"background-color":"var(--ast-global-color-5)","background-image":"","background-repeat":"repeat","background-position":"center center","background-size":"auto","background-attachment":"scroll","background-type":"","background-media":"","overlay-type":"","overlay-color":"","overlay-opacity":"","overlay-gradient":""},"mobile":{"background-color":"var(--ast-global-color-5)","background-image":"","background-repeat":"repeat","background-position":"center center","background-size":"auto","background-attachment":"scroll","background-type":"","background-media":"","overlay-type":"","overlay-color":"","overlay-opacity":"","overlay-gradient":""}},"footnotes":""},"categories":[109],"tags":[],"class_list":["post-251","post","type-post","status-publish","format-standard","has-post-thumbnail","hentry","category-aussichtspunkt"],"yoast_head":"<!-- This site is optimized with the Yoast SEO plugin v27.4 - https:\/\/yoast.com\/product\/yoast-seo-wordpress\/ -->\n<title>AUSSICHTSPUNKT ESPIG\u00d3N ATRAVESADO LA PALMA<\/title>\n<meta name=\"description\" content=\"Entdecken Sie das unvergleichliche Naturerlebnis am Aussichtspunkt Espig\u00f3n Atravesado La Palma, einem Juwel im Herzen des Los Tilos Waldes.\" \/>\n<meta name=\"robots\" content=\"index, follow, max-snippet:-1, max-image-preview:large, max-video-preview:-1\" \/>\n<link rel=\"canonical\" href=\"https:\/\/lapalmaisland.com\/de\/aussichtspunkt-espigon-atravesado-la-palma\/\" \/>\n<meta property=\"og:locale\" content=\"de_DE\" \/>\n<meta property=\"og:type\" content=\"article\" \/>\n<meta property=\"og:title\" content=\"AUSSICHTSPUNKT ESPIG\u00d3N ATRAVESADO LA PALMA\" \/>\n<meta property=\"og:description\" content=\"Entdecken Sie das unvergleichliche Naturerlebnis am Aussichtspunkt Espig\u00f3n Atravesado La Palma, einem Juwel im Herzen des Los Tilos Waldes.\" \/>\n<meta property=\"og:url\" content=\"https:\/\/lapalmaisland.com\/de\/aussichtspunkt-espigon-atravesado-la-palma\/\" \/>\n<meta property=\"og:site_name\" content=\"La Palma Insel\" \/>\n<meta property=\"article:published_time\" content=\"2023-08-04T12:03:25+00:00\" \/>\n<meta property=\"article:modified_time\" content=\"2025-12-05T16:10:52+00:00\" \/>\n<meta property=\"og:image\" content=\"https:\/\/lapalmaisland.com\/de\/wp-content\/uploads\/sites\/2\/2025\/01\/aussichtspunkt-espigon-atraversado-la-palma.webp\" \/>\n\t<meta property=\"og:image:width\" content=\"1024\" \/>\n\t<meta property=\"og:image:height\" content=\"720\" \/>\n\t<meta property=\"og:image:type\" content=\"image\/webp\" \/>\n<meta name=\"author\" content=\"lapalmaisland\" \/>\n<meta name=\"twitter:card\" content=\"summary_large_image\" \/>\n<meta name=\"twitter:label1\" content=\"Verfasst von\" \/>\n\t<meta name=\"twitter:data1\" content=\"lapalmaisland\" \/>\n\t<meta name=\"twitter:label2\" content=\"Gesch\u00e4tzte Lesezeit\" \/>\n\t<meta name=\"twitter:data2\" content=\"3\u00a0Minuten\" \/>\n<script type=\"application\/ld+json\" class=\"yoast-schema-graph\">{\"@context\":\"https:\\\/\\\/schema.org\",\"@graph\":[{\"@type\":\"Article\",\"@id\":\"https:\\\/\\\/lapalmaisland.com\\\/de\\\/aussichtspunkt-espigon-atravesado-la-palma\\\/#article\",\"isPartOf\":{\"@id\":\"https:\\\/\\\/lapalmaisland.com\\\/de\\\/aussichtspunkt-espigon-atravesado-la-palma\\\/\"},\"author\":{\"name\":\"lapalmaisland\",\"@id\":\"https:\\\/\\\/lapalmaisland.com\\\/de\\\/#\\\/schema\\\/person\\\/c9557d1d5cf6ba5ce59ba7efbbad36d6\"},\"headline\":\"Aussichtspunkt Espig\u00f3n Atravesado La Palma\",\"datePublished\":\"2023-08-04T12:03:25+00:00\",\"dateModified\":\"2025-12-05T16:10:52+00:00\",\"mainEntityOfPage\":{\"@id\":\"https:\\\/\\\/lapalmaisland.com\\\/de\\\/aussichtspunkt-espigon-atravesado-la-palma\\\/\"},\"wordCount\":352,\"publisher\":{\"@id\":\"https:\\\/\\\/lapalmaisland.com\\\/de\\\/#organization\"},\"image\":{\"@id\":\"https:\\\/\\\/lapalmaisland.com\\\/de\\\/aussichtspunkt-espigon-atravesado-la-palma\\\/#primaryimage\"},\"thumbnailUrl\":\"https:\\\/\\\/lapalmaisland.com\\\/de\\\/wp-content\\\/uploads\\\/sites\\\/2\\\/2025\\\/01\\\/aussichtspunkt-espigon-atraversado-la-palma.webp\",\"articleSection\":[\"Aussichtspunkt\"],\"inLanguage\":\"de\"},{\"@type\":\"WebPage\",\"@id\":\"https:\\\/\\\/lapalmaisland.com\\\/de\\\/aussichtspunkt-espigon-atravesado-la-palma\\\/\",\"url\":\"https:\\\/\\\/lapalmaisland.com\\\/de\\\/aussichtspunkt-espigon-atravesado-la-palma\\\/\",\"name\":\"AUSSICHTSPUNKT ESPIG\u00d3N ATRAVESADO LA PALMA\",\"isPartOf\":{\"@id\":\"https:\\\/\\\/lapalmaisland.com\\\/de\\\/#website\"},\"primaryImageOfPage\":{\"@id\":\"https:\\\/\\\/lapalmaisland.com\\\/de\\\/aussichtspunkt-espigon-atravesado-la-palma\\\/#primaryimage\"},\"image\":{\"@id\":\"https:\\\/\\\/lapalmaisland.com\\\/de\\\/aussichtspunkt-espigon-atravesado-la-palma\\\/#primaryimage\"},\"thumbnailUrl\":\"https:\\\/\\\/lapalmaisland.com\\\/de\\\/wp-content\\\/uploads\\\/sites\\\/2\\\/2025\\\/01\\\/aussichtspunkt-espigon-atraversado-la-palma.webp\",\"datePublished\":\"2023-08-04T12:03:25+00:00\",\"dateModified\":\"2025-12-05T16:10:52+00:00\",\"description\":\"Entdecken Sie das unvergleichliche Naturerlebnis am Aussichtspunkt Espig\u00f3n Atravesado La Palma, einem Juwel im Herzen des Los Tilos Waldes.\",\"breadcrumb\":{\"@id\":\"https:\\\/\\\/lapalmaisland.com\\\/de\\\/aussichtspunkt-espigon-atravesado-la-palma\\\/#breadcrumb\"},\"inLanguage\":\"de\",\"potentialAction\":[{\"@type\":\"ReadAction\",\"target\":[\"https:\\\/\\\/lapalmaisland.com\\\/de\\\/aussichtspunkt-espigon-atravesado-la-palma\\\/\"]}]},{\"@type\":\"ImageObject\",\"inLanguage\":\"de\",\"@id\":\"https:\\\/\\\/lapalmaisland.com\\\/de\\\/aussichtspunkt-espigon-atravesado-la-palma\\\/#primaryimage\",\"url\":\"https:\\\/\\\/lapalmaisland.com\\\/de\\\/wp-content\\\/uploads\\\/sites\\\/2\\\/2025\\\/01\\\/aussichtspunkt-espigon-atraversado-la-palma.webp\",\"contentUrl\":\"https:\\\/\\\/lapalmaisland.com\\\/de\\\/wp-content\\\/uploads\\\/sites\\\/2\\\/2025\\\/01\\\/aussichtspunkt-espigon-atraversado-la-palma.webp\",\"width\":1024,\"height\":720,\"caption\":\"tilos wald aussichtspunkt\"},{\"@type\":\"BreadcrumbList\",\"@id\":\"https:\\\/\\\/lapalmaisland.com\\\/de\\\/aussichtspunkt-espigon-atravesado-la-palma\\\/#breadcrumb\",\"itemListElement\":[{\"@type\":\"ListItem\",\"position\":1,\"name\":\"Portada\",\"item\":\"https:\\\/\\\/lapalmaisland.com\\\/de\\\/\"},{\"@type\":\"ListItem\",\"position\":2,\"name\":\"Aussichtspunkt Espig\u00f3n Atravesado La Palma\"}]},{\"@type\":\"WebSite\",\"@id\":\"https:\\\/\\\/lapalmaisland.com\\\/de\\\/#website\",\"url\":\"https:\\\/\\\/lapalmaisland.com\\\/de\\\/\",\"name\":\"La Palma Insel\",\"description\":\"Entdecken Sie die faszinierende Insel La Palma: aktuelle Informationen, Reisef\u00fchrer und Aktivit\u00e4ten f\u00fcr ein unvergessliches Erlebnis.\",\"publisher\":{\"@id\":\"https:\\\/\\\/lapalmaisland.com\\\/de\\\/#organization\"},\"alternateName\":\"Die Sh\u00f6ne Insel\",\"potentialAction\":[{\"@type\":\"SearchAction\",\"target\":{\"@type\":\"EntryPoint\",\"urlTemplate\":\"https:\\\/\\\/lapalmaisland.com\\\/de\\\/?s={search_term_string}\"},\"query-input\":{\"@type\":\"PropertyValueSpecification\",\"valueRequired\":true,\"valueName\":\"search_term_string\"}}],\"inLanguage\":\"de\"},{\"@type\":\"Organization\",\"@id\":\"https:\\\/\\\/lapalmaisland.com\\\/de\\\/#organization\",\"name\":\"La Palma Insel\",\"url\":\"https:\\\/\\\/lapalmaisland.com\\\/de\\\/\",\"logo\":{\"@type\":\"ImageObject\",\"inLanguage\":\"de\",\"@id\":\"https:\\\/\\\/lapalmaisland.com\\\/de\\\/#\\\/schema\\\/logo\\\/image\\\/\",\"url\":\"https:\\\/\\\/lapalmaisland.com\\\/de\\\/wp-content\\\/uploads\\\/sites\\\/2\\\/2023\\\/08\\\/cropped-cropped-La-palma-island.png\",\"contentUrl\":\"https:\\\/\\\/lapalmaisland.com\\\/de\\\/wp-content\\\/uploads\\\/sites\\\/2\\\/2023\\\/08\\\/cropped-cropped-La-palma-island.png\",\"width\":180,\"height\":60,\"caption\":\"La Palma Insel\"},\"image\":{\"@id\":\"https:\\\/\\\/lapalmaisland.com\\\/de\\\/#\\\/schema\\\/logo\\\/image\\\/\"}},{\"@type\":\"Person\",\"@id\":\"https:\\\/\\\/lapalmaisland.com\\\/de\\\/#\\\/schema\\\/person\\\/c9557d1d5cf6ba5ce59ba7efbbad36d6\",\"name\":\"lapalmaisland\",\"image\":{\"@type\":\"ImageObject\",\"inLanguage\":\"de\",\"@id\":\"https:\\\/\\\/secure.gravatar.com\\\/avatar\\\/3907650c2aec3e3a89649d88beda991bfe30918903777d3ecdcdd90603bd91a4?s=96&d=mm&r=g\",\"url\":\"https:\\\/\\\/secure.gravatar.com\\\/avatar\\\/3907650c2aec3e3a89649d88beda991bfe30918903777d3ecdcdd90603bd91a4?s=96&d=mm&r=g\",\"contentUrl\":\"https:\\\/\\\/secure.gravatar.com\\\/avatar\\\/3907650c2aec3e3a89649d88beda991bfe30918903777d3ecdcdd90603bd91a4?s=96&d=mm&r=g\",\"caption\":\"lapalmaisland\"}}]}<\/script>\n<!-- \/ Yoast SEO plugin. -->","yoast_head_json":{"title":"AUSSICHTSPUNKT ESPIG\u00d3N ATRAVESADO LA PALMA","description":"Entdecken Sie das unvergleichliche Naturerlebnis am Aussichtspunkt Espig\u00f3n Atravesado La Palma, einem Juwel im Herzen des Los Tilos Waldes.","robots":{"index":"index","follow":"follow","max-snippet":"max-snippet:-1","max-image-preview":"max-image-preview:large","max-video-preview":"max-video-preview:-1"},"canonical":"https:\/\/lapalmaisland.com\/de\/aussichtspunkt-espigon-atravesado-la-palma\/","og_locale":"de_DE","og_type":"article","og_title":"AUSSICHTSPUNKT ESPIG\u00d3N ATRAVESADO LA PALMA","og_description":"Entdecken Sie das unvergleichliche Naturerlebnis am Aussichtspunkt Espig\u00f3n Atravesado La Palma, einem Juwel im Herzen des Los Tilos Waldes.","og_url":"https:\/\/lapalmaisland.com\/de\/aussichtspunkt-espigon-atravesado-la-palma\/","og_site_name":"La Palma Insel","article_published_time":"2023-08-04T12:03:25+00:00","article_modified_time":"2025-12-05T16:10:52+00:00","og_image":[{"width":1024,"height":720,"url":"https:\/\/lapalmaisland.com\/de\/wp-content\/uploads\/sites\/2\/2025\/01\/aussichtspunkt-espigon-atraversado-la-palma.webp","type":"image\/webp"}],"author":"lapalmaisland","twitter_card":"summary_large_image","twitter_misc":{"Verfasst von":"lapalmaisland","Gesch\u00e4tzte Lesezeit":"3\u00a0Minuten"},"schema":{"@context":"https:\/\/schema.org","@graph":[{"@type":"Article","@id":"https:\/\/lapalmaisland.com\/de\/aussichtspunkt-espigon-atravesado-la-palma\/#article","isPartOf":{"@id":"https:\/\/lapalmaisland.com\/de\/aussichtspunkt-espigon-atravesado-la-palma\/"},"author":{"name":"lapalmaisland","@id":"https:\/\/lapalmaisland.com\/de\/#\/schema\/person\/c9557d1d5cf6ba5ce59ba7efbbad36d6"},"headline":"Aussichtspunkt Espig\u00f3n Atravesado La Palma","datePublished":"2023-08-04T12:03:25+00:00","dateModified":"2025-12-05T16:10:52+00:00","mainEntityOfPage":{"@id":"https:\/\/lapalmaisland.com\/de\/aussichtspunkt-espigon-atravesado-la-palma\/"},"wordCount":352,"publisher":{"@id":"https:\/\/lapalmaisland.com\/de\/#organization"},"image":{"@id":"https:\/\/lapalmaisland.com\/de\/aussichtspunkt-espigon-atravesado-la-palma\/#primaryimage"},"thumbnailUrl":"https:\/\/lapalmaisland.com\/de\/wp-content\/uploads\/sites\/2\/2025\/01\/aussichtspunkt-espigon-atraversado-la-palma.webp","articleSection":["Aussichtspunkt"],"inLanguage":"de"},{"@type":"WebPage","@id":"https:\/\/lapalmaisland.com\/de\/aussichtspunkt-espigon-atravesado-la-palma\/","url":"https:\/\/lapalmaisland.com\/de\/aussichtspunkt-espigon-atravesado-la-palma\/","name":"AUSSICHTSPUNKT ESPIG\u00d3N ATRAVESADO LA PALMA","isPartOf":{"@id":"https:\/\/lapalmaisland.com\/de\/#website"},"primaryImageOfPage":{"@id":"https:\/\/lapalmaisland.com\/de\/aussichtspunkt-espigon-atravesado-la-palma\/#primaryimage"},"image":{"@id":"https:\/\/lapalmaisland.com\/de\/aussichtspunkt-espigon-atravesado-la-palma\/#primaryimage"},"thumbnailUrl":"https:\/\/lapalmaisland.com\/de\/wp-content\/uploads\/sites\/2\/2025\/01\/aussichtspunkt-espigon-atraversado-la-palma.webp","datePublished":"2023-08-04T12:03:25+00:00","dateModified":"2025-12-05T16:10:52+00:00","description":"Entdecken Sie das unvergleichliche Naturerlebnis am Aussichtspunkt Espig\u00f3n Atravesado La Palma, einem Juwel im Herzen des Los Tilos Waldes.","breadcrumb":{"@id":"https:\/\/lapalmaisland.com\/de\/aussichtspunkt-espigon-atravesado-la-palma\/#breadcrumb"},"inLanguage":"de","potentialAction":[{"@type":"ReadAction","target":["https:\/\/lapalmaisland.com\/de\/aussichtspunkt-espigon-atravesado-la-palma\/"]}]},{"@type":"ImageObject","inLanguage":"de","@id":"https:\/\/lapalmaisland.com\/de\/aussichtspunkt-espigon-atravesado-la-palma\/#primaryimage","url":"https:\/\/lapalmaisland.com\/de\/wp-content\/uploads\/sites\/2\/2025\/01\/aussichtspunkt-espigon-atraversado-la-palma.webp","contentUrl":"https:\/\/lapalmaisland.com\/de\/wp-content\/uploads\/sites\/2\/2025\/01\/aussichtspunkt-espigon-atraversado-la-palma.webp","width":1024,"height":720,"caption":"tilos wald aussichtspunkt"},{"@type":"BreadcrumbList","@id":"https:\/\/lapalmaisland.com\/de\/aussichtspunkt-espigon-atravesado-la-palma\/#breadcrumb","itemListElement":[{"@type":"ListItem","position":1,"name":"Portada","item":"https:\/\/lapalmaisland.com\/de\/"},{"@type":"ListItem","position":2,"name":"Aussichtspunkt Espig\u00f3n Atravesado La Palma"}]},{"@type":"WebSite","@id":"https:\/\/lapalmaisland.com\/de\/#website","url":"https:\/\/lapalmaisland.com\/de\/","name":"La Palma Insel","description":"Entdecken Sie die faszinierende Insel La Palma: aktuelle Informationen, Reisef\u00fchrer und Aktivit\u00e4ten f\u00fcr ein unvergessliches Erlebnis.","publisher":{"@id":"https:\/\/lapalmaisland.com\/de\/#organization"},"alternateName":"Die Sh\u00f6ne Insel","potentialAction":[{"@type":"SearchAction","target":{"@type":"EntryPoint","urlTemplate":"https:\/\/lapalmaisland.com\/de\/?s={search_term_string}"},"query-input":{"@type":"PropertyValueSpecification","valueRequired":true,"valueName":"search_term_string"}}],"inLanguage":"de"},{"@type":"Organization","@id":"https:\/\/lapalmaisland.com\/de\/#organization","name":"La Palma Insel","url":"https:\/\/lapalmaisland.com\/de\/","logo":{"@type":"ImageObject","inLanguage":"de","@id":"https:\/\/lapalmaisland.com\/de\/#\/schema\/logo\/image\/","url":"https:\/\/lapalmaisland.com\/de\/wp-content\/uploads\/sites\/2\/2023\/08\/cropped-cropped-La-palma-island.png","contentUrl":"https:\/\/lapalmaisland.com\/de\/wp-content\/uploads\/sites\/2\/2023\/08\/cropped-cropped-La-palma-island.png","width":180,"height":60,"caption":"La Palma Insel"},"image":{"@id":"https:\/\/lapalmaisland.com\/de\/#\/schema\/logo\/image\/"}},{"@type":"Person","@id":"https:\/\/lapalmaisland.com\/de\/#\/schema\/person\/c9557d1d5cf6ba5ce59ba7efbbad36d6","name":"lapalmaisland","image":{"@type":"ImageObject","inLanguage":"de","@id":"https:\/\/secure.gravatar.com\/avatar\/3907650c2aec3e3a89649d88beda991bfe30918903777d3ecdcdd90603bd91a4?s=96&d=mm&r=g","url":"https:\/\/secure.gravatar.com\/avatar\/3907650c2aec3e3a89649d88beda991bfe30918903777d3ecdcdd90603bd91a4?s=96&d=mm&r=g","contentUrl":"https:\/\/secure.gravatar.com\/avatar\/3907650c2aec3e3a89649d88beda991bfe30918903777d3ecdcdd90603bd91a4?s=96&d=mm&r=g","caption":"lapalmaisland"}}]}},"uagb_featured_image_src":{"full":["https:\/\/lapalmaisland.com\/de\/wp-content\/uploads\/sites\/2\/2025\/01\/aussichtspunkt-espigon-atraversado-la-palma.webp",1024,720,false],"thumbnail":["https:\/\/lapalmaisland.com\/de\/wp-content\/uploads\/sites\/2\/2025\/01\/aussichtspunkt-espigon-atraversado-la-palma-150x150.webp",150,150,true],"medium":["https:\/\/lapalmaisland.com\/de\/wp-content\/uploads\/sites\/2\/2025\/01\/aussichtspunkt-espigon-atraversado-la-palma-300x211.webp",300,211,true],"medium_large":["https:\/\/lapalmaisland.com\/de\/wp-content\/uploads\/sites\/2\/2025\/01\/aussichtspunkt-espigon-atraversado-la-palma-768x540.webp",768,540,true],"large":["https:\/\/lapalmaisland.com\/de\/wp-content\/uploads\/sites\/2\/2025\/01\/aussichtspunkt-espigon-atraversado-la-palma.webp",1024,720,false],"1536x1536":["https:\/\/lapalmaisland.com\/de\/wp-content\/uploads\/sites\/2\/2025\/01\/aussichtspunkt-espigon-atraversado-la-palma.webp",1024,720,false],"2048x2048":["https:\/\/lapalmaisland.com\/de\/wp-content\/uploads\/sites\/2\/2025\/01\/aussichtspunkt-espigon-atraversado-la-palma.webp",1024,720,false]},"uagb_author_info":{"display_name":"lapalmaisland","author_link":"https:\/\/lapalmaisland.com\/de\/author\/lapalmaisland\/"},"uagb_comment_info":0,"uagb_excerpt":"Erleben Sie atemberaubende Panoramaaussichten auf La Palma vom Espigon Atravesado, umgeben vom \u00fcppigen Gr\u00fcn des Los Tilos Waldes.","_links":{"self":[{"href":"https:\/\/lapalmaisland.com\/de\/wp-json\/wp\/v2\/posts\/251","targetHints":{"allow":["GET"]}}],"collection":[{"href":"https:\/\/lapalmaisland.com\/de\/wp-json\/wp\/v2\/posts"}],"about":[{"href":"https:\/\/lapalmaisland.com\/de\/wp-json\/wp\/v2\/types\/post"}],"author":[{"embeddable":true,"href":"https:\/\/lapalmaisland.com\/de\/wp-json\/wp\/v2\/users\/3"}],"replies":[{"embeddable":true,"href":"https:\/\/lapalmaisland.com\/de\/wp-json\/wp\/v2\/comments?post=251"}],"version-history":[{"count":13,"href":"https:\/\/lapalmaisland.com\/de\/wp-json\/wp\/v2\/posts\/251\/revisions"}],"predecessor-version":[{"id":9120,"href":"https:\/\/lapalmaisland.com\/de\/wp-json\/wp\/v2\/posts\/251\/revisions\/9120"}],"wp:featuredmedia":[{"embeddable":true,"href":"https:\/\/lapalmaisland.com\/de\/wp-json\/wp\/v2\/media\/6600"}],"wp:attachment":[{"href":"https:\/\/lapalmaisland.com\/de\/wp-json\/wp\/v2\/media?parent=251"}],"wp:term":[{"taxonomy":"category","embeddable":true,"href":"https:\/\/lapalmaisland.com\/de\/wp-json\/wp\/v2\/categories?post=251"},{"taxonomy":"post_tag","embeddable":true,"href":"https:\/\/lapalmaisland.com\/de\/wp-json\/wp\/v2\/tags?post=251"}],"curies":[{"name":"wp","href":"https:\/\/api.w.org\/{rel}","templated":true}]}}