{"id":2774,"date":"2024-01-11T16:24:40","date_gmt":"2024-01-11T16:24:40","guid":{"rendered":"https:\/\/lapalmaisland.com\/de\/?p=2774"},"modified":"2026-04-14T13:15:51","modified_gmt":"2026-04-14T13:15:51","slug":"karneval-la-palma","status":"publish","type":"post","link":"https:\/\/lapalmaisland.com\/de\/karneval-la-palma\/","title":{"rendered":"Karneval in La Palma"},"content":{"rendered":"\n<div class=\"wp-block-group alignwide has-ast-global-color-6-background-color has-background is-layout-constrained wp-block-group-is-layout-constrained\" style=\"border-radius:15px\">\n<div class=\"wp-block-group is-layout-constrained wp-block-group-is-layout-constrained\">\n<p style=\"font-size:18px\">Der Karneval auf La Palma ist weit mehr als eine Feier, er ist <strong>ein lebendiges Spektakel voller Farben, Musik und Tradition,<\/strong> das jede Ecke der Insel \u00fcber <strong>mehrere Wochen<\/strong> hinweg in festliche Stimmung versetzt. In <strong>allen Gemeinden<\/strong> finden Umz\u00fcge, Stra\u00dfenfeste, Konzerte und Veranstaltungen f\u00fcr jedes Alter statt,  vom fr\u00f6hlichen Kinderkarneval bis zu den ausgelassenen Feiern f\u00fcr alle, die jung geblieben sind.<\/p>\n\n\n\n<p style=\"font-size:18px\">Jedes Jahr wechselt das Motto des Karnevals in den einzelnen Gemeinden. Die Themen werden gemeinsam mit der Bev\u00f6lkerung und den Festkomitees ausgew\u00e4hlt. Das schafft N\u00e4he, Vielfalt und einen ganz eigenen lokalen Charakter.<\/p>\n\n\n\n<figure class=\"wp-block-image aligncenter size-full has-custom-border\"><img loading=\"lazy\" decoding=\"async\" width=\"1024\" height=\"720\" src=\"https:\/\/lapalmaisland.com\/de\/wp-content\/uploads\/sites\/2\/2024\/01\/karneval-la-palma.webp\" alt=\"karneval la palma\" class=\"wp-image-2775\" style=\"border-radius:15px\" srcset=\"https:\/\/lapalmaisland.com\/de\/wp-content\/uploads\/sites\/2\/2024\/01\/karneval-la-palma.webp 1024w, https:\/\/lapalmaisland.com\/de\/wp-content\/uploads\/sites\/2\/2024\/01\/karneval-la-palma-300x211.webp 300w, https:\/\/lapalmaisland.com\/de\/wp-content\/uploads\/sites\/2\/2024\/01\/karneval-la-palma-768x540.webp 768w\" sizes=\"auto, (max-width: 1024px) 100vw, 1024px\" \/><\/figure>\n<\/div>\n\n\n\n<div style=\"height:20px\" aria-hidden=\"true\" class=\"wp-block-spacer\"><\/div>\n\n\n\n<div class=\"wp-block-group is-layout-constrained wp-block-group-is-layout-constrained\" style=\"border-radius:15px\">\n<h2 class=\"wp-block-heading has-text-align-center has-ast-global-color-5-color has-ast-global-color-2-background-color has-text-color has-background\" style=\"padding-top:var(--wp--preset--spacing--30);padding-right:var(--wp--preset--spacing--30);padding-bottom:var(--wp--preset--spacing--30);padding-left:var(--wp--preset--spacing--30)\">Wichtige Infos zum Karneval auf La Palma<\/h2>\n\n\n\n<figure class=\"wp-block-table\"><table class=\"has-ast-global-color-4-background-color has-background has-fixed-layout\"><thead><tr><th>Element<\/th><th>Detail<\/th><\/tr><\/thead><tbody><tr><td>Wann gefeiert wird<\/td><td>Februar oder M\u00e4rz (je nach Jahr)<\/td><\/tr><tr><td>Wichtige Orte<\/td><td>Santa Cruz de La Palma, El Paso, Los Llanos, San Andr\u00e9s y Sauces, Barlovento<\/td><\/tr><tr><td>Hauptveranstaltungen<\/td><td>D\u00eda de Los Indianos, La Polvacera, Peluca-Party, Sardinen-Begr\u00e4bnis, 60er-Jahre-Hochzeit, Umz\u00fcge und Stra\u00dfenfeste<\/td><\/tr><tr><td>Dauer<\/td><td>2\u20133 Wochen (je nach Gemeinde unterschiedlich)<\/td><\/tr><tr><td>Tipps<\/td><td>Wei\u00dfe Kleidung, Babypuder, Per\u00fccke, Kamera \u2013 und vor allem: Lust auf Spa\u00df!<\/td><\/tr><\/tbody><\/table><\/figure>\n\n\n\n<h2 class=\"wp-block-heading has-text-align-center has-ast-global-color-4-color has-ast-global-color-2-background-color has-text-color has-background has-link-color wp-elements-d21318f02bfbccf11be1d477cbf6f218\" style=\"padding-top:var(--wp--preset--spacing--30);padding-right:var(--wp--preset--spacing--30);padding-bottom:var(--wp--preset--spacing--30);padding-left:var(--wp--preset--spacing--30)\">Warum du den Karneval auf La Palma nicht verpassen solltest<\/h2>\n\n\n\n<div class=\"wp-block-columns is-layout-flex wp-container-core-columns-is-layout-28f84493 wp-block-columns-is-layout-flex\">\n<div class=\"wp-block-column is-layout-flow wp-block-column-is-layout-flow\">\n<ul style=\"font-size:18px\" class=\"wp-block-list has-ast-global-color-7-background-color has-background\">\n<li style=\"padding-top:var(--wp--preset--spacing--20);padding-bottom:var(--wp--preset--spacing--20)\"><strong>In der Karnevalswoche ist an jeder Ecke etwas los: <\/strong>Umz\u00fcge, Konzerte, Feste, jeden Tag, \u00fcberall auf der Insel.<\/li>\n\n\n\n<li style=\"padding-top:var(--wp--preset--spacing--20);padding-bottom:var(--wp--preset--spacing--20)\"><strong>Die Stra\u00dfen beben im Rhythmus der Trommeln:<\/strong> Batucadas und Tanzgruppen bringen Energie und Lebensfreude.<\/li>\n\n\n\n<li style=\"padding-top:var(--wp--preset--spacing--20);padding-bottom:var(--wp--preset--spacing--20)\"><strong>Los Indianos ist weltweit kaum mit etwas anderem zu vergleichen: <\/strong>ein wei\u00dfes Meer aus Puder, Guayaberas und kubanischer Musik mitten in Santa Cruz.<\/li>\n\n\n\n<li style=\"padding-top:var(--wp--preset--spacing--20);padding-bottom:var(--wp--preset--spacing--20)\">Trotz der Menschenmengen bleibt die <strong>Atmosph\u00e4re famili\u00e4r, ruhig und sicher.<\/strong><\/li>\n\n\n\n<li style=\"padding-top:var(--wp--preset--spacing--20);padding-bottom:var(--wp--preset--spacing--20)\">W\u00e4hrend in Europa noch Winter herrscht, <strong>genie\u00dft du auf La Palma Sonne, Strand und fr\u00fchlingshafte Temperaturen.<\/strong><\/li>\n\n\n\n<li style=\"padding-top:var(--wp--preset--spacing--20);padding-bottom:var(--wp--preset--spacing--20)\"><strong>Eine Explosion der Kreativit\u00e4t:<\/strong> Kost\u00fcme und Performances \u00fcberraschen jedes Jahr mit Witz und Ideenreichtum.<\/li>\n\n\n\n<li style=\"padding-top:var(--wp--preset--spacing--20);padding-bottom:var(--wp--preset--spacing--20)\"><strong>Unvergesslich, zum Erleben und zum Fotografieren:<\/strong> Die ganze Insel wird zur Kulisse f\u00fcr unvergessliche Erinnerungen.<\/li>\n<\/ul>\n<\/div>\n\n\n\n<div class=\"wp-block-column is-layout-flow wp-block-column-is-layout-flow\" style=\"padding-top:var(--wp--preset--spacing--40);padding-bottom:var(--wp--preset--spacing--40)\">\n<figure class=\"wp-block-image aligncenter size-full has-custom-border\" style=\"margin-top:var(--wp--preset--spacing--40);margin-bottom:var(--wp--preset--spacing--40)\"><img loading=\"lazy\" decoding=\"async\" width=\"1024\" height=\"720\" src=\"https:\/\/lapalmaisland.com\/de\/wp-content\/uploads\/sites\/2\/2024\/01\/la-polvacera-fest-los-llanos.webp\" alt=\"la polvacera fest los llanos\" class=\"wp-image-2776\" style=\"border-radius:15px\" srcset=\"https:\/\/lapalmaisland.com\/de\/wp-content\/uploads\/sites\/2\/2024\/01\/la-polvacera-fest-los-llanos.webp 1024w, https:\/\/lapalmaisland.com\/de\/wp-content\/uploads\/sites\/2\/2024\/01\/la-polvacera-fest-los-llanos-300x211.webp 300w, https:\/\/lapalmaisland.com\/de\/wp-content\/uploads\/sites\/2\/2024\/01\/la-polvacera-fest-los-llanos-768x540.webp 768w\" sizes=\"auto, (max-width: 1024px) 100vw, 1024px\" \/><\/figure>\n<\/div>\n<\/div>\n<\/div>\n\n\n\n<div style=\"height:10px\" aria-hidden=\"true\" class=\"wp-block-spacer\"><\/div>\n\n\n\n<div class=\"wp-block-group is-layout-constrained wp-block-group-is-layout-constrained\" style=\"border-radius:15px\">\n<h2 class=\"wp-block-heading has-text-align-center has-ast-global-color-5-color has-ast-global-color-2-background-color has-text-color has-background\" style=\"padding-top:var(--wp--preset--spacing--30);padding-right:var(--wp--preset--spacing--30);padding-bottom:var(--wp--preset--spacing--30);padding-left:var(--wp--preset--spacing--30)\">Los Indianos: Die Seele des palmerischen Karnevals<\/h2>\n\n\n\n<p style=\"font-size:18px\">Am <strong>Rosenmontag verwandelt sich Santa Cruz de La Palma <\/strong>in eine andere Welt, mit kubanischer Musik, wei\u00dfen Kleidern, H\u00fcten, Guayaberas und einer Wolke aus Babypuder. Alle feiern die R\u00fcckkehr der reichen Auswanderer mit Humor und Stil.<br><a href=\"https:\/\/lapalmaisland.com\/de\/festeundveranstaltungen\/los-indianos-2026-karnevalsfest-in-santa-cruz-de-la-palma\/\">\u2192\u202f[Mehr \u00fcber Los Indianos erfahren]<\/a><\/p>\n\n\n\n<figure class=\"wp-block-image aligncenter size-large has-custom-border\"><img loading=\"lazy\" decoding=\"async\" width=\"1024\" height=\"614\" src=\"https:\/\/lapalmaisland.com\/de\/wp-content\/uploads\/sites\/2\/2024\/01\/Stadteingangsschild-1024x614.jpeg\" alt=\"Stadteingangsschild santa cruz\" class=\"wp-image-8217\" style=\"border-radius:15px\" srcset=\"https:\/\/lapalmaisland.com\/de\/wp-content\/uploads\/sites\/2\/2024\/01\/Stadteingangsschild-1024x614.jpeg 1024w, https:\/\/lapalmaisland.com\/de\/wp-content\/uploads\/sites\/2\/2024\/01\/Stadteingangsschild-300x180.jpeg 300w, https:\/\/lapalmaisland.com\/de\/wp-content\/uploads\/sites\/2\/2024\/01\/Stadteingangsschild-768x460.jpeg 768w, https:\/\/lapalmaisland.com\/de\/wp-content\/uploads\/sites\/2\/2024\/01\/Stadteingangsschild-1536x920.jpeg 1536w, https:\/\/lapalmaisland.com\/de\/wp-content\/uploads\/sites\/2\/2024\/01\/Stadteingangsschild.jpeg 2048w\" sizes=\"auto, (max-width: 1024px) 100vw, 1024px\" \/><\/figure>\n<\/div>\n\n\n\n<div style=\"height:10px\" aria-hidden=\"true\" class=\"wp-block-spacer\"><\/div>\n\n\n\n<h2 class=\"wp-block-heading has-text-align-center has-ast-global-color-4-color has-ast-global-color-2-background-color has-text-color has-background has-link-color wp-elements-93a0e56f67b679637e9403d6cacaa6a4\" style=\"padding-top:var(--wp--preset--spacing--30);padding-right:var(--wp--preset--spacing--30);padding-bottom:var(--wp--preset--spacing--30);padding-left:var(--wp--preset--spacing--30)\">Weitere Highlights des Karnevals auf La Palma<\/h2>\n\n\n\n<ul style=\"font-size:18px\" class=\"wp-block-list has-ast-global-color-7-background-color has-background\">\n<li style=\"padding-top:var(--wp--preset--spacing--20);padding-bottom:var(--wp--preset--spacing--20)\"><strong>Wahl der Karnevalsk\u00f6nigin<\/strong><br><strong>Los Llanos de Aridane<\/strong><br>Auf der Plaza Juan Pablo II wird jedes Jahr <strong>die Kinderk\u00f6nigin und die K\u00f6nigin der Fantasie <\/strong>gew\u00e4hlt. Diese <strong>glamour\u00f6se Gala<\/strong> er\u00f6ffnet das <a href=\"https:\/\/lapalmaisland.com\/de\/festeundveranstaltungen\/karneval-von-los-llanos-de-aridane-2026\/\">Karnevalsprogramm in Los Llanos <\/a>und ist eng mit der <strong>gro\u00dfen Polvacera<\/strong> und dem Umzug verbunden.<\/li>\n\n\n\n<li style=\"padding-top:var(--wp--preset--spacing--20);padding-bottom:var(--wp--preset--spacing--20)\"><strong>Peluca-Party (Per\u00fcckenfest)<br>El Paso &amp; Santa Cruz de La Palma<\/strong><br>In Santa Cruz eines der gr\u00f6\u00dften Events: am <strong>Freitagabend vor dem D\u00eda de Los Indianos <\/strong>f\u00fcllt sich das Festgel\u00e4nde mit Menschen in verr\u00fcckten Per\u00fccken, guter Laune und jeder Menge Musik.<\/li>\n<\/ul>\n\n\n\n<p class=\"has-text-align-center\" style=\"font-size:18px\"><a href=\"https:\/\/lapalmaisland.com\/de\/festeundveranstaltungen\/karneval-von-santa-cruz-de-la-palma-2026\/\">Karnevalsprogramm 2026 in Santa Cruz de La Palma \u2192<\/a><\/p>\n\n\n\n<figure class=\"wp-block-image aligncenter size-full has-custom-border\"><img loading=\"lazy\" decoding=\"async\" width=\"1024\" height=\"720\" src=\"https:\/\/lapalmaisland.com\/de\/wp-content\/uploads\/sites\/2\/2024\/01\/Menschen-auf-einer-Karnevalsparty.webp\" alt=\"Menschen auf einer Karnevalsparty la palma\" class=\"wp-image-7474\" style=\"border-radius:15px\" srcset=\"https:\/\/lapalmaisland.com\/de\/wp-content\/uploads\/sites\/2\/2024\/01\/Menschen-auf-einer-Karnevalsparty.webp 1024w, https:\/\/lapalmaisland.com\/de\/wp-content\/uploads\/sites\/2\/2024\/01\/Menschen-auf-einer-Karnevalsparty-300x211.webp 300w, https:\/\/lapalmaisland.com\/de\/wp-content\/uploads\/sites\/2\/2024\/01\/Menschen-auf-einer-Karnevalsparty-768x540.webp 768w\" sizes=\"auto, (max-width: 1024px) 100vw, 1024px\" \/><\/figure>\n\n\n\n<ul style=\"font-size:18px\" class=\"wp-block-list has-ast-global-color-7-background-color has-background\">\n<li style=\"padding-top:var(--wp--preset--spacing--20);padding-bottom:var(--wp--preset--spacing--20)\"><strong>Los Indianitos: Der Karneval f\u00fcr Kinder<\/strong><br><strong>Santa Cruz de La Palma<\/strong><br>Am <strong>Sonntag vor Los Indianos feiern die kleinen Indianos<\/strong> ihre eigene Party mit Umz\u00fcgen, Spielen, Talco, Konfetti und Workshops, ab 11 Uhr auf dem zentralen Festplatz.<\/li>\n\n\n\n<li style=\"padding-top:var(--wp--preset--spacing--20);padding-bottom:var(--wp--preset--spacing--20)\"><strong>60er-Jahre-Hochzeit<\/strong><br><strong>San Andr\u00e9s y Sauces<\/strong><br>Das <strong><a href=\"https:\/\/lapalmaisland.com\/de\/festeundveranstaltungen\/karneval-von-san-andres-y-sauces-2026\/\">Karnevalsprogramm von Los Sauces<\/a><\/strong> bietet eine besondere Hochzeit, zu der alle eingeladen sind. Ein <strong>fr\u00f6hliches Spektakel im Retro-Stil<\/strong> mit Brautpaar, Musik, Batucadas und einem \u00f6ffentlichen Hochzeitsbankett auf der Plaza Montserrat.<\/li>\n\n\n\n<li style=\"padding-top:var(--wp--preset--spacing--20);padding-bottom:var(--wp--preset--spacing--20)\"><strong>Drag Queen Gala<\/strong><br><strong>Los Llanos de Aridane<\/strong><br>Eine der schrillsten N\u00e4chte des Karnevals: Drag Queens pr\u00e4sentieren auf der B\u00fchne Show, Glamour und kreative Kost\u00fcme voller Charisma. <strong>Ein Fest der Vielfalt und Selbstausdruck.<\/strong><\/li>\n\n\n\n<li style=\"padding-top:var(--wp--preset--spacing--20);padding-bottom:var(--wp--preset--spacing--20)\"><strong>Sardinen-Begr\u00e4bnis (<a href=\"https:\/\/lapalmaisland.com\/de\/festeundveranstaltungen\/begraebnis-der-sardine-in-los-sauces-2026\/\">Entierro de la Sardina<\/a>)<\/strong><br><strong>Santa Cruz, Los Sauces, Barlovento, Puntallana, Galguitos<\/strong><br>Der symbolische Abschluss des Karnevals: eine riesige Sardine wird von trauernden &#8220;Witwen&#8221; begleitet und schlie\u00dflich verbrannt, mit viel Ironie, Musik und einem letzten gro\u00dfen Stra\u00dfenfest. Besonders beliebt sind die Feiern <strong>in Los Sauces(als kanarisches Kulturerbe anerkannt), Santa Cruz und Barlovento.<\/strong><\/li>\n<\/ul>\n\n\n\n<figure class=\"wp-block-image aligncenter size-full has-custom-border\"><img loading=\"lazy\" decoding=\"async\" width=\"1024\" height=\"720\" src=\"https:\/\/lapalmaisland.com\/de\/wp-content\/uploads\/sites\/2\/2024\/01\/Sardinen-Begraebnis-santa-cruz.webp\" alt=\"Sardinen-Begr\u00e4bnis (Entierro de la Sardina) in santa cruz\" class=\"wp-image-8218\" style=\"border-radius:15px\" srcset=\"https:\/\/lapalmaisland.com\/de\/wp-content\/uploads\/sites\/2\/2024\/01\/Sardinen-Begraebnis-santa-cruz.webp 1024w, https:\/\/lapalmaisland.com\/de\/wp-content\/uploads\/sites\/2\/2024\/01\/Sardinen-Begraebnis-santa-cruz-300x211.webp 300w, https:\/\/lapalmaisland.com\/de\/wp-content\/uploads\/sites\/2\/2024\/01\/Sardinen-Begraebnis-santa-cruz-768x540.webp 768w\" sizes=\"auto, (max-width: 1024px) 100vw, 1024px\" \/><\/figure>\n<\/div>\n\n\n\n<div style=\"height:30px\" aria-hidden=\"true\" class=\"wp-block-spacer\"><\/div>\n\n\n\n<div class=\"wp-block-uagb-social-share uagb-social-share__outer-wrap uagb-social-share__layout-horizontal uagb-block-4446023f\">\n<div class=\"wp-block-uagb-social-share-child uagb-ss-repeater uagb-ss__wrapper uagb-block-a042eff1\"><span class=\"uagb-ss__link\" data-href=\"https:\/\/www.facebook.com\/sharer.php?u=\" tabindex=\"0\" role=\"button\" aria-label=\"facebook\"><span class=\"uagb-ss__source-wrap\"><span class=\"uagb-ss__source-icon\"><svg xmlns=\"https:\/\/www.w3.org\/2000\/svg\" viewBox=\"0 0 512 512\"><path d=\"M504 256C504 119 393 8 256 8S8 119 8 256c0 123.8 90.69 226.4 209.3 245V327.7h-63V256h63v-54.64c0-62.15 37-96.48 93.67-96.48 27.14 0 55.52 4.84 55.52 4.84v61h-31.28c-30.8 0-40.41 19.12-40.41 38.73V256h68.78l-11 71.69h-57.78V501C413.3 482.4 504 379.8 504 256z\"><\/path><\/svg><\/span><\/span><\/span><\/div>\n\n\n\n<div class=\"wp-block-uagb-social-share-child uagb-ss-repeater uagb-ss__wrapper uagb-block-b37997d8\"><span class=\"uagb-ss__link\" data-href=\"https:\/\/twitter.com\/share?url=\" tabindex=\"0\" role=\"button\" aria-label=\"twitter\"><span class=\"uagb-ss__source-wrap\"><span class=\"uagb-ss__source-icon\"><svg xmlns=\"https:\/\/www.w3.org\/2000\/svg\" viewBox=\"0 0 448 512\"><path d=\"M400 32H48C21.5 32 0 53.5 0 80v352c0 26.5 21.5 48 48 48h352c26.5 0 48-21.5 48-48V80c0-26.5-21.5-48-48-48zm-48.9 158.8c.2 2.8 .2 5.7 .2 8.5 0 86.7-66 186.6-186.6 186.6-37.2 0-71.7-10.8-100.7-29.4 5.3 .6 10.4 .8 15.8 .8 30.7 0 58.9-10.4 81.4-28-28.8-.6-53-19.5-61.3-45.5 10.1 1.5 19.2 1.5 29.6-1.2-30-6.1-52.5-32.5-52.5-64.4v-.8c8.7 4.9 18.9 7.9 29.6 8.3a65.45 65.45 0 0 1 -29.2-54.6c0-12.2 3.2-23.4 8.9-33.1 32.3 39.8 80.8 65.8 135.2 68.6-9.3-44.5 24-80.6 64-80.6 18.9 0 35.9 7.9 47.9 20.7 14.8-2.8 29-8.3 41.6-15.8-4.9 15.2-15.2 28-28.8 36.1 13.2-1.4 26-5.1 37.8-10.2-8.9 13.1-20.1 24.7-32.9 34z\"><\/path><\/svg><\/span><\/span><\/span><\/div>\n\n\n\n<div class=\"wp-block-uagb-social-share-child uagb-ss-repeater uagb-ss__wrapper uagb-block-fdfff850\"><span class=\"uagb-ss__link\" data-href=\"https:\/\/pinterest.com\/pin\/create\/link\/?url=\" tabindex=\"0\" role=\"button\" aria-label=\"pinterest\"><span class=\"uagb-ss__source-wrap\"><span class=\"uagb-ss__source-icon\"><svg xmlns=\"https:\/\/www.w3.org\/2000\/svg\" viewBox=\"0 0 448 512\"><path d=\"M448 80v352c0 26.5-21.5 48-48 48H154.4c9.8-16.4 22.4-40 27.4-59.3 3-11.5 15.3-58.4 15.3-58.4 8 15.3 31.4 28.2 56.3 28.2 74.1 0 127.4-68.1 127.4-152.7 0-81.1-66.2-141.8-151.4-141.8-106 0-162.2 71.1-162.2 148.6 0 36 19.2 80.8 49.8 95.1 4.7 2.2 7.1 1.2 8.2-3.3 .8-3.4 5-20.1 6.8-27.8 .6-2.5 .3-4.6-1.7-7-10.1-12.3-18.3-34.9-18.3-56 0-54.2 41-106.6 110.9-106.6 60.3 0 102.6 41.1 102.6 99.9 0 66.4-33.5 112.4-77.2 112.4-24.1 0-42.1-19.9-36.4-44.4 6.9-29.2 20.3-60.7 20.3-81.8 0-53-75.5-45.7-75.5 25 0 21.7 7.3 36.5 7.3 36.5-31.4 132.8-36.1 134.5-29.6 192.6l2.2 .8H48c-26.5 0-48-21.5-48-48V80c0-26.5 21.5-48 48-48h352c26.5 0 48 21.5 48 48z\"><\/path><\/svg><\/span><\/span><\/span><\/div>\n\n\n\n<div class=\"wp-block-uagb-social-share-child uagb-ss-repeater uagb-ss__wrapper uagb-block-4b0c0f4f\"><span class=\"uagb-ss__link\" data-href=\"https:\/\/www.linkedin.com\/shareArticle?url=\" tabindex=\"0\" role=\"button\" aria-label=\"linkedin\"><span class=\"uagb-ss__source-wrap\"><span class=\"uagb-ss__source-icon\"><svg xmlns=\"https:\/\/www.w3.org\/2000\/svg\" viewBox=\"0 0 448 512\"><path d=\"M416 32H31.9C14.3 32 0 46.5 0 64.3v383.4C0 465.5 14.3 480 31.9 480H416c17.6 0 32-14.5 32-32.3V64.3c0-17.8-14.4-32.3-32-32.3zM135.4 416H69V202.2h66.5V416zm-33.2-243c-21.3 0-38.5-17.3-38.5-38.5S80.9 96 102.2 96c21.2 0 38.5 17.3 38.5 38.5 0 21.3-17.2 38.5-38.5 38.5zm282.1 243h-66.4V312c0-24.8-.5-56.7-34.5-56.7-34.6 0-39.9 27-39.9 54.9V416h-66.4V202.2h63.7v29.2h.9c8.9-16.8 30.6-34.5 62.9-34.5 67.2 0 79.7 44.3 79.7 101.9V416z\"><\/path><\/svg><\/span><\/span><\/span><\/div>\n\n\n\n<div class=\"wp-block-uagb-social-share-child uagb-ss-repeater uagb-ss__wrapper uagb-block-62523f5b\"><span class=\"uagb-ss__link\" data-href=\"https:\/\/telegram.me\/share\/url?url=\" tabindex=\"0\" role=\"button\" aria-label=\"telegram\"><span class=\"uagb-ss__source-wrap\"><span class=\"uagb-ss__source-icon\"><svg xmlns=\"https:\/\/www.w3.org\/2000\/svg\" viewBox=\"0 0 496 512\"><path d=\"M248 8C111 8 0 119 0 256S111 504 248 504 496 392.1 496 256 384.1 8 248 8zM362.1 176.7c-3.732 39.22-19.88 134.4-28.1 178.3-3.476 18.58-10.32 24.82-16.95 25.42-14.4 1.326-25.34-9.517-39.29-18.66-21.83-14.31-34.16-23.22-55.35-37.18-24.49-16.14-8.612-25 5.342-39.5 3.652-3.793 67.11-61.51 68.33-66.75 .153-.655 .3-3.1-1.154-4.384s-3.59-.849-5.135-.5q-3.283 .746-104.6 69.14-14.85 10.19-26.89 9.934c-8.855-.191-25.89-5.006-38.55-9.123-15.53-5.048-27.88-7.717-26.8-16.29q.84-6.7 18.45-13.7 108.4-47.25 144.6-62.3c68.87-28.65 83.18-33.62 92.51-33.79 2.052-.034 6.639 .474 9.61 2.885a10.45 10.45 0 0 1 3.53 6.716A43.76 43.76 0 0 1 362.1 176.7z\"><\/path><\/svg><\/span><\/span><\/span><\/div>\n\n\n\n<div class=\"wp-block-uagb-social-share-child uagb-ss-repeater uagb-ss__wrapper uagb-block-2d9c7c52\"><span class=\"uagb-ss__link\" data-href=\"https:\/\/api.whatsapp.com\/send?text=\" tabindex=\"0\" role=\"button\" aria-label=\"whatsapp\"><span class=\"uagb-ss__source-wrap\"><span class=\"uagb-ss__source-icon\"><svg xmlns=\"https:\/\/www.w3.org\/2000\/svg\" viewBox=\"0 0 448 512\"><path d=\"M380.9 97.1C339 55.1 283.2 32 223.9 32c-122.4 0-222 99.6-222 222 0 39.1 10.2 77.3 29.6 111L0 480l117.7-30.9c32.4 17.7 68.9 27 106.1 27h.1c122.3 0 224.1-99.6 224.1-222 0-59.3-25.2-115-67.1-157zm-157 341.6c-33.2 0-65.7-8.9-94-25.7l-6.7-4-69.8 18.3L72 359.2l-4.4-7c-18.5-29.4-28.2-63.3-28.2-98.2 0-101.7 82.8-184.5 184.6-184.5 49.3 0 95.6 19.2 130.4 54.1 34.8 34.9 56.2 81.2 56.1 130.5 0 101.8-84.9 184.6-186.6 184.6zm101.2-138.2c-5.5-2.8-32.8-16.2-37.9-18-5.1-1.9-8.8-2.8-12.5 2.8-3.7 5.6-14.3 18-17.6 21.8-3.2 3.7-6.5 4.2-12 1.4-32.6-16.3-54-29.1-75.5-66-5.7-9.8 5.7-9.1 16.3-30.3 1.8-3.7 .9-6.9-.5-9.7-1.4-2.8-12.5-30.1-17.1-41.2-4.5-10.8-9.1-9.3-12.5-9.5-3.2-.2-6.9-.2-10.6-.2-3.7 0-9.7 1.4-14.8 6.9-5.1 5.6-19.4 19-19.4 46.3 0 27.3 19.9 53.7 22.6 57.4 2.8 3.7 39.1 59.7 94.8 83.8 35.2 15.2 49 16.5 66.6 13.9 10.7-1.6 32.8-13.4 37.4-26.4 4.6-13 4.6-24.1 3.2-26.4-1.3-2.5-5-3.9-10.5-6.6z\"><\/path><\/svg><\/span><\/span><\/span><\/div>\n<\/div>\n","protected":false},"excerpt":{"rendered":"<p>Feiern Sie den Karneval La Palma: eine faszinierende Welt voller Farben, Rhythmen und einzigartiger Traditionen, die Sie verzaubern werden!<\/p>\n","protected":false},"author":1,"featured_media":2775,"comment_status":"closed","ping_status":"closed","sticky":false,"template":"","format":"standard","meta":{"_uag_custom_page_level_css":"","site-sidebar-layout":"default","site-content-layout":"","ast-site-content-layout":"default","site-content-style":"default","site-sidebar-style":"default","ast-global-header-display":"","ast-banner-title-visibility":"","ast-main-header-display":"","ast-hfb-above-header-display":"","ast-hfb-below-header-display":"","ast-hfb-mobile-header-display":"","site-post-title":"","ast-breadcrumbs-content":"","ast-featured-img":"disabled","footer-sml-layout":"","ast-disable-related-posts":"","theme-transparent-header-meta":"","adv-header-id-meta":"","stick-header-meta":"","header-above-stick-meta":"","header-main-stick-meta":"","header-below-stick-meta":"","astra-migrate-meta-layouts":"set","ast-page-background-enabled":"default","ast-page-background-meta":{"desktop":{"background-color":"var(--ast-global-color-4)","background-image":"","background-repeat":"repeat","background-position":"center center","background-size":"auto","background-attachment":"scroll","background-type":"","background-media":"","overlay-type":"","overlay-color":"","overlay-opacity":"","overlay-gradient":""},"tablet":{"background-color":"","background-image":"","background-repeat":"repeat","background-position":"center center","background-size":"auto","background-attachment":"scroll","background-type":"","background-media":"","overlay-type":"","overlay-color":"","overlay-opacity":"","overlay-gradient":""},"mobile":{"background-color":"","background-image":"","background-repeat":"repeat","background-position":"center center","background-size":"auto","background-attachment":"scroll","background-type":"","background-media":"","overlay-type":"","overlay-color":"","overlay-opacity":"","overlay-gradient":""}},"ast-content-background-meta":{"desktop":{"background-color":"var(--ast-global-color-5)","background-image":"","background-repeat":"repeat","background-position":"center center","background-size":"auto","background-attachment":"scroll","background-type":"","background-media":"","overlay-type":"","overlay-color":"","overlay-opacity":"","overlay-gradient":""},"tablet":{"background-color":"var(--ast-global-color-5)","background-image":"","background-repeat":"repeat","background-position":"center center","background-size":"auto","background-attachment":"scroll","background-type":"","background-media":"","overlay-type":"","overlay-color":"","overlay-opacity":"","overlay-gradient":""},"mobile":{"background-color":"var(--ast-global-color-5)","background-image":"","background-repeat":"repeat","background-position":"center center","background-size":"auto","background-attachment":"scroll","background-type":"","background-media":"","overlay-type":"","overlay-color":"","overlay-opacity":"","overlay-gradient":""}},"footnotes":""},"categories":[112],"tags":[],"class_list":["post-2774","post","type-post","status-publish","format-standard","has-post-thumbnail","hentry","category-tradicionelle-feste-auf-la-palma-und-veranstaltungen"],"yoast_head":"<!-- This site is optimized with the Yoast SEO plugin v27.5 - https:\/\/yoast.com\/product\/yoast-seo-wordpress\/ -->\n<title>KARNEVAL LA PALMA - Rhythmus, Tradition und Fr\u00f6hlichkeit<\/title>\n<meta name=\"description\" content=\"Erleben Sie den Karneval La Palma - eine farbenfrohe Explosion aus Musik, Tanz und unvergesslichen Momenten voller Magie und Freude!\" \/>\n<meta name=\"robots\" content=\"index, follow, max-snippet:-1, max-image-preview:large, max-video-preview:-1\" \/>\n<link rel=\"canonical\" href=\"https:\/\/lapalmaisland.com\/de\/karneval-la-palma\/\" \/>\n<meta property=\"og:locale\" content=\"de_DE\" \/>\n<meta property=\"og:type\" content=\"article\" \/>\n<meta property=\"og:title\" content=\"KARNEVAL LA PALMA - Rhythmus, Tradition und Fr\u00f6hlichkeit\" \/>\n<meta property=\"og:description\" content=\"Erleben Sie den Karneval La Palma - eine farbenfrohe Explosion aus Musik, Tanz und unvergesslichen Momenten voller Magie und Freude!\" \/>\n<meta property=\"og:url\" content=\"https:\/\/lapalmaisland.com\/de\/karneval-la-palma\/\" \/>\n<meta property=\"og:site_name\" content=\"La Palma Insel\" \/>\n<meta property=\"article:published_time\" content=\"2024-01-11T16:24:40+00:00\" \/>\n<meta property=\"article:modified_time\" content=\"2026-04-14T13:15:51+00:00\" \/>\n<meta property=\"og:image\" content=\"https:\/\/lapalmaisland.com\/de\/wp-content\/uploads\/sites\/2\/2024\/01\/karneval-la-palma.webp\" \/>\n\t<meta property=\"og:image:width\" content=\"1024\" \/>\n\t<meta property=\"og:image:height\" content=\"720\" \/>\n\t<meta property=\"og:image:type\" content=\"image\/webp\" \/>\n<meta name=\"author\" content=\"La Palma island\" \/>\n<meta name=\"twitter:card\" content=\"summary_large_image\" \/>\n<meta name=\"twitter:label1\" content=\"Verfasst von\" \/>\n\t<meta name=\"twitter:data1\" content=\"La Palma island\" \/>\n\t<meta name=\"twitter:label2\" content=\"Gesch\u00e4tzte Lesezeit\" \/>\n\t<meta name=\"twitter:data2\" content=\"5\u00a0Minuten\" \/>\n<script type=\"application\/ld+json\" class=\"yoast-schema-graph\">{\"@context\":\"https:\\\/\\\/schema.org\",\"@graph\":[{\"@type\":\"Article\",\"@id\":\"https:\\\/\\\/lapalmaisland.com\\\/de\\\/karneval-la-palma\\\/#article\",\"isPartOf\":{\"@id\":\"https:\\\/\\\/lapalmaisland.com\\\/de\\\/karneval-la-palma\\\/\"},\"author\":{\"name\":\"La Palma island\",\"@id\":\"https:\\\/\\\/lapalmaisland.com\\\/de\\\/#\\\/schema\\\/person\\\/d22befbeabeee2669fa56b89d4a34675\"},\"headline\":\"Karneval in La Palma\",\"datePublished\":\"2024-01-11T16:24:40+00:00\",\"dateModified\":\"2026-04-14T13:15:51+00:00\",\"mainEntityOfPage\":{\"@id\":\"https:\\\/\\\/lapalmaisland.com\\\/de\\\/karneval-la-palma\\\/\"},\"wordCount\":641,\"publisher\":{\"@id\":\"https:\\\/\\\/lapalmaisland.com\\\/de\\\/#organization\"},\"image\":{\"@id\":\"https:\\\/\\\/lapalmaisland.com\\\/de\\\/karneval-la-palma\\\/#primaryimage\"},\"thumbnailUrl\":\"https:\\\/\\\/lapalmaisland.com\\\/de\\\/wp-content\\\/uploads\\\/sites\\\/2\\\/2024\\\/01\\\/karneval-la-palma.webp\",\"articleSection\":[\"Tradicionelle Feste auf La Palma und Veranstaltungen\"],\"inLanguage\":\"de\"},{\"@type\":\"WebPage\",\"@id\":\"https:\\\/\\\/lapalmaisland.com\\\/de\\\/karneval-la-palma\\\/\",\"url\":\"https:\\\/\\\/lapalmaisland.com\\\/de\\\/karneval-la-palma\\\/\",\"name\":\"KARNEVAL LA PALMA - Rhythmus, Tradition und Fr\u00f6hlichkeit\",\"isPartOf\":{\"@id\":\"https:\\\/\\\/lapalmaisland.com\\\/de\\\/#website\"},\"primaryImageOfPage\":{\"@id\":\"https:\\\/\\\/lapalmaisland.com\\\/de\\\/karneval-la-palma\\\/#primaryimage\"},\"image\":{\"@id\":\"https:\\\/\\\/lapalmaisland.com\\\/de\\\/karneval-la-palma\\\/#primaryimage\"},\"thumbnailUrl\":\"https:\\\/\\\/lapalmaisland.com\\\/de\\\/wp-content\\\/uploads\\\/sites\\\/2\\\/2024\\\/01\\\/karneval-la-palma.webp\",\"datePublished\":\"2024-01-11T16:24:40+00:00\",\"dateModified\":\"2026-04-14T13:15:51+00:00\",\"description\":\"Erleben Sie den Karneval La Palma - eine farbenfrohe Explosion aus Musik, Tanz und unvergesslichen Momenten voller Magie und Freude!\",\"breadcrumb\":{\"@id\":\"https:\\\/\\\/lapalmaisland.com\\\/de\\\/karneval-la-palma\\\/#breadcrumb\"},\"inLanguage\":\"de\",\"potentialAction\":[{\"@type\":\"ReadAction\",\"target\":[\"https:\\\/\\\/lapalmaisland.com\\\/de\\\/karneval-la-palma\\\/\"]}]},{\"@type\":\"ImageObject\",\"inLanguage\":\"de\",\"@id\":\"https:\\\/\\\/lapalmaisland.com\\\/de\\\/karneval-la-palma\\\/#primaryimage\",\"url\":\"https:\\\/\\\/lapalmaisland.com\\\/de\\\/wp-content\\\/uploads\\\/sites\\\/2\\\/2024\\\/01\\\/karneval-la-palma.webp\",\"contentUrl\":\"https:\\\/\\\/lapalmaisland.com\\\/de\\\/wp-content\\\/uploads\\\/sites\\\/2\\\/2024\\\/01\\\/karneval-la-palma.webp\",\"width\":1024,\"height\":720,\"caption\":\"karneval la palma\"},{\"@type\":\"BreadcrumbList\",\"@id\":\"https:\\\/\\\/lapalmaisland.com\\\/de\\\/karneval-la-palma\\\/#breadcrumb\",\"itemListElement\":[{\"@type\":\"ListItem\",\"position\":1,\"name\":\"Portada\",\"item\":\"https:\\\/\\\/lapalmaisland.com\\\/de\\\/\"},{\"@type\":\"ListItem\",\"position\":2,\"name\":\"Karneval in La Palma\"}]},{\"@type\":\"WebSite\",\"@id\":\"https:\\\/\\\/lapalmaisland.com\\\/de\\\/#website\",\"url\":\"https:\\\/\\\/lapalmaisland.com\\\/de\\\/\",\"name\":\"La Palma Insel\",\"description\":\"Entdecken Sie die faszinierende Insel La Palma: aktuelle Informationen, Reisef\u00fchrer und Aktivit\u00e4ten f\u00fcr ein unvergessliches Erlebnis.\",\"publisher\":{\"@id\":\"https:\\\/\\\/lapalmaisland.com\\\/de\\\/#organization\"},\"alternateName\":\"Die Sh\u00f6ne Insel\",\"potentialAction\":[{\"@type\":\"SearchAction\",\"target\":{\"@type\":\"EntryPoint\",\"urlTemplate\":\"https:\\\/\\\/lapalmaisland.com\\\/de\\\/?s={search_term_string}\"},\"query-input\":{\"@type\":\"PropertyValueSpecification\",\"valueRequired\":true,\"valueName\":\"search_term_string\"}}],\"inLanguage\":\"de\"},{\"@type\":\"Organization\",\"@id\":\"https:\\\/\\\/lapalmaisland.com\\\/de\\\/#organization\",\"name\":\"La Palma Insel\",\"url\":\"https:\\\/\\\/lapalmaisland.com\\\/de\\\/\",\"logo\":{\"@type\":\"ImageObject\",\"inLanguage\":\"de\",\"@id\":\"https:\\\/\\\/lapalmaisland.com\\\/de\\\/#\\\/schema\\\/logo\\\/image\\\/\",\"url\":\"https:\\\/\\\/lapalmaisland.com\\\/de\\\/wp-content\\\/uploads\\\/sites\\\/2\\\/2023\\\/08\\\/cropped-cropped-La-palma-island.png\",\"contentUrl\":\"https:\\\/\\\/lapalmaisland.com\\\/de\\\/wp-content\\\/uploads\\\/sites\\\/2\\\/2023\\\/08\\\/cropped-cropped-La-palma-island.png\",\"width\":180,\"height\":60,\"caption\":\"La Palma Insel\"},\"image\":{\"@id\":\"https:\\\/\\\/lapalmaisland.com\\\/de\\\/#\\\/schema\\\/logo\\\/image\\\/\"}},{\"@type\":\"Person\",\"@id\":\"https:\\\/\\\/lapalmaisland.com\\\/de\\\/#\\\/schema\\\/person\\\/d22befbeabeee2669fa56b89d4a34675\",\"name\":\"La Palma island\",\"image\":{\"@type\":\"ImageObject\",\"inLanguage\":\"de\",\"@id\":\"https:\\\/\\\/secure.gravatar.com\\\/avatar\\\/025502d7548db870a6a8074e517c7452eb7e227815b3d3e45ea91b7415ee1c53?s=96&d=mm&r=g\",\"url\":\"https:\\\/\\\/secure.gravatar.com\\\/avatar\\\/025502d7548db870a6a8074e517c7452eb7e227815b3d3e45ea91b7415ee1c53?s=96&d=mm&r=g\",\"contentUrl\":\"https:\\\/\\\/secure.gravatar.com\\\/avatar\\\/025502d7548db870a6a8074e517c7452eb7e227815b3d3e45ea91b7415ee1c53?s=96&d=mm&r=g\",\"caption\":\"La Palma island\"},\"sameAs\":[\"https:\\\/\\\/lapalmaisland.com\"]}]}<\/script>\n<!-- \/ Yoast SEO plugin. -->","yoast_head_json":{"title":"KARNEVAL LA PALMA - Rhythmus, Tradition und Fr\u00f6hlichkeit","description":"Erleben Sie den Karneval La Palma - eine farbenfrohe Explosion aus Musik, Tanz und unvergesslichen Momenten voller Magie und Freude!","robots":{"index":"index","follow":"follow","max-snippet":"max-snippet:-1","max-image-preview":"max-image-preview:large","max-video-preview":"max-video-preview:-1"},"canonical":"https:\/\/lapalmaisland.com\/de\/karneval-la-palma\/","og_locale":"de_DE","og_type":"article","og_title":"KARNEVAL LA PALMA - Rhythmus, Tradition und Fr\u00f6hlichkeit","og_description":"Erleben Sie den Karneval La Palma - eine farbenfrohe Explosion aus Musik, Tanz und unvergesslichen Momenten voller Magie und Freude!","og_url":"https:\/\/lapalmaisland.com\/de\/karneval-la-palma\/","og_site_name":"La Palma Insel","article_published_time":"2024-01-11T16:24:40+00:00","article_modified_time":"2026-04-14T13:15:51+00:00","og_image":[{"width":1024,"height":720,"url":"https:\/\/lapalmaisland.com\/de\/wp-content\/uploads\/sites\/2\/2024\/01\/karneval-la-palma.webp","type":"image\/webp"}],"author":"La Palma island","twitter_card":"summary_large_image","twitter_misc":{"Verfasst von":"La Palma island","Gesch\u00e4tzte Lesezeit":"5\u00a0Minuten"},"schema":{"@context":"https:\/\/schema.org","@graph":[{"@type":"Article","@id":"https:\/\/lapalmaisland.com\/de\/karneval-la-palma\/#article","isPartOf":{"@id":"https:\/\/lapalmaisland.com\/de\/karneval-la-palma\/"},"author":{"name":"La Palma island","@id":"https:\/\/lapalmaisland.com\/de\/#\/schema\/person\/d22befbeabeee2669fa56b89d4a34675"},"headline":"Karneval in La Palma","datePublished":"2024-01-11T16:24:40+00:00","dateModified":"2026-04-14T13:15:51+00:00","mainEntityOfPage":{"@id":"https:\/\/lapalmaisland.com\/de\/karneval-la-palma\/"},"wordCount":641,"publisher":{"@id":"https:\/\/lapalmaisland.com\/de\/#organization"},"image":{"@id":"https:\/\/lapalmaisland.com\/de\/karneval-la-palma\/#primaryimage"},"thumbnailUrl":"https:\/\/lapalmaisland.com\/de\/wp-content\/uploads\/sites\/2\/2024\/01\/karneval-la-palma.webp","articleSection":["Tradicionelle Feste auf La Palma und Veranstaltungen"],"inLanguage":"de"},{"@type":"WebPage","@id":"https:\/\/lapalmaisland.com\/de\/karneval-la-palma\/","url":"https:\/\/lapalmaisland.com\/de\/karneval-la-palma\/","name":"KARNEVAL LA PALMA - Rhythmus, Tradition und Fr\u00f6hlichkeit","isPartOf":{"@id":"https:\/\/lapalmaisland.com\/de\/#website"},"primaryImageOfPage":{"@id":"https:\/\/lapalmaisland.com\/de\/karneval-la-palma\/#primaryimage"},"image":{"@id":"https:\/\/lapalmaisland.com\/de\/karneval-la-palma\/#primaryimage"},"thumbnailUrl":"https:\/\/lapalmaisland.com\/de\/wp-content\/uploads\/sites\/2\/2024\/01\/karneval-la-palma.webp","datePublished":"2024-01-11T16:24:40+00:00","dateModified":"2026-04-14T13:15:51+00:00","description":"Erleben Sie den Karneval La Palma - eine farbenfrohe Explosion aus Musik, Tanz und unvergesslichen Momenten voller Magie und Freude!","breadcrumb":{"@id":"https:\/\/lapalmaisland.com\/de\/karneval-la-palma\/#breadcrumb"},"inLanguage":"de","potentialAction":[{"@type":"ReadAction","target":["https:\/\/lapalmaisland.com\/de\/karneval-la-palma\/"]}]},{"@type":"ImageObject","inLanguage":"de","@id":"https:\/\/lapalmaisland.com\/de\/karneval-la-palma\/#primaryimage","url":"https:\/\/lapalmaisland.com\/de\/wp-content\/uploads\/sites\/2\/2024\/01\/karneval-la-palma.webp","contentUrl":"https:\/\/lapalmaisland.com\/de\/wp-content\/uploads\/sites\/2\/2024\/01\/karneval-la-palma.webp","width":1024,"height":720,"caption":"karneval la palma"},{"@type":"BreadcrumbList","@id":"https:\/\/lapalmaisland.com\/de\/karneval-la-palma\/#breadcrumb","itemListElement":[{"@type":"ListItem","position":1,"name":"Portada","item":"https:\/\/lapalmaisland.com\/de\/"},{"@type":"ListItem","position":2,"name":"Karneval in La Palma"}]},{"@type":"WebSite","@id":"https:\/\/lapalmaisland.com\/de\/#website","url":"https:\/\/lapalmaisland.com\/de\/","name":"La Palma Insel","description":"Entdecken Sie die faszinierende Insel La Palma: aktuelle Informationen, Reisef\u00fchrer und Aktivit\u00e4ten f\u00fcr ein unvergessliches Erlebnis.","publisher":{"@id":"https:\/\/lapalmaisland.com\/de\/#organization"},"alternateName":"Die Sh\u00f6ne Insel","potentialAction":[{"@type":"SearchAction","target":{"@type":"EntryPoint","urlTemplate":"https:\/\/lapalmaisland.com\/de\/?s={search_term_string}"},"query-input":{"@type":"PropertyValueSpecification","valueRequired":true,"valueName":"search_term_string"}}],"inLanguage":"de"},{"@type":"Organization","@id":"https:\/\/lapalmaisland.com\/de\/#organization","name":"La Palma Insel","url":"https:\/\/lapalmaisland.com\/de\/","logo":{"@type":"ImageObject","inLanguage":"de","@id":"https:\/\/lapalmaisland.com\/de\/#\/schema\/logo\/image\/","url":"https:\/\/lapalmaisland.com\/de\/wp-content\/uploads\/sites\/2\/2023\/08\/cropped-cropped-La-palma-island.png","contentUrl":"https:\/\/lapalmaisland.com\/de\/wp-content\/uploads\/sites\/2\/2023\/08\/cropped-cropped-La-palma-island.png","width":180,"height":60,"caption":"La Palma Insel"},"image":{"@id":"https:\/\/lapalmaisland.com\/de\/#\/schema\/logo\/image\/"}},{"@type":"Person","@id":"https:\/\/lapalmaisland.com\/de\/#\/schema\/person\/d22befbeabeee2669fa56b89d4a34675","name":"La Palma island","image":{"@type":"ImageObject","inLanguage":"de","@id":"https:\/\/secure.gravatar.com\/avatar\/025502d7548db870a6a8074e517c7452eb7e227815b3d3e45ea91b7415ee1c53?s=96&d=mm&r=g","url":"https:\/\/secure.gravatar.com\/avatar\/025502d7548db870a6a8074e517c7452eb7e227815b3d3e45ea91b7415ee1c53?s=96&d=mm&r=g","contentUrl":"https:\/\/secure.gravatar.com\/avatar\/025502d7548db870a6a8074e517c7452eb7e227815b3d3e45ea91b7415ee1c53?s=96&d=mm&r=g","caption":"La Palma island"},"sameAs":["https:\/\/lapalmaisland.com"]}]}},"uagb_featured_image_src":{"full":["https:\/\/lapalmaisland.com\/de\/wp-content\/uploads\/sites\/2\/2024\/01\/karneval-la-palma.webp",1024,720,false],"thumbnail":["https:\/\/lapalmaisland.com\/de\/wp-content\/uploads\/sites\/2\/2024\/01\/karneval-la-palma-150x150.webp",150,150,true],"medium":["https:\/\/lapalmaisland.com\/de\/wp-content\/uploads\/sites\/2\/2024\/01\/karneval-la-palma-300x211.webp",300,211,true],"medium_large":["https:\/\/lapalmaisland.com\/de\/wp-content\/uploads\/sites\/2\/2024\/01\/karneval-la-palma-768x540.webp",768,540,true],"large":["https:\/\/lapalmaisland.com\/de\/wp-content\/uploads\/sites\/2\/2024\/01\/karneval-la-palma.webp",1024,720,false],"1536x1536":["https:\/\/lapalmaisland.com\/de\/wp-content\/uploads\/sites\/2\/2024\/01\/karneval-la-palma.webp",1024,720,false],"2048x2048":["https:\/\/lapalmaisland.com\/de\/wp-content\/uploads\/sites\/2\/2024\/01\/karneval-la-palma.webp",1024,720,false]},"uagb_author_info":{"display_name":"La Palma island","author_link":"https:\/\/lapalmaisland.com\/de\/author\/alewebtenerife\/"},"uagb_comment_info":0,"uagb_excerpt":"Feiern Sie den Karneval La Palma: eine faszinierende Welt voller Farben, Rhythmen und einzigartiger Traditionen, die Sie verzaubern werden!","_links":{"self":[{"href":"https:\/\/lapalmaisland.com\/de\/wp-json\/wp\/v2\/posts\/2774","targetHints":{"allow":["GET"]}}],"collection":[{"href":"https:\/\/lapalmaisland.com\/de\/wp-json\/wp\/v2\/posts"}],"about":[{"href":"https:\/\/lapalmaisland.com\/de\/wp-json\/wp\/v2\/types\/post"}],"author":[{"embeddable":true,"href":"https:\/\/lapalmaisland.com\/de\/wp-json\/wp\/v2\/users\/1"}],"replies":[{"embeddable":true,"href":"https:\/\/lapalmaisland.com\/de\/wp-json\/wp\/v2\/comments?post=2774"}],"version-history":[{"count":23,"href":"https:\/\/lapalmaisland.com\/de\/wp-json\/wp\/v2\/posts\/2774\/revisions"}],"predecessor-version":[{"id":9468,"href":"https:\/\/lapalmaisland.com\/de\/wp-json\/wp\/v2\/posts\/2774\/revisions\/9468"}],"wp:featuredmedia":[{"embeddable":true,"href":"https:\/\/lapalmaisland.com\/de\/wp-json\/wp\/v2\/media\/2775"}],"wp:attachment":[{"href":"https:\/\/lapalmaisland.com\/de\/wp-json\/wp\/v2\/media?parent=2774"}],"wp:term":[{"taxonomy":"category","embeddable":true,"href":"https:\/\/lapalmaisland.com\/de\/wp-json\/wp\/v2\/categories?post=2774"},{"taxonomy":"post_tag","embeddable":true,"href":"https:\/\/lapalmaisland.com\/de\/wp-json\/wp\/v2\/tags?post=2774"}],"curies":[{"name":"wp","href":"https:\/\/api.w.org\/{rel}","templated":true}]}}