{"id":410,"date":"2023-08-09T15:02:17","date_gmt":"2023-08-09T15:02:17","guid":{"rendered":"https:\/\/lapalmaisland.com\/de\/?p=410"},"modified":"2026-04-19T08:42:20","modified_gmt":"2026-04-19T08:42:20","slug":"tanz-des-teufels-la-palma","status":"publish","type":"post","link":"https:\/\/lapalmaisland.com\/de\/tanz-des-teufels-la-palma\/","title":{"rendered":"Tanz des Teufels La Palma"},"content":{"rendered":"\n<div class=\"inherit-container-width wp-block-group has-ast-global-color-6-background-color has-background is-layout-constrained wp-block-group-is-layout-constrained\" style=\"border-radius:15px\">\n<p style=\"font-size:18px\"><strong>In den fr\u00fchen Morgenstunden des 8. September erstrahlt <a href=\"https:\/\/lapalmaisland.com\/de\/gemeinden\/tijarafe-gemeinde\/\">Tijarafe<\/a> in Feuer, Rhythmus und Emotionen.<\/strong> Es ist eine der intensivsten N\u00e4chte des Jahres: der Tanz des Teufels.<strong> Im Herzen der Fiestas zu Ehren der Nuestra Se\u00f1ora de la Candelaria<\/strong> fasziniert dieser pyrotechnische Tanz Einheimische und Besucher mit Energie und volkst\u00fcmlicher Bedeutung.<\/p>\n\n\n\n<figure class=\"wp-block-image aligncenter size-full has-custom-border\"><img loading=\"lazy\" decoding=\"async\" width=\"1024\" height=\"720\" src=\"https:\/\/lapalmaisland.com\/de\/wp-content\/uploads\/sites\/2\/2023\/08\/tanz-des-teufels-la-palma.webp\" alt=\"la palma tanz des teufels\" class=\"wp-image-6669\" style=\"border-radius:15px\" srcset=\"https:\/\/lapalmaisland.com\/de\/wp-content\/uploads\/sites\/2\/2023\/08\/tanz-des-teufels-la-palma.webp 1024w, https:\/\/lapalmaisland.com\/de\/wp-content\/uploads\/sites\/2\/2023\/08\/tanz-des-teufels-la-palma-300x211.webp 300w, https:\/\/lapalmaisland.com\/de\/wp-content\/uploads\/sites\/2\/2023\/08\/tanz-des-teufels-la-palma-768x540.webp 768w\" sizes=\"auto, (max-width: 1024px) 100vw, 1024px\" \/><\/figure>\n\n\n\n<div style=\"height:20px\" aria-hidden=\"true\" class=\"wp-block-spacer\"><\/div>\n\n\n\n<h2 class=\"wp-block-heading has-text-align-center has-ast-global-color-5-color has-ast-global-color-2-background-color has-text-color has-background\" style=\"padding-top:var(--wp--preset--spacing--30);padding-right:var(--wp--preset--spacing--30);padding-bottom:var(--wp--preset--spacing--30);padding-left:var(--wp--preset--spacing--30)\">Der H\u00f6hepunkt: Musik, Feuer und der Sieg des Guten<\/h2>\n\n\n\n<p style=\"font-size:18px\"><strong>Gegen 3:00 Uhr erreicht die verbena ihren emotionalsten Moment<\/strong>. Eine besondere, vertraute Melodie k\u00fcndigt das Kommende an. Riesen und Gro\u00dfkopfmasken bahnen sich ihren Weg durch die Menge.<\/p>\n\n\n\n<p style=\"font-size:18px\"><strong>Dann erscheint er: der Teufel. <\/strong>Eine imposante Figur, bedeckt mit Feuerwerksk\u00f6rpern, tanzt wild zwischen den Menschen. Funken spr\u00fchen, Drehungen und Explosionen f\u00fcllen rund zwanzig Minuten die Nacht.<\/p>\n\n\n\n<p style=\"font-size:18px\">Doch er bleibt nicht allein. <strong>Die Jungfrau von Candelaria, Patronin von Tijarafe, betritt die Szene. Sie steht f\u00fcr das Gute und das Licht. Ihre ruhige Pr\u00e4senz beendet das Chaos: Der Kopf des Teufels explodiert in einem Feuerregen<\/strong>. Applaus und Jubel feiern symbolisch den Sieg des Guten \u00fcber das B\u00f6se.<\/p>\n\n\n\n<h2 class=\"wp-block-heading has-text-align-center has-ast-global-color-4-color has-ast-global-color-2-background-color has-text-color has-background has-link-color wp-elements-fa62e88469fc2fb5dca037e0810e2f17\" style=\"padding-top:var(--wp--preset--spacing--30);padding-right:var(--wp--preset--spacing--30);padding-bottom:var(--wp--preset--spacing--30);padding-left:var(--wp--preset--spacing--30)\">Ursprung des Festes<\/h2>\n\n\n\n<p style=\"font-size:18px\"><strong>Die Geschichte begann 1923.<\/strong> Drei vision\u00e4re Nachbarn, Antonio Cruz, Pedro Brito und Orosio Mart\u00edn, erschufen ein Ger\u00fcst aus Rohr und S\u00e4cken. Buntes Papier und raffinierte pyrotechnische Mechanismen machten daraus eine Figur, die bald fest im Volksgeist verankert war.<\/p>\n\n\n\n<h2 class=\"wp-block-heading has-text-align-center has-ast-global-color-4-color has-ast-global-color-2-background-color has-text-color has-background has-link-color wp-elements-fbc446fb0286055821e3700445bb4c82\" style=\"padding-top:var(--wp--preset--spacing--20);padding-right:var(--wp--preset--spacing--30);padding-bottom:var(--wp--preset--spacing--20);padding-left:var(--wp--preset--spacing--30)\">Als Kulturerbe anerkannt<\/h2>\n\n\n\n<p style=\"font-size:18px\">2007 wurde der Tanz des Teufels zum Bien de Inter\u00e9s Cultural erkl\u00e4rt.<strong> 2011 folgte die Anerkennung als Fiesta de Inter\u00e9s Tur\u00edstico de Canarias<\/strong>. Zur 100. Ausgabe 2023 kamen \u00fcber 8.000 Menschen, selbst an einem Werktag. Das Fest spricht mit der Stimme des Volkes.<\/p>\n\n\n\n<h2 class=\"wp-block-heading has-text-align-center has-ast-global-color-4-color has-ast-global-color-2-background-color has-text-color has-background has-link-color wp-elements-ed02b6dafb2a9c6f54128d10f162700c\" style=\"padding-top:var(--wp--preset--spacing--30);padding-right:var(--wp--preset--spacing--30);padding-bottom:var(--wp--preset--spacing--30);padding-left:var(--wp--preset--spacing--30)\">Was man bei der Danza del Diablo erleben kann<\/h2>\n\n\n\n<div class=\"wp-block-columns is-layout-flex wp-container-core-columns-is-layout-28f84493 wp-block-columns-is-layout-flex\">\n<div class=\"wp-block-column is-layout-flow wp-block-column-is-layout-flow\">\n<ul style=\"font-size:18px\" class=\"wp-block-list has-ast-global-color-7-background-color has-background\">\n<li style=\"padding-top:var(--wp--preset--spacing--20);padding-bottom:var(--wp--preset--spacing--20)\"><strong>H\u00f6hepunkt:<\/strong> Um 3:00 Uhr tauchen Riesen und Gro\u00dfkopfmasken auf. Der Teufel entfesselt ein Feuerwerk, bis sein Kopf explodiert.<\/li>\n\n\n\n<li style=\"padding-top:var(--wp--preset--spacing--20);padding-bottom:var(--wp--preset--spacing--20)\"><strong>Hauptakteure: <\/strong>Freiwillige aus dem Dorf verk\u00f6rpern den Teufel, laden Feuerwerk und tanzen zwanzig intensive Minuten.<\/li>\n\n\n\n<li style=\"padding-top:var(--wp--preset--spacing--20);padding-bottom:var(--wp--preset--spacing--20)\"><strong>Lokales Symbol: <\/strong>Der Teufel ist im Wappen von Tijarafe verewigt, ein festliches Wahrzeichen.<\/li>\n\n\n\n<li style=\"padding-top:var(--wp--preset--spacing--20);padding-bottom:var(--wp--preset--spacing--20)\"><strong>Emotionale Verbindung:<\/strong> Enkel ehemaliger \u201eTeufel\u201c oder Riesen erinnern sich stolz an diese ehrenvolle Rolle.<\/li>\n<\/ul>\n<\/div>\n\n\n\n<div class=\"wp-block-column is-layout-flow wp-block-column-is-layout-flow\">\n<div style=\"display:flex; justify-content:center;\"> <iframe loading=\"lazy\" width=\"560\" height=\"315\" src=\"https:\/\/www.youtube.com\/embed\/3ADYGW2qzDo?si=a01gRgLiiFay-C-J\" title=\"YouTube video player\" frameborder=\"0\" allow=\"accelerometer; autoplay; clipboard-write; encrypted-media; gyroscope; picture-in-picture; web-share\" referrerpolicy=\"strict-origin-when-cross-origin\" allowfullscreen><\/iframe><\/div>\n<\/div>\n<\/div>\n\n\n\n<h3 class=\"wp-block-heading has-text-align-center has-ast-global-color-4-color has-ast-global-color-2-background-color has-text-color has-background has-link-color wp-elements-ac51f9086303041ecf5c72850a4bfed4\" style=\"padding-top:var(--wp--preset--spacing--30);padding-right:var(--wp--preset--spacing--30);padding-bottom:var(--wp--preset--spacing--30);padding-left:var(--wp--preset--spacing--30)\">Craft-Bier mit Festtagsseele: \u201eDanza del Diablo\u201c<\/h3>\n\n\n\n<p style=\"font-size:18px\">Zu Ehren dieser Tradition braut die <strong><a href=\"https:\/\/lapalmaisland.com\/de\/souvenirs\/bier-aus-la-palma\/\">Brauerei Isla Verde in Tijarafe<\/a> seit 2010 ein schwarzes Craft-Bier gleichen Namens.<\/strong> Es ist ein nat\u00fcrliches Doppelmalz-Ale mit ger\u00f6stetem, intensivem und leicht bitterem Charakter. Perfekt zu gereiftem K\u00e4se oder herzhaften Gerichten.<\/p>\n\n\n\n<p style=\"font-size:18px\">Dieses Bier ist mehr als ein Getr\u00e4nk, es vereint den lokalen Geschmack mit der festlichen Identit\u00e4t von La Palma.<\/p>\n<\/div>\n\n\n\n<div style=\"height:30px\" aria-hidden=\"true\" class=\"wp-block-spacer\"><\/div>\n\n\n\n<div class=\"wp-block-uagb-social-share uagb-social-share__outer-wrap uagb-social-share__layout-horizontal uagb-block-4446023f\">\n<div class=\"wp-block-uagb-social-share-child uagb-ss-repeater uagb-ss__wrapper uagb-block-a042eff1\"><span class=\"uagb-ss__link\" data-href=\"https:\/\/www.facebook.com\/sharer.php?u=\" tabindex=\"0\" role=\"button\" aria-label=\"facebook\"><span class=\"uagb-ss__source-wrap\"><span class=\"uagb-ss__source-icon\"><svg xmlns=\"https:\/\/www.w3.org\/2000\/svg\" viewBox=\"0 0 512 512\"><path d=\"M504 256C504 119 393 8 256 8S8 119 8 256c0 123.8 90.69 226.4 209.3 245V327.7h-63V256h63v-54.64c0-62.15 37-96.48 93.67-96.48 27.14 0 55.52 4.84 55.52 4.84v61h-31.28c-30.8 0-40.41 19.12-40.41 38.73V256h68.78l-11 71.69h-57.78V501C413.3 482.4 504 379.8 504 256z\"><\/path><\/svg><\/span><\/span><\/span><\/div>\n\n\n\n<div class=\"wp-block-uagb-social-share-child uagb-ss-repeater uagb-ss__wrapper uagb-block-b37997d8\"><span class=\"uagb-ss__link\" data-href=\"https:\/\/twitter.com\/share?url=\" tabindex=\"0\" role=\"button\" aria-label=\"twitter\"><span class=\"uagb-ss__source-wrap\"><span class=\"uagb-ss__source-icon\"><svg xmlns=\"https:\/\/www.w3.org\/2000\/svg\" viewBox=\"0 0 448 512\"><path d=\"M400 32H48C21.5 32 0 53.5 0 80v352c0 26.5 21.5 48 48 48h352c26.5 0 48-21.5 48-48V80c0-26.5-21.5-48-48-48zm-48.9 158.8c.2 2.8 .2 5.7 .2 8.5 0 86.7-66 186.6-186.6 186.6-37.2 0-71.7-10.8-100.7-29.4 5.3 .6 10.4 .8 15.8 .8 30.7 0 58.9-10.4 81.4-28-28.8-.6-53-19.5-61.3-45.5 10.1 1.5 19.2 1.5 29.6-1.2-30-6.1-52.5-32.5-52.5-64.4v-.8c8.7 4.9 18.9 7.9 29.6 8.3a65.45 65.45 0 0 1 -29.2-54.6c0-12.2 3.2-23.4 8.9-33.1 32.3 39.8 80.8 65.8 135.2 68.6-9.3-44.5 24-80.6 64-80.6 18.9 0 35.9 7.9 47.9 20.7 14.8-2.8 29-8.3 41.6-15.8-4.9 15.2-15.2 28-28.8 36.1 13.2-1.4 26-5.1 37.8-10.2-8.9 13.1-20.1 24.7-32.9 34z\"><\/path><\/svg><\/span><\/span><\/span><\/div>\n\n\n\n<div class=\"wp-block-uagb-social-share-child uagb-ss-repeater uagb-ss__wrapper uagb-block-fdfff850\"><span class=\"uagb-ss__link\" data-href=\"https:\/\/pinterest.com\/pin\/create\/link\/?url=\" tabindex=\"0\" role=\"button\" aria-label=\"pinterest\"><span class=\"uagb-ss__source-wrap\"><span class=\"uagb-ss__source-icon\"><svg xmlns=\"https:\/\/www.w3.org\/2000\/svg\" viewBox=\"0 0 448 512\"><path d=\"M448 80v352c0 26.5-21.5 48-48 48H154.4c9.8-16.4 22.4-40 27.4-59.3 3-11.5 15.3-58.4 15.3-58.4 8 15.3 31.4 28.2 56.3 28.2 74.1 0 127.4-68.1 127.4-152.7 0-81.1-66.2-141.8-151.4-141.8-106 0-162.2 71.1-162.2 148.6 0 36 19.2 80.8 49.8 95.1 4.7 2.2 7.1 1.2 8.2-3.3 .8-3.4 5-20.1 6.8-27.8 .6-2.5 .3-4.6-1.7-7-10.1-12.3-18.3-34.9-18.3-56 0-54.2 41-106.6 110.9-106.6 60.3 0 102.6 41.1 102.6 99.9 0 66.4-33.5 112.4-77.2 112.4-24.1 0-42.1-19.9-36.4-44.4 6.9-29.2 20.3-60.7 20.3-81.8 0-53-75.5-45.7-75.5 25 0 21.7 7.3 36.5 7.3 36.5-31.4 132.8-36.1 134.5-29.6 192.6l2.2 .8H48c-26.5 0-48-21.5-48-48V80c0-26.5 21.5-48 48-48h352c26.5 0 48 21.5 48 48z\"><\/path><\/svg><\/span><\/span><\/span><\/div>\n\n\n\n<div class=\"wp-block-uagb-social-share-child uagb-ss-repeater uagb-ss__wrapper uagb-block-4b0c0f4f\"><span class=\"uagb-ss__link\" data-href=\"https:\/\/www.linkedin.com\/shareArticle?url=\" tabindex=\"0\" role=\"button\" aria-label=\"linkedin\"><span class=\"uagb-ss__source-wrap\"><span class=\"uagb-ss__source-icon\"><svg xmlns=\"https:\/\/www.w3.org\/2000\/svg\" viewBox=\"0 0 448 512\"><path d=\"M416 32H31.9C14.3 32 0 46.5 0 64.3v383.4C0 465.5 14.3 480 31.9 480H416c17.6 0 32-14.5 32-32.3V64.3c0-17.8-14.4-32.3-32-32.3zM135.4 416H69V202.2h66.5V416zm-33.2-243c-21.3 0-38.5-17.3-38.5-38.5S80.9 96 102.2 96c21.2 0 38.5 17.3 38.5 38.5 0 21.3-17.2 38.5-38.5 38.5zm282.1 243h-66.4V312c0-24.8-.5-56.7-34.5-56.7-34.6 0-39.9 27-39.9 54.9V416h-66.4V202.2h63.7v29.2h.9c8.9-16.8 30.6-34.5 62.9-34.5 67.2 0 79.7 44.3 79.7 101.9V416z\"><\/path><\/svg><\/span><\/span><\/span><\/div>\n\n\n\n<div class=\"wp-block-uagb-social-share-child uagb-ss-repeater uagb-ss__wrapper uagb-block-62523f5b\"><span class=\"uagb-ss__link\" data-href=\"https:\/\/telegram.me\/share\/url?url=\" tabindex=\"0\" role=\"button\" aria-label=\"telegram\"><span class=\"uagb-ss__source-wrap\"><span class=\"uagb-ss__source-icon\"><svg xmlns=\"https:\/\/www.w3.org\/2000\/svg\" viewBox=\"0 0 496 512\"><path d=\"M248 8C111 8 0 119 0 256S111 504 248 504 496 392.1 496 256 384.1 8 248 8zM362.1 176.7c-3.732 39.22-19.88 134.4-28.1 178.3-3.476 18.58-10.32 24.82-16.95 25.42-14.4 1.326-25.34-9.517-39.29-18.66-21.83-14.31-34.16-23.22-55.35-37.18-24.49-16.14-8.612-25 5.342-39.5 3.652-3.793 67.11-61.51 68.33-66.75 .153-.655 .3-3.1-1.154-4.384s-3.59-.849-5.135-.5q-3.283 .746-104.6 69.14-14.85 10.19-26.89 9.934c-8.855-.191-25.89-5.006-38.55-9.123-15.53-5.048-27.88-7.717-26.8-16.29q.84-6.7 18.45-13.7 108.4-47.25 144.6-62.3c68.87-28.65 83.18-33.62 92.51-33.79 2.052-.034 6.639 .474 9.61 2.885a10.45 10.45 0 0 1 3.53 6.716A43.76 43.76 0 0 1 362.1 176.7z\"><\/path><\/svg><\/span><\/span><\/span><\/div>\n\n\n\n<div class=\"wp-block-uagb-social-share-child uagb-ss-repeater uagb-ss__wrapper uagb-block-2d9c7c52\"><span class=\"uagb-ss__link\" data-href=\"https:\/\/api.whatsapp.com\/send?text=\" tabindex=\"0\" role=\"button\" aria-label=\"whatsapp\"><span class=\"uagb-ss__source-wrap\"><span class=\"uagb-ss__source-icon\"><svg xmlns=\"https:\/\/www.w3.org\/2000\/svg\" viewBox=\"0 0 448 512\"><path d=\"M380.9 97.1C339 55.1 283.2 32 223.9 32c-122.4 0-222 99.6-222 222 0 39.1 10.2 77.3 29.6 111L0 480l117.7-30.9c32.4 17.7 68.9 27 106.1 27h.1c122.3 0 224.1-99.6 224.1-222 0-59.3-25.2-115-67.1-157zm-157 341.6c-33.2 0-65.7-8.9-94-25.7l-6.7-4-69.8 18.3L72 359.2l-4.4-7c-18.5-29.4-28.2-63.3-28.2-98.2 0-101.7 82.8-184.5 184.6-184.5 49.3 0 95.6 19.2 130.4 54.1 34.8 34.9 56.2 81.2 56.1 130.5 0 101.8-84.9 184.6-186.6 184.6zm101.2-138.2c-5.5-2.8-32.8-16.2-37.9-18-5.1-1.9-8.8-2.8-12.5 2.8-3.7 5.6-14.3 18-17.6 21.8-3.2 3.7-6.5 4.2-12 1.4-32.6-16.3-54-29.1-75.5-66-5.7-9.8 5.7-9.1 16.3-30.3 1.8-3.7 .9-6.9-.5-9.7-1.4-2.8-12.5-30.1-17.1-41.2-4.5-10.8-9.1-9.3-12.5-9.5-3.2-.2-6.9-.2-10.6-.2-3.7 0-9.7 1.4-14.8 6.9-5.1 5.6-19.4 19-19.4 46.3 0 27.3 19.9 53.7 22.6 57.4 2.8 3.7 39.1 59.7 94.8 83.8 35.2 15.2 49 16.5 66.6 13.9 10.7-1.6 32.8-13.4 37.4-26.4 4.6-13 4.6-24.1 3.2-26.4-1.3-2.5-5-3.9-10.5-6.6z\"><\/path><\/svg><\/span><\/span><\/span><\/div>\n<\/div>\n","protected":false},"excerpt":{"rendered":"<p>Erlebe den \u201eTanz des Teufels\u201c auf La Palma, eine eindrucksvolle Tradition, die den Kampf zwischen Gut und B\u00f6se darstellt.<\/p>\n","protected":false},"author":3,"featured_media":6669,"comment_status":"closed","ping_status":"open","sticky":false,"template":"","format":"standard","meta":{"_uag_custom_page_level_css":"","site-sidebar-layout":"default","site-content-layout":"","ast-site-content-layout":"default","site-content-style":"default","site-sidebar-style":"default","ast-global-header-display":"","ast-banner-title-visibility":"","ast-main-header-display":"","ast-hfb-above-header-display":"","ast-hfb-below-header-display":"","ast-hfb-mobile-header-display":"","site-post-title":"","ast-breadcrumbs-content":"","ast-featured-img":"disabled","footer-sml-layout":"","ast-disable-related-posts":"","theme-transparent-header-meta":"","adv-header-id-meta":"","stick-header-meta":"","header-above-stick-meta":"","header-main-stick-meta":"","header-below-stick-meta":"","astra-migrate-meta-layouts":"set","ast-page-background-enabled":"default","ast-page-background-meta":{"desktop":{"background-color":"var(--ast-global-color-4)","background-image":"","background-repeat":"repeat","background-position":"center center","background-size":"auto","background-attachment":"scroll","background-type":"","background-media":"","overlay-type":"","overlay-color":"","overlay-opacity":"","overlay-gradient":""},"tablet":{"background-color":"","background-image":"","background-repeat":"repeat","background-position":"center center","background-size":"auto","background-attachment":"scroll","background-type":"","background-media":"","overlay-type":"","overlay-color":"","overlay-opacity":"","overlay-gradient":""},"mobile":{"background-color":"","background-image":"","background-repeat":"repeat","background-position":"center center","background-size":"auto","background-attachment":"scroll","background-type":"","background-media":"","overlay-type":"","overlay-color":"","overlay-opacity":"","overlay-gradient":""}},"ast-content-background-meta":{"desktop":{"background-color":"var(--ast-global-color-5)","background-image":"","background-repeat":"repeat","background-position":"center center","background-size":"auto","background-attachment":"scroll","background-type":"","background-media":"","overlay-type":"","overlay-color":"","overlay-opacity":"","overlay-gradient":""},"tablet":{"background-color":"var(--ast-global-color-5)","background-image":"","background-repeat":"repeat","background-position":"center center","background-size":"auto","background-attachment":"scroll","background-type":"","background-media":"","overlay-type":"","overlay-color":"","overlay-opacity":"","overlay-gradient":""},"mobile":{"background-color":"var(--ast-global-color-5)","background-image":"","background-repeat":"repeat","background-position":"center center","background-size":"auto","background-attachment":"scroll","background-type":"","background-media":"","overlay-type":"","overlay-color":"","overlay-opacity":"","overlay-gradient":""}},"footnotes":""},"categories":[112],"tags":[],"class_list":["post-410","post","type-post","status-publish","format-standard","has-post-thumbnail","hentry","category-tradicionelle-feste-auf-la-palma-und-veranstaltungen"],"yoast_head":"<!-- This site is optimized with the Yoast SEO plugin v27.4 - https:\/\/yoast.com\/product\/yoast-seo-wordpress\/ -->\n<title>TEUFELSTANZ: Entfacht Leidenschaft in Tijarafe<\/title>\n<meta name=\"description\" content=\"Tanz des Teufels auf La Palma: Erleben Sie ein Fest mit Tanz, Riesenfiguren und dem Teufel, das fest zur lokalen Tradition geh\u00f6rt.\" \/>\n<meta name=\"robots\" content=\"index, follow, max-snippet:-1, max-image-preview:large, max-video-preview:-1\" \/>\n<link rel=\"canonical\" href=\"https:\/\/lapalmaisland.com\/de\/tanz-des-teufels-la-palma\/\" \/>\n<meta property=\"og:locale\" content=\"de_DE\" \/>\n<meta property=\"og:type\" content=\"article\" \/>\n<meta property=\"og:title\" content=\"TEUFELSTANZ: Entfacht Leidenschaft in Tijarafe\" \/>\n<meta property=\"og:description\" content=\"Tanz des Teufels auf La Palma: Erleben Sie ein Fest mit Tanz, Riesenfiguren und dem Teufel, das fest zur lokalen Tradition geh\u00f6rt.\" \/>\n<meta property=\"og:url\" content=\"https:\/\/lapalmaisland.com\/de\/tanz-des-teufels-la-palma\/\" \/>\n<meta property=\"og:site_name\" content=\"La Palma Insel\" \/>\n<meta property=\"article:published_time\" content=\"2023-08-09T15:02:17+00:00\" \/>\n<meta property=\"article:modified_time\" content=\"2026-04-19T08:42:20+00:00\" \/>\n<meta property=\"og:image\" content=\"https:\/\/lapalmaisland.com\/de\/wp-content\/uploads\/sites\/2\/2023\/08\/tanz-des-teufels-la-palma.webp\" \/>\n\t<meta property=\"og:image:width\" content=\"1024\" \/>\n\t<meta property=\"og:image:height\" content=\"720\" \/>\n\t<meta property=\"og:image:type\" content=\"image\/webp\" \/>\n<meta name=\"author\" content=\"lapalmaisland\" \/>\n<meta name=\"twitter:card\" content=\"summary_large_image\" \/>\n<meta name=\"twitter:label1\" content=\"Verfasst von\" \/>\n\t<meta name=\"twitter:data1\" content=\"lapalmaisland\" \/>\n\t<meta name=\"twitter:label2\" content=\"Gesch\u00e4tzte Lesezeit\" \/>\n\t<meta name=\"twitter:data2\" content=\"3\u00a0Minuten\" \/>\n<script type=\"application\/ld+json\" class=\"yoast-schema-graph\">{\"@context\":\"https:\\\/\\\/schema.org\",\"@graph\":[{\"@type\":\"Article\",\"@id\":\"https:\\\/\\\/lapalmaisland.com\\\/de\\\/tanz-des-teufels-la-palma\\\/#article\",\"isPartOf\":{\"@id\":\"https:\\\/\\\/lapalmaisland.com\\\/de\\\/tanz-des-teufels-la-palma\\\/\"},\"author\":{\"name\":\"lapalmaisland\",\"@id\":\"https:\\\/\\\/lapalmaisland.com\\\/de\\\/#\\\/schema\\\/person\\\/c9557d1d5cf6ba5ce59ba7efbbad36d6\"},\"headline\":\"Tanz des Teufels La Palma\",\"datePublished\":\"2023-08-09T15:02:17+00:00\",\"dateModified\":\"2026-04-19T08:42:20+00:00\",\"mainEntityOfPage\":{\"@id\":\"https:\\\/\\\/lapalmaisland.com\\\/de\\\/tanz-des-teufels-la-palma\\\/\"},\"wordCount\":404,\"publisher\":{\"@id\":\"https:\\\/\\\/lapalmaisland.com\\\/de\\\/#organization\"},\"image\":{\"@id\":\"https:\\\/\\\/lapalmaisland.com\\\/de\\\/tanz-des-teufels-la-palma\\\/#primaryimage\"},\"thumbnailUrl\":\"https:\\\/\\\/lapalmaisland.com\\\/de\\\/wp-content\\\/uploads\\\/sites\\\/2\\\/2023\\\/08\\\/tanz-des-teufels-la-palma.webp\",\"articleSection\":[\"Tradicionelle Feste auf La Palma und Veranstaltungen\"],\"inLanguage\":\"de\"},{\"@type\":\"WebPage\",\"@id\":\"https:\\\/\\\/lapalmaisland.com\\\/de\\\/tanz-des-teufels-la-palma\\\/\",\"url\":\"https:\\\/\\\/lapalmaisland.com\\\/de\\\/tanz-des-teufels-la-palma\\\/\",\"name\":\"TEUFELSTANZ: Entfacht Leidenschaft in Tijarafe\",\"isPartOf\":{\"@id\":\"https:\\\/\\\/lapalmaisland.com\\\/de\\\/#website\"},\"primaryImageOfPage\":{\"@id\":\"https:\\\/\\\/lapalmaisland.com\\\/de\\\/tanz-des-teufels-la-palma\\\/#primaryimage\"},\"image\":{\"@id\":\"https:\\\/\\\/lapalmaisland.com\\\/de\\\/tanz-des-teufels-la-palma\\\/#primaryimage\"},\"thumbnailUrl\":\"https:\\\/\\\/lapalmaisland.com\\\/de\\\/wp-content\\\/uploads\\\/sites\\\/2\\\/2023\\\/08\\\/tanz-des-teufels-la-palma.webp\",\"datePublished\":\"2023-08-09T15:02:17+00:00\",\"dateModified\":\"2026-04-19T08:42:20+00:00\",\"description\":\"Tanz des Teufels auf La Palma: Erleben Sie ein Fest mit Tanz, Riesenfiguren und dem Teufel, das fest zur lokalen Tradition geh\u00f6rt.\",\"breadcrumb\":{\"@id\":\"https:\\\/\\\/lapalmaisland.com\\\/de\\\/tanz-des-teufels-la-palma\\\/#breadcrumb\"},\"inLanguage\":\"de\",\"potentialAction\":[{\"@type\":\"ReadAction\",\"target\":[\"https:\\\/\\\/lapalmaisland.com\\\/de\\\/tanz-des-teufels-la-palma\\\/\"]}]},{\"@type\":\"ImageObject\",\"inLanguage\":\"de\",\"@id\":\"https:\\\/\\\/lapalmaisland.com\\\/de\\\/tanz-des-teufels-la-palma\\\/#primaryimage\",\"url\":\"https:\\\/\\\/lapalmaisland.com\\\/de\\\/wp-content\\\/uploads\\\/sites\\\/2\\\/2023\\\/08\\\/tanz-des-teufels-la-palma.webp\",\"contentUrl\":\"https:\\\/\\\/lapalmaisland.com\\\/de\\\/wp-content\\\/uploads\\\/sites\\\/2\\\/2023\\\/08\\\/tanz-des-teufels-la-palma.webp\",\"width\":1024,\"height\":720,\"caption\":\"la palma tanz des teufels\"},{\"@type\":\"BreadcrumbList\",\"@id\":\"https:\\\/\\\/lapalmaisland.com\\\/de\\\/tanz-des-teufels-la-palma\\\/#breadcrumb\",\"itemListElement\":[{\"@type\":\"ListItem\",\"position\":1,\"name\":\"Portada\",\"item\":\"https:\\\/\\\/lapalmaisland.com\\\/de\\\/\"},{\"@type\":\"ListItem\",\"position\":2,\"name\":\"Tanz des Teufels La Palma\"}]},{\"@type\":\"WebSite\",\"@id\":\"https:\\\/\\\/lapalmaisland.com\\\/de\\\/#website\",\"url\":\"https:\\\/\\\/lapalmaisland.com\\\/de\\\/\",\"name\":\"La Palma Insel\",\"description\":\"Entdecken Sie die faszinierende Insel La Palma: aktuelle Informationen, Reisef\u00fchrer und Aktivit\u00e4ten f\u00fcr ein unvergessliches Erlebnis.\",\"publisher\":{\"@id\":\"https:\\\/\\\/lapalmaisland.com\\\/de\\\/#organization\"},\"alternateName\":\"Die Sh\u00f6ne Insel\",\"potentialAction\":[{\"@type\":\"SearchAction\",\"target\":{\"@type\":\"EntryPoint\",\"urlTemplate\":\"https:\\\/\\\/lapalmaisland.com\\\/de\\\/?s={search_term_string}\"},\"query-input\":{\"@type\":\"PropertyValueSpecification\",\"valueRequired\":true,\"valueName\":\"search_term_string\"}}],\"inLanguage\":\"de\"},{\"@type\":\"Organization\",\"@id\":\"https:\\\/\\\/lapalmaisland.com\\\/de\\\/#organization\",\"name\":\"La Palma Insel\",\"url\":\"https:\\\/\\\/lapalmaisland.com\\\/de\\\/\",\"logo\":{\"@type\":\"ImageObject\",\"inLanguage\":\"de\",\"@id\":\"https:\\\/\\\/lapalmaisland.com\\\/de\\\/#\\\/schema\\\/logo\\\/image\\\/\",\"url\":\"https:\\\/\\\/lapalmaisland.com\\\/de\\\/wp-content\\\/uploads\\\/sites\\\/2\\\/2023\\\/08\\\/cropped-cropped-La-palma-island.png\",\"contentUrl\":\"https:\\\/\\\/lapalmaisland.com\\\/de\\\/wp-content\\\/uploads\\\/sites\\\/2\\\/2023\\\/08\\\/cropped-cropped-La-palma-island.png\",\"width\":180,\"height\":60,\"caption\":\"La Palma Insel\"},\"image\":{\"@id\":\"https:\\\/\\\/lapalmaisland.com\\\/de\\\/#\\\/schema\\\/logo\\\/image\\\/\"}},{\"@type\":\"Person\",\"@id\":\"https:\\\/\\\/lapalmaisland.com\\\/de\\\/#\\\/schema\\\/person\\\/c9557d1d5cf6ba5ce59ba7efbbad36d6\",\"name\":\"lapalmaisland\",\"image\":{\"@type\":\"ImageObject\",\"inLanguage\":\"de\",\"@id\":\"https:\\\/\\\/secure.gravatar.com\\\/avatar\\\/3907650c2aec3e3a89649d88beda991bfe30918903777d3ecdcdd90603bd91a4?s=96&d=mm&r=g\",\"url\":\"https:\\\/\\\/secure.gravatar.com\\\/avatar\\\/3907650c2aec3e3a89649d88beda991bfe30918903777d3ecdcdd90603bd91a4?s=96&d=mm&r=g\",\"contentUrl\":\"https:\\\/\\\/secure.gravatar.com\\\/avatar\\\/3907650c2aec3e3a89649d88beda991bfe30918903777d3ecdcdd90603bd91a4?s=96&d=mm&r=g\",\"caption\":\"lapalmaisland\"}}]}<\/script>\n<!-- \/ Yoast SEO plugin. -->","yoast_head_json":{"title":"TEUFELSTANZ: Entfacht Leidenschaft in Tijarafe","description":"Tanz des Teufels auf La Palma: Erleben Sie ein Fest mit Tanz, Riesenfiguren und dem Teufel, das fest zur lokalen Tradition geh\u00f6rt.","robots":{"index":"index","follow":"follow","max-snippet":"max-snippet:-1","max-image-preview":"max-image-preview:large","max-video-preview":"max-video-preview:-1"},"canonical":"https:\/\/lapalmaisland.com\/de\/tanz-des-teufels-la-palma\/","og_locale":"de_DE","og_type":"article","og_title":"TEUFELSTANZ: Entfacht Leidenschaft in Tijarafe","og_description":"Tanz des Teufels auf La Palma: Erleben Sie ein Fest mit Tanz, Riesenfiguren und dem Teufel, das fest zur lokalen Tradition geh\u00f6rt.","og_url":"https:\/\/lapalmaisland.com\/de\/tanz-des-teufels-la-palma\/","og_site_name":"La Palma Insel","article_published_time":"2023-08-09T15:02:17+00:00","article_modified_time":"2026-04-19T08:42:20+00:00","og_image":[{"width":1024,"height":720,"url":"https:\/\/lapalmaisland.com\/de\/wp-content\/uploads\/sites\/2\/2023\/08\/tanz-des-teufels-la-palma.webp","type":"image\/webp"}],"author":"lapalmaisland","twitter_card":"summary_large_image","twitter_misc":{"Verfasst von":"lapalmaisland","Gesch\u00e4tzte Lesezeit":"3\u00a0Minuten"},"schema":{"@context":"https:\/\/schema.org","@graph":[{"@type":"Article","@id":"https:\/\/lapalmaisland.com\/de\/tanz-des-teufels-la-palma\/#article","isPartOf":{"@id":"https:\/\/lapalmaisland.com\/de\/tanz-des-teufels-la-palma\/"},"author":{"name":"lapalmaisland","@id":"https:\/\/lapalmaisland.com\/de\/#\/schema\/person\/c9557d1d5cf6ba5ce59ba7efbbad36d6"},"headline":"Tanz des Teufels La Palma","datePublished":"2023-08-09T15:02:17+00:00","dateModified":"2026-04-19T08:42:20+00:00","mainEntityOfPage":{"@id":"https:\/\/lapalmaisland.com\/de\/tanz-des-teufels-la-palma\/"},"wordCount":404,"publisher":{"@id":"https:\/\/lapalmaisland.com\/de\/#organization"},"image":{"@id":"https:\/\/lapalmaisland.com\/de\/tanz-des-teufels-la-palma\/#primaryimage"},"thumbnailUrl":"https:\/\/lapalmaisland.com\/de\/wp-content\/uploads\/sites\/2\/2023\/08\/tanz-des-teufels-la-palma.webp","articleSection":["Tradicionelle Feste auf La Palma und Veranstaltungen"],"inLanguage":"de"},{"@type":"WebPage","@id":"https:\/\/lapalmaisland.com\/de\/tanz-des-teufels-la-palma\/","url":"https:\/\/lapalmaisland.com\/de\/tanz-des-teufels-la-palma\/","name":"TEUFELSTANZ: Entfacht Leidenschaft in Tijarafe","isPartOf":{"@id":"https:\/\/lapalmaisland.com\/de\/#website"},"primaryImageOfPage":{"@id":"https:\/\/lapalmaisland.com\/de\/tanz-des-teufels-la-palma\/#primaryimage"},"image":{"@id":"https:\/\/lapalmaisland.com\/de\/tanz-des-teufels-la-palma\/#primaryimage"},"thumbnailUrl":"https:\/\/lapalmaisland.com\/de\/wp-content\/uploads\/sites\/2\/2023\/08\/tanz-des-teufels-la-palma.webp","datePublished":"2023-08-09T15:02:17+00:00","dateModified":"2026-04-19T08:42:20+00:00","description":"Tanz des Teufels auf La Palma: Erleben Sie ein Fest mit Tanz, Riesenfiguren und dem Teufel, das fest zur lokalen Tradition geh\u00f6rt.","breadcrumb":{"@id":"https:\/\/lapalmaisland.com\/de\/tanz-des-teufels-la-palma\/#breadcrumb"},"inLanguage":"de","potentialAction":[{"@type":"ReadAction","target":["https:\/\/lapalmaisland.com\/de\/tanz-des-teufels-la-palma\/"]}]},{"@type":"ImageObject","inLanguage":"de","@id":"https:\/\/lapalmaisland.com\/de\/tanz-des-teufels-la-palma\/#primaryimage","url":"https:\/\/lapalmaisland.com\/de\/wp-content\/uploads\/sites\/2\/2023\/08\/tanz-des-teufels-la-palma.webp","contentUrl":"https:\/\/lapalmaisland.com\/de\/wp-content\/uploads\/sites\/2\/2023\/08\/tanz-des-teufels-la-palma.webp","width":1024,"height":720,"caption":"la palma tanz des teufels"},{"@type":"BreadcrumbList","@id":"https:\/\/lapalmaisland.com\/de\/tanz-des-teufels-la-palma\/#breadcrumb","itemListElement":[{"@type":"ListItem","position":1,"name":"Portada","item":"https:\/\/lapalmaisland.com\/de\/"},{"@type":"ListItem","position":2,"name":"Tanz des Teufels La Palma"}]},{"@type":"WebSite","@id":"https:\/\/lapalmaisland.com\/de\/#website","url":"https:\/\/lapalmaisland.com\/de\/","name":"La Palma Insel","description":"Entdecken Sie die faszinierende Insel La Palma: aktuelle Informationen, Reisef\u00fchrer und Aktivit\u00e4ten f\u00fcr ein unvergessliches Erlebnis.","publisher":{"@id":"https:\/\/lapalmaisland.com\/de\/#organization"},"alternateName":"Die Sh\u00f6ne Insel","potentialAction":[{"@type":"SearchAction","target":{"@type":"EntryPoint","urlTemplate":"https:\/\/lapalmaisland.com\/de\/?s={search_term_string}"},"query-input":{"@type":"PropertyValueSpecification","valueRequired":true,"valueName":"search_term_string"}}],"inLanguage":"de"},{"@type":"Organization","@id":"https:\/\/lapalmaisland.com\/de\/#organization","name":"La Palma Insel","url":"https:\/\/lapalmaisland.com\/de\/","logo":{"@type":"ImageObject","inLanguage":"de","@id":"https:\/\/lapalmaisland.com\/de\/#\/schema\/logo\/image\/","url":"https:\/\/lapalmaisland.com\/de\/wp-content\/uploads\/sites\/2\/2023\/08\/cropped-cropped-La-palma-island.png","contentUrl":"https:\/\/lapalmaisland.com\/de\/wp-content\/uploads\/sites\/2\/2023\/08\/cropped-cropped-La-palma-island.png","width":180,"height":60,"caption":"La Palma Insel"},"image":{"@id":"https:\/\/lapalmaisland.com\/de\/#\/schema\/logo\/image\/"}},{"@type":"Person","@id":"https:\/\/lapalmaisland.com\/de\/#\/schema\/person\/c9557d1d5cf6ba5ce59ba7efbbad36d6","name":"lapalmaisland","image":{"@type":"ImageObject","inLanguage":"de","@id":"https:\/\/secure.gravatar.com\/avatar\/3907650c2aec3e3a89649d88beda991bfe30918903777d3ecdcdd90603bd91a4?s=96&d=mm&r=g","url":"https:\/\/secure.gravatar.com\/avatar\/3907650c2aec3e3a89649d88beda991bfe30918903777d3ecdcdd90603bd91a4?s=96&d=mm&r=g","contentUrl":"https:\/\/secure.gravatar.com\/avatar\/3907650c2aec3e3a89649d88beda991bfe30918903777d3ecdcdd90603bd91a4?s=96&d=mm&r=g","caption":"lapalmaisland"}}]}},"uagb_featured_image_src":{"full":["https:\/\/lapalmaisland.com\/de\/wp-content\/uploads\/sites\/2\/2023\/08\/tanz-des-teufels-la-palma.webp",1024,720,false],"thumbnail":["https:\/\/lapalmaisland.com\/de\/wp-content\/uploads\/sites\/2\/2023\/08\/tanz-des-teufels-la-palma-150x150.webp",150,150,true],"medium":["https:\/\/lapalmaisland.com\/de\/wp-content\/uploads\/sites\/2\/2023\/08\/tanz-des-teufels-la-palma-300x211.webp",300,211,true],"medium_large":["https:\/\/lapalmaisland.com\/de\/wp-content\/uploads\/sites\/2\/2023\/08\/tanz-des-teufels-la-palma-768x540.webp",768,540,true],"large":["https:\/\/lapalmaisland.com\/de\/wp-content\/uploads\/sites\/2\/2023\/08\/tanz-des-teufels-la-palma.webp",1024,720,false],"1536x1536":["https:\/\/lapalmaisland.com\/de\/wp-content\/uploads\/sites\/2\/2023\/08\/tanz-des-teufels-la-palma.webp",1024,720,false],"2048x2048":["https:\/\/lapalmaisland.com\/de\/wp-content\/uploads\/sites\/2\/2023\/08\/tanz-des-teufels-la-palma.webp",1024,720,false]},"uagb_author_info":{"display_name":"lapalmaisland","author_link":"https:\/\/lapalmaisland.com\/de\/author\/lapalmaisland\/"},"uagb_comment_info":0,"uagb_excerpt":"Erlebe den \u201eTanz des Teufels\u201c auf La Palma, eine eindrucksvolle Tradition, die den Kampf zwischen Gut und B\u00f6se darstellt.","_links":{"self":[{"href":"https:\/\/lapalmaisland.com\/de\/wp-json\/wp\/v2\/posts\/410","targetHints":{"allow":["GET"]}}],"collection":[{"href":"https:\/\/lapalmaisland.com\/de\/wp-json\/wp\/v2\/posts"}],"about":[{"href":"https:\/\/lapalmaisland.com\/de\/wp-json\/wp\/v2\/types\/post"}],"author":[{"embeddable":true,"href":"https:\/\/lapalmaisland.com\/de\/wp-json\/wp\/v2\/users\/3"}],"replies":[{"embeddable":true,"href":"https:\/\/lapalmaisland.com\/de\/wp-json\/wp\/v2\/comments?post=410"}],"version-history":[{"count":12,"href":"https:\/\/lapalmaisland.com\/de\/wp-json\/wp\/v2\/posts\/410\/revisions"}],"predecessor-version":[{"id":9598,"href":"https:\/\/lapalmaisland.com\/de\/wp-json\/wp\/v2\/posts\/410\/revisions\/9598"}],"wp:featuredmedia":[{"embeddable":true,"href":"https:\/\/lapalmaisland.com\/de\/wp-json\/wp\/v2\/media\/6669"}],"wp:attachment":[{"href":"https:\/\/lapalmaisland.com\/de\/wp-json\/wp\/v2\/media?parent=410"}],"wp:term":[{"taxonomy":"category","embeddable":true,"href":"https:\/\/lapalmaisland.com\/de\/wp-json\/wp\/v2\/categories?post=410"},{"taxonomy":"post_tag","embeddable":true,"href":"https:\/\/lapalmaisland.com\/de\/wp-json\/wp\/v2\/tags?post=410"}],"curies":[{"name":"wp","href":"https:\/\/api.w.org\/{rel}","templated":true}]}}