{"id":634,"date":"2023-08-15T10:47:38","date_gmt":"2023-08-15T10:47:38","guid":{"rendered":"https:\/\/lapalmaisland.com\/de\/?p=634"},"modified":"2025-11-22T20:09:31","modified_gmt":"2025-11-22T20:09:31","slug":"la-palma-geschichte","status":"publish","type":"post","link":"https:\/\/lapalmaisland.com\/de\/la-palma-geschichte\/","title":{"rendered":"La Palma Geschichte"},"content":{"rendered":"\n<div class=\"inherit-container-width wp-block-group has-ast-global-color-6-background-color has-background is-layout-constrained wp-block-group-is-layout-constrained\" style=\"border-radius:15px\">\n<p style=\"font-size:18px\">La Palma ist nicht nur Vulkane, Sternenhimmel und magische Wanderwege.<br>Die Geschichte der Insel ist ein Mosaik aus Kulturen, Eroberungen und Traditionen, die das heutige Gesicht der Isla Bonita gepr\u00e4gt haben. <strong>Von den alten Benahoaritas bis hin zum modernen Tourismus; jede Epoche hat tiefe Spuren in der Landschaft und in den Menschen hinterlassen.<\/strong><\/p>\n\n\n\n<figure class=\"wp-block-image aligncenter size-full has-custom-border\"><img loading=\"lazy\" decoding=\"async\" width=\"1024\" height=\"720\" src=\"https:\/\/lapalmaisland.com\/de\/wp-content\/uploads\/sites\/2\/2023\/08\/archaeologischer-Punkt-belmaco.webp\" alt=\"arch\u00e4ologischer Punkt belmaco\" class=\"wp-image-7531\" style=\"border-radius:15px\" srcset=\"https:\/\/lapalmaisland.com\/de\/wp-content\/uploads\/sites\/2\/2023\/08\/archaeologischer-Punkt-belmaco.webp 1024w, https:\/\/lapalmaisland.com\/de\/wp-content\/uploads\/sites\/2\/2023\/08\/archaeologischer-Punkt-belmaco-300x211.webp 300w, https:\/\/lapalmaisland.com\/de\/wp-content\/uploads\/sites\/2\/2023\/08\/archaeologischer-Punkt-belmaco-768x540.webp 768w\" sizes=\"auto, (max-width: 1024px) 100vw, 1024px\" \/><\/figure>\n<\/div>\n\n\n\n<div style=\"height:20px\" aria-hidden=\"true\" class=\"wp-block-spacer\"><\/div>\n\n\n\n<div class=\"inherit-container-width wp-block-group has-ast-global-color-6-background-color has-background is-layout-constrained wp-block-group-is-layout-constrained\" style=\"border-radius:15px\">\n<h2 class=\"wp-block-heading has-text-align-center has-ast-global-color-5-color has-ast-global-color-2-background-color has-text-color has-background\" style=\"padding-top:var(--wp--preset--spacing--30);padding-right:var(--wp--preset--spacing--30);padding-bottom:var(--wp--preset--spacing--30);padding-left:var(--wp--preset--spacing--30)\">Die ersten Bewohner: die Benahoaritas<\/h2>\n\n\n\n<div class=\"wp-block-columns is-layout-flex wp-container-core-columns-is-layout-28f84493 wp-block-columns-is-layout-flex\">\n<div class=\"wp-block-column is-layout-flow wp-block-column-is-layout-flow\">\n<p style=\"font-size:18px\"><strong>Bevor die Europ\u00e4er ankamen, hie\u00df die Insel Benahoare, was &#8220;mein Land&#8221; bedeutet.<\/strong> Ihre Bewohner, die Benahoaritas oder Awaras, lebten in H\u00f6hlen und ern\u00e4hrten sich von Ziegen, Schafen, Schweinen, Wurzeln und Fr\u00fcchten.<\/p>\n\n\n\n<p style=\"font-size:18px\"><strong>Das Grundnahrungsmittel war <a href=\"https:\/\/lapalmaisland.com\/de\/gofio-rezepte\/\">Gofio<\/a><\/strong>, ein Mehl aus ger\u00f6steten Getreiden und Wurzeln, das auch heute noch zur kanarischen K\u00fcche geh\u00f6rt.<\/p>\n\n\n\n<p style=\"font-size:18px\">Man nimmt an, dass sie aus Nordwestafrika stammten, auch wenn unklar ist, ob sie freiwillig kamen oder von Eroberern wie den Ph\u00f6niziern oder R\u00f6mern vertrieben wurden.<\/p>\n<\/div>\n\n\n\n<div class=\"wp-block-column is-layout-flow wp-block-column-is-layout-flow\" style=\"padding-top:0;padding-bottom:0\">\n<div class=\"wp-block-cover aligncenter\"><img loading=\"lazy\" decoding=\"async\" width=\"1024\" height=\"720\" class=\"wp-block-cover__image-background wp-image-5083\" alt=\"la palma bootsmuseum\" src=\"https:\/\/lapalmaisland.com\/de\/wp-content\/uploads\/sites\/2\/2023\/08\/Bootsmuseum-in-La-Palma.webp\" data-object-fit=\"cover\" srcset=\"https:\/\/lapalmaisland.com\/de\/wp-content\/uploads\/sites\/2\/2023\/08\/Bootsmuseum-in-La-Palma.webp 1024w, https:\/\/lapalmaisland.com\/de\/wp-content\/uploads\/sites\/2\/2023\/08\/Bootsmuseum-in-La-Palma-300x211.webp 300w, https:\/\/lapalmaisland.com\/de\/wp-content\/uploads\/sites\/2\/2023\/08\/Bootsmuseum-in-La-Palma-768x540.webp 768w\" sizes=\"auto, (max-width: 1024px) 100vw, 1024px\" \/><span aria-hidden=\"true\" class=\"wp-block-cover__background has-background-dim\" style=\"background-color:#161616\"><\/span><div class=\"wp-block-cover__inner-container is-layout-flow wp-block-cover-is-layout-flow\">\n<p class=\"has-text-align-center has-ast-global-color-4-color has-text-color has-background has-link-color wp-elements-7473e7cb1e7bde6beee8452f93587080\" style=\"background-color:#fcb900b0;padding-top:var(--wp--preset--spacing--30);padding-right:var(--wp--preset--spacing--30);padding-bottom:var(--wp--preset--spacing--30);padding-left:var(--wp--preset--spacing--30);font-size:25px\">Alle Museen und Besucherzentren<\/p>\n\n\n\n<p class=\"has-text-align-center has-ast-global-color-4-color has-text-color has-link-color wp-elements-27fa9dbda91ba03385f4be6cc68526e1\" style=\"font-size:18px\">Entdecken Sie auf La Palma Museen und Besucherzentren, um die reiche Geschichte und Traditionen der Insel zu erleben, die das Leben hier nachhaltig gepr\u00e4gt haben.<\/p>\n\n\n\n<div class=\"wp-block-buttons is-content-justification-center is-layout-flex wp-container-core-buttons-is-layout-a89b3969 wp-block-buttons-is-layout-flex\">\n<div class=\"wp-block-button is-style-outline is-style-outline--1\"><a class=\"wp-block-button__link has-ast-global-color-4-color has-text-color has-link-color has-border-color has-ast-global-color-4-border-color has-text-align-center has-custom-font-size wp-element-button\" href=\"https:\/\/lapalmaisland.com\/de\/besucherzentren\/\" style=\"border-width:3px;font-size:18px\">La Palma Museen und Besucherzentren<\/a><\/div>\n<\/div>\n<\/div><\/div>\n<\/div>\n<\/div>\n\n\n\n<div class=\"wp-block-columns is-layout-flex wp-container-core-columns-is-layout-28f84493 wp-block-columns-is-layout-flex\">\n<div class=\"wp-block-column is-layout-flow wp-block-column-is-layout-flow\">\n<p class=\"has-ast-global-color-4-background-color has-background\" style=\"font-size:18px\">Wer tiefer eintauchen m\u00f6chte, sollte unbedingt das <a href=\"https:\/\/lapalmaisland.com\/de\/benahoarita-museum-la-palma\/\"><strong>Museo Benahoarita in Los Llanos de Aridane<\/strong><\/a> besuchen, <strong>ein Muss f\u00fcr alle, die die Kultur der Ureinwohner kennenlernen wollen.<\/strong><\/p>\n<\/div>\n<\/div>\n\n\n\n<h2 class=\"wp-block-heading has-text-align-center has-ast-global-color-4-color has-ast-global-color-2-background-color has-text-color has-background has-link-color wp-elements-536c426ee54491846097903635a43df4\" style=\"padding-top:var(--wp--preset--spacing--30);padding-right:var(--wp--preset--spacing--30);padding-bottom:var(--wp--preset--spacing--30);padding-left:var(--wp--preset--spacing--30)\">Die kastilische Eroberung<\/h2>\n\n\n\n<div class=\"wp-block-columns is-layout-flex wp-container-core-columns-is-layout-28f84493 wp-block-columns-is-layout-flex\">\n<div class=\"wp-block-column is-layout-flow wp-block-column-is-layout-flow\" style=\"padding-top:var(--wp--preset--spacing--40);padding-bottom:var(--wp--preset--spacing--40)\">\n<ul style=\"font-size:18px\" class=\"wp-block-list has-ast-global-color-7-background-color has-background\">\n<li style=\"padding-top:var(--wp--preset--spacing--20);padding-bottom:var(--wp--preset--spacing--20)\"><strong>Im 13. Jahrhundert<\/strong> erreichte der genuesische Seefahrer Lancelotto Malocello La Palma mit den ersten Europ\u00e4ern, doch die Insel blieb unbesetzt bis <strong>1493.<\/strong><\/li>\n\n\n\n<li style=\"padding-top:var(--wp--preset--spacing--20);padding-bottom:var(--wp--preset--spacing--20)\"><strong>1492 landeten die Kastilier in Tazacorte, und ein Jahr sp\u00e4ter vollendete Alonso Fern\u00e1ndez de Lugo die Eroberung.<\/strong> Er benannte die Insel in San Miguel de La Palma um.<\/li>\n\n\n\n<li style=\"padding-top:var(--wp--preset--spacing--20);padding-bottom:var(--wp--preset--spacing--20)\"><strong>Die Eroberung verlief relativ friedlich:<\/strong> Mit einigen Gruppen der Benahoaritas wurden Abkommen geschlossen, was den Widerstand schw\u00e4chte.<\/li>\n<\/ul>\n<\/div>\n\n\n\n<div class=\"wp-block-column is-layout-flow wp-block-column-is-layout-flow\">\n<div class=\"wp-block-cover\" style=\"margin-top:var(--wp--preset--spacing--50);margin-bottom:var(--wp--preset--spacing--50)\"><img loading=\"lazy\" decoding=\"async\" width=\"500\" height=\"500\" class=\"wp-block-cover__image-background wp-image-7020\" alt=\"rathaus von santa cruz de la palma\" src=\"https:\/\/lapalmaisland.com\/de\/wp-content\/uploads\/sites\/2\/2025\/01\/Rathaus-santa-cruz-de-la-palma.webp\" data-object-fit=\"cover\" srcset=\"https:\/\/lapalmaisland.com\/de\/wp-content\/uploads\/sites\/2\/2025\/01\/Rathaus-santa-cruz-de-la-palma.webp 500w, https:\/\/lapalmaisland.com\/de\/wp-content\/uploads\/sites\/2\/2025\/01\/Rathaus-santa-cruz-de-la-palma-300x300.webp 300w, https:\/\/lapalmaisland.com\/de\/wp-content\/uploads\/sites\/2\/2025\/01\/Rathaus-santa-cruz-de-la-palma-150x150.webp 150w\" sizes=\"auto, (max-width: 500px) 100vw, 500px\" \/><span aria-hidden=\"true\" class=\"wp-block-cover__background has-background-dim-30 has-background-dim\"><\/span><div class=\"wp-block-cover__inner-container is-layout-flow wp-block-cover-is-layout-flow\">\n<p class=\"has-text-align-center has-ast-global-color-4-color has-text-color has-background has-link-color wp-elements-7df95fbd88ae9f50a85e6dbaf09b40eb\" style=\"background-color:#fcb900bd;padding-top:var(--wp--preset--spacing--30);padding-right:var(--wp--preset--spacing--30);padding-bottom:var(--wp--preset--spacing--30);padding-left:var(--wp--preset--spacing--30);font-size:25px\"><a href=\"https:\/\/lapalmaisland.com\/de\/la-palma-kuriositaeten\/\">10 kuriose Fakten \u00fcber La Palma<\/a><\/p>\n<\/div><\/div>\n<\/div>\n<\/div>\n\n\n\n<div style=\"height:10px\" aria-hidden=\"true\" class=\"wp-block-spacer\"><\/div>\n\n\n\n<h2 class=\"wp-block-heading has-text-align-center has-ast-global-color-4-color has-ast-global-color-2-background-color has-text-color has-background has-link-color wp-elements-287cc090dee748d6796d2820637629ba\" style=\"padding-top:var(--wp--preset--spacing--30);padding-right:var(--wp--preset--spacing--30);padding-bottom:var(--wp--preset--spacing--30);padding-left:var(--wp--preset--spacing--30)\">Kolonisierung und landwirtschaftlicher Aufschwung<\/h2>\n\n\n\n<div class=\"wp-block-columns is-layout-flex wp-container-core-columns-is-layout-28f84493 wp-block-columns-is-layout-flex\">\n<div class=\"wp-block-column is-layout-flow wp-block-column-is-layout-flow\" style=\"padding-top:var(--wp--preset--spacing--40);padding-bottom:var(--wp--preset--spacing--40)\">\n<ul style=\"font-size:18px\" class=\"wp-block-list has-ast-global-color-7-background-color has-background\">\n<li style=\"padding-top:var(--wp--preset--spacing--20);padding-bottom:var(--wp--preset--spacing--20)\"><strong>Mit der Ankunft von kastilischen, portugiesischen, fl\u00e4mischen und franz\u00f6sischen Siedlern begann eine neue Epoche.<\/strong><\/li>\n\n\n\n<li style=\"padding-top:var(--wp--preset--spacing--20);padding-bottom:var(--wp--preset--spacing--20)\"><strong><a href=\"https:\/\/lapalmaisland.com\/de\/tour-in-argual\/\">Zuckerrohr wurde angebaut<\/a>, sp\u00e4ter <a href=\"https:\/\/lapalmaisland.com\/de\/souvenirs\/la-palma-weine\/\">Wein<\/a><\/strong>, Produkte von hohem Wert in Europa.<\/li>\n\n\n\n<li style=\"padding-top:var(--wp--preset--spacing--20);padding-bottom:var(--wp--preset--spacing--20)\"><strong>Kirchen, Siedlungen, Bew\u00e4sserungskan\u00e4le und M\u00fchlen wurden gebaut.<\/strong><\/li>\n\n\n\n<li style=\"padding-top:var(--wp--preset--spacing--20);padding-bottom:var(--wp--preset--spacing--20)\"><strong>Santa Cruz de La Palma entwickelte sich zu einem der wichtigsten H\u00e4fen im spanischen Reich.<\/strong><\/li>\n<\/ul>\n<\/div>\n\n\n\n<div class=\"wp-block-column is-layout-flow wp-block-column-is-layout-flow\">\n<figure class=\"wp-block-image size-full has-custom-border\"><img loading=\"lazy\" decoding=\"async\" width=\"1024\" height=\"720\" src=\"https:\/\/lapalmaisland.com\/de\/wp-content\/uploads\/sites\/2\/2023\/08\/kleine-Zuckerrohre.webp\" alt=\"zuckerrohre \" class=\"wp-image-7010\" style=\"border-radius:15px\" srcset=\"https:\/\/lapalmaisland.com\/de\/wp-content\/uploads\/sites\/2\/2023\/08\/kleine-Zuckerrohre.webp 1024w, https:\/\/lapalmaisland.com\/de\/wp-content\/uploads\/sites\/2\/2023\/08\/kleine-Zuckerrohre-300x211.webp 300w, https:\/\/lapalmaisland.com\/de\/wp-content\/uploads\/sites\/2\/2023\/08\/kleine-Zuckerrohre-768x540.webp 768w\" sizes=\"auto, (max-width: 1024px) 100vw, 1024px\" \/><\/figure>\n<\/div>\n<\/div>\n\n\n\n<h2 class=\"wp-block-heading has-text-align-center has-ast-global-color-4-color has-ast-global-color-2-background-color has-text-color has-background has-link-color wp-elements-5d5642b0b2b14528afbde2b89ffadd3c\" style=\"padding-top:var(--wp--preset--spacing--30);padding-right:var(--wp--preset--spacing--30);padding-bottom:var(--wp--preset--spacing--30);padding-left:var(--wp--preset--spacing--30)\">Piraten und Befestigungen<\/h2>\n\n\n\n<ul style=\"font-size:18px\" class=\"wp-block-list has-ast-global-color-7-background-color has-background\">\n<li style=\"padding-top:var(--wp--preset--spacing--20);padding-bottom:var(--wp--preset--spacing--20)\"><strong>Der Reichtum der Insel zog Piraten an.<\/strong><\/li>\n\n\n\n<li style=\"padding-top:var(--wp--preset--spacing--20);padding-bottom:var(--wp--preset--spacing--20)\"><strong>1553 pl\u00fcnderte und verbrannte der Pirat Fran\u00e7ois Le Clerc Santa Cruz.<\/strong><\/li>\n\n\n\n<li style=\"padding-top:var(--wp--preset--spacing--20);padding-bottom:var(--wp--preset--spacing--20)\"><strong>1585 versuchte Francis Drake <\/strong>die Insel einzunehmen, wurde jedoch zur\u00fcckgeschlagen.<\/li>\n\n\n\n<li style=\"padding-top:var(--wp--preset--spacing--20);padding-bottom:var(--wp--preset--spacing--20)\">Nach diesen Angriffen wurde die Stadt verst\u00e4rkt befestigt und wiederaufgebaut.<\/li>\n<\/ul>\n\n\n\n<h2 class=\"wp-block-heading has-text-align-center has-ast-global-color-4-color has-ast-global-color-2-background-color has-text-color has-background has-link-color wp-elements-9b041d06b0e3b0c89468d719a5218183\" style=\"padding-top:var(--wp--preset--spacing--30);padding-right:var(--wp--preset--spacing--30);padding-bottom:var(--wp--preset--spacing--30);padding-left:var(--wp--preset--spacing--30)\">Neue Zyklen und Migrationen (19. Jahrhundert)<\/h2>\n\n\n\n<div class=\"wp-block-columns is-layout-flex wp-container-core-columns-is-layout-28f84493 wp-block-columns-is-layout-flex\">\n<div class=\"wp-block-column is-layout-flow wp-block-column-is-layout-flow\" style=\"padding-top:var(--wp--preset--spacing--30);padding-bottom:var(--wp--preset--spacing--30)\">\n<p style=\"font-size:18px\">Als Zucker und Wein an Bedeutung verloren, traten neue Kulturen in den Vordergrund:<\/p>\n\n\n\n<ul style=\"font-size:18px\" class=\"wp-block-list has-ast-global-color-7-background-color has-background\">\n<li style=\"padding-top:var(--wp--preset--spacing--20);padding-bottom:var(--wp--preset--spacing--20)\"><strong><a href=\"https:\/\/lapalmaisland.com\/de\/souvenirs\/honig-aus-la-palma\/\">Honig<\/a> und <a href=\"https:\/\/lapalmaisland.com\/de\/besucherzentrum\/seidenmuseum-el-paso\/\">Seide<\/a> als<\/strong> <strong>Prestigeprodukte<\/strong>.<\/li>\n\n\n\n<li style=\"padding-top:var(--wp--preset--spacing--20);padding-bottom:var(--wp--preset--spacing--20)\"><strong>Cochinilla (Schildlaus) zur Herstellung nat\u00fcrlicher Farbstoffe,<\/strong> bis synthetische Farben sie verdr\u00e4ngten.<\/li>\n\n\n\n<li style=\"padding-top:var(--wp--preset--spacing--20);padding-bottom:var(--wp--preset--spacing--20)\"><strong>Bananen und <a href=\"https:\/\/lapalmaisland.com\/de\/souvenirs\/handgefertigte-zigarren-la-palma\/\">Tabak<\/a>,<\/strong> eingef\u00fchrt von R\u00fcckkehrern aus Kuba, wurden zu den neuen St\u00fctzen der palmerischen Wirtschaft.<\/li>\n<\/ul>\n<\/div>\n\n\n\n<div class=\"wp-block-column is-layout-flow wp-block-column-is-layout-flow\">\n<figure class=\"wp-block-image size-full has-custom-border\"><img loading=\"lazy\" decoding=\"async\" width=\"1024\" height=\"720\" src=\"https:\/\/lapalmaisland.com\/de\/wp-content\/uploads\/sites\/2\/2023\/08\/handgemachte-Zigarren.webp\" alt=\"zigarren\" class=\"wp-image-7011\" style=\"border-radius:15px\" srcset=\"https:\/\/lapalmaisland.com\/de\/wp-content\/uploads\/sites\/2\/2023\/08\/handgemachte-Zigarren.webp 1024w, https:\/\/lapalmaisland.com\/de\/wp-content\/uploads\/sites\/2\/2023\/08\/handgemachte-Zigarren-300x211.webp 300w, https:\/\/lapalmaisland.com\/de\/wp-content\/uploads\/sites\/2\/2023\/08\/handgemachte-Zigarren-768x540.webp 768w\" sizes=\"auto, (max-width: 1024px) 100vw, 1024px\" \/><\/figure>\n<\/div>\n<\/div>\n\n\n\n<h2 class=\"wp-block-heading has-text-align-center has-ast-global-color-4-color has-ast-global-color-2-background-color has-text-color has-background has-link-color wp-elements-e0efa1c9d6b3a57b95ea86ca56f7e70b\" style=\"padding-top:var(--wp--preset--spacing--30);padding-right:var(--wp--preset--spacing--30);padding-bottom:var(--wp--preset--spacing--30);padding-left:var(--wp--preset--spacing--30)\">Der Spanische B\u00fcrgerkrieg und die Nachkriegszeit<\/h2>\n\n\n\n<p style=\"font-size:18px\">Im <strong>Juli 1936 erlebte die Insel die Rote Woche<\/strong>, ein kurzes, aber spannungsgeladenes Kapitel der Unterst\u00fctzung f\u00fcr die republikanische Regierung. Bald darauf \u00fcbernahmen die Truppen Francos die Kontrolle.<\/p>\n\n\n\n<p style=\"font-size:18px\">Obwohl der <strong>Krieg die Kanaren nicht direkt erreichte, brachte die Nachkriegszeit Repression, Hunger und Massenemigration nach Venezuela<\/strong>. Viele Palmeros suchten dort eine bessere Zukunft.<\/p>\n\n\n\n<h2 class=\"wp-block-heading has-text-align-center has-ast-global-color-4-color has-ast-global-color-2-background-color has-text-color has-background has-link-color wp-elements-5409331ffd9bb5c725fc8b63a1d8674a\" style=\"padding-top:var(--wp--preset--spacing--30);padding-right:var(--wp--preset--spacing--30);padding-bottom:var(--wp--preset--spacing--30);padding-left:var(--wp--preset--spacing--30)\">Die moderne \u00c4ra: Tourismus und neue Chancen<\/h2>\n\n\n\n<ul style=\"font-size:18px\" class=\"wp-block-list has-ast-global-color-7-background-color has-background\">\n<li style=\"padding-top:var(--wp--preset--spacing--20);padding-bottom:var(--wp--preset--spacing--20)\"><strong>1950 wurde der erste Flughafen in Bre\u00f1a Alta gebaut.<\/strong><\/li>\n\n\n\n<li style=\"padding-top:var(--wp--preset--spacing--20);padding-bottom:var(--wp--preset--spacing--20)\">In den <strong>60er- und 70er-Jahren entstanden die ersten Hotels sowie die Cumbre-Stra\u00dfe mit Tunnel,<\/strong> die Santa Cruz und Los Llanos verbindet.<\/li>\n\n\n\n<li style=\"padding-top:var(--wp--preset--spacing--20);padding-bottom:var(--wp--preset--spacing--20)\"><strong>In den 70ern erlebte die<a href=\"https:\/\/lapalmaisland.com\/de\/tropische-fruchte-von-la-palma\/#banane\"> Banane<\/a> ihre Bl\u00fctezeit<\/strong>, zusammen mit dem neu aufkommenden Tourismus, der die Inselwirtschaft langsam diversifizierte.<\/li>\n\n\n\n<li style=\"padding-top:var(--wp--preset--spacing--20);padding-bottom:var(--wp--preset--spacing--20)\"><strong>Mit dem <a href=\"https:\/\/lapalmaisland.com\/de\/reisen-nach-la-palma\/#flughafen\">neuen Flughafen in Mazo<\/a> und der R\u00fcckkehr der Demokratie \u00f6ffnete sich La Palma der Welt.<\/strong> Heute setzt die Insel auf nachhaltigen Tourismus, Wandern, Astrotourismus und den Schutz ihrer Natur- und Kulturlandschaften.<\/li>\n<\/ul>\n\n\n\n<figure class=\"wp-block-image aligncenter size-full has-custom-border\"><img loading=\"lazy\" decoding=\"async\" width=\"1024\" height=\"400\" src=\"https:\/\/lapalmaisland.com\/de\/wp-content\/uploads\/sites\/2\/2023\/08\/dorf-von-tazacorte-la-palma.webp\" alt=\"Tazacorte dorf in la palma insel\" class=\"wp-image-7641\" style=\"border-radius:15px\" srcset=\"https:\/\/lapalmaisland.com\/de\/wp-content\/uploads\/sites\/2\/2023\/08\/dorf-von-tazacorte-la-palma.webp 1024w, https:\/\/lapalmaisland.com\/de\/wp-content\/uploads\/sites\/2\/2023\/08\/dorf-von-tazacorte-la-palma-300x117.webp 300w, https:\/\/lapalmaisland.com\/de\/wp-content\/uploads\/sites\/2\/2023\/08\/dorf-von-tazacorte-la-palma-768x300.webp 768w\" sizes=\"auto, (max-width: 1024px) 100vw, 1024px\" \/><\/figure>\n\n\n\n<div style=\"height:10px\" aria-hidden=\"true\" class=\"wp-block-spacer\"><\/div>\n\n\n\n<h2 class=\"wp-block-heading has-text-align-center has-ast-global-color-4-color has-ast-global-color-2-background-color has-text-color has-background has-link-color wp-elements-6920291ffe51d64f4356722f301a85a6\" style=\"padding-top:var(--wp--preset--spacing--30);padding-right:var(--wp--preset--spacing--30);padding-bottom:var(--wp--preset--spacing--30);padding-left:var(--wp--preset--spacing--30)\">Das lebendige Ged\u00e4chtnis von La Palma<\/h2>\n\n\n\n<p style=\"font-size:18px\">Heute bedeutet ein<a href=\"https:\/\/lapalmaisland.com\/de\/wandern-la-palma\/\"> Spaziergang \u00fcber La Palma<\/a> auch eine Reise durch Jahrhunderte Geschichte.<\/p>\n\n\n\n<p style=\"font-size:18px\">Die <a href=\"https:\/\/lapalmaisland.com\/de\/besucherzentrum-cueva-de-belmaco\/\">Petroglyphen von Belmaco<\/a>, die Kolonialh\u00e4user von Santa Cruz, die handgemachten Zigarren von Bre\u00f1a Alta und die Vulkane, die die Erde formen, sind Zeugen einer Insel, die immer wieder mit Kraft und W\u00fcrde neu erbl\u00fcht.<\/p>\n\n\n\n<p style=\"font-size:18px\">La Palma bewahrt in ihrer Natur und in ihren Menschen das Ged\u00e4chtnis einer intensiven Vergangenheit, und das Versprechen einer lebendigen Zukunft<\/p>\n\n\n\n<h2 class=\"wp-block-heading has-text-align-center has-ast-global-color-4-color has-ast-global-color-2-background-color has-text-color has-background has-link-color wp-elements-27da6304f7c248099e0be30c99e24bdb\" style=\"padding-top:var(--wp--preset--spacing--30);padding-right:var(--wp--preset--spacing--30);padding-bottom:var(--wp--preset--spacing--30);padding-left:var(--wp--preset--spacing--30)\">Chronologische Tabelle der Geschichte von La Palma<\/h2>\n\n\n\n<figure class=\"wp-block-table\"><table class=\"has-ast-global-color-4-background-color has-background has-fixed-layout\"><thead><tr><th>Datum<\/th><th>Ereignis<\/th><\/tr><\/thead><tbody><tr><td>Vor dem 15. Jh.<\/td><td>Die Benahoaritas bewohnen die Insel, genannt Benahoare<\/td><\/tr><tr><td>1492<\/td><td>Landung der Kastilier in Tazacorte<\/td><\/tr><tr><td>1493<\/td><td>Eroberung durch Alonso Fern\u00e1ndez de Lugo \u2192 San Miguel de La Palma<\/td><\/tr><tr><td>16. Jh.<\/td><td>Bl\u00fctezeit von Zucker und Wein. Santa Cruz als Schl\u00fcsselhafen des Imperiums<\/td><\/tr><tr><td>1553<\/td><td>Pl\u00fcnderung von Santa Cruz durch Pirat Fran\u00e7ois Le Clerc<\/td><\/tr><tr><td>1585<\/td><td>Abwehr des Angriffs von Francis Drake<\/td><\/tr><tr><td>19. Jh.<\/td><td>Niedergang der Cochinilla \u2192 Aufstieg von Bananen und Tabak<\/td><\/tr><tr><td>1936<\/td><td>\u201eRote Woche\u201c w\u00e4hrend des Spanischen B\u00fcrgerkriegs<\/td><\/tr><tr><td>1950<\/td><td>Erster Flughafen von La Palma in Bre\u00f1a Alta<\/td><\/tr><tr><td>1970<\/td><td>Bau des Cumbre-Tunnels<\/td><\/tr><tr><td>Ab 1980<\/td><td>Neuer Flughafen in Mazo, Konsolidierung des Tourismus<\/td><\/tr><\/tbody><\/table><\/figure>\n<\/div>\n\n\n\n<div style=\"height:30px\" aria-hidden=\"true\" class=\"wp-block-spacer\"><\/div>\n\n\n\n<div class=\"wp-block-uagb-social-share uagb-social-share__outer-wrap uagb-social-share__layout-horizontal uagb-block-4446023f\">\n<div class=\"wp-block-uagb-social-share-child uagb-ss-repeater uagb-ss__wrapper uagb-block-a042eff1\"><span class=\"uagb-ss__link\" data-href=\"https:\/\/www.facebook.com\/sharer.php?u=\" tabindex=\"0\" role=\"button\" aria-label=\"facebook\"><span class=\"uagb-ss__source-wrap\"><span class=\"uagb-ss__source-icon\"><svg xmlns=\"https:\/\/www.w3.org\/2000\/svg\" viewBox=\"0 0 512 512\"><path d=\"M504 256C504 119 393 8 256 8S8 119 8 256c0 123.8 90.69 226.4 209.3 245V327.7h-63V256h63v-54.64c0-62.15 37-96.48 93.67-96.48 27.14 0 55.52 4.84 55.52 4.84v61h-31.28c-30.8 0-40.41 19.12-40.41 38.73V256h68.78l-11 71.69h-57.78V501C413.3 482.4 504 379.8 504 256z\"><\/path><\/svg><\/span><\/span><\/span><\/div>\n\n\n\n<div class=\"wp-block-uagb-social-share-child uagb-ss-repeater uagb-ss__wrapper uagb-block-b37997d8\"><span class=\"uagb-ss__link\" data-href=\"https:\/\/twitter.com\/share?url=\" tabindex=\"0\" role=\"button\" aria-label=\"twitter\"><span class=\"uagb-ss__source-wrap\"><span class=\"uagb-ss__source-icon\"><svg xmlns=\"https:\/\/www.w3.org\/2000\/svg\" viewBox=\"0 0 448 512\"><path d=\"M400 32H48C21.5 32 0 53.5 0 80v352c0 26.5 21.5 48 48 48h352c26.5 0 48-21.5 48-48V80c0-26.5-21.5-48-48-48zm-48.9 158.8c.2 2.8 .2 5.7 .2 8.5 0 86.7-66 186.6-186.6 186.6-37.2 0-71.7-10.8-100.7-29.4 5.3 .6 10.4 .8 15.8 .8 30.7 0 58.9-10.4 81.4-28-28.8-.6-53-19.5-61.3-45.5 10.1 1.5 19.2 1.5 29.6-1.2-30-6.1-52.5-32.5-52.5-64.4v-.8c8.7 4.9 18.9 7.9 29.6 8.3a65.45 65.45 0 0 1 -29.2-54.6c0-12.2 3.2-23.4 8.9-33.1 32.3 39.8 80.8 65.8 135.2 68.6-9.3-44.5 24-80.6 64-80.6 18.9 0 35.9 7.9 47.9 20.7 14.8-2.8 29-8.3 41.6-15.8-4.9 15.2-15.2 28-28.8 36.1 13.2-1.4 26-5.1 37.8-10.2-8.9 13.1-20.1 24.7-32.9 34z\"><\/path><\/svg><\/span><\/span><\/span><\/div>\n\n\n\n<div class=\"wp-block-uagb-social-share-child uagb-ss-repeater uagb-ss__wrapper uagb-block-fdfff850\"><span class=\"uagb-ss__link\" data-href=\"https:\/\/pinterest.com\/pin\/create\/link\/?url=\" tabindex=\"0\" role=\"button\" aria-label=\"pinterest\"><span class=\"uagb-ss__source-wrap\"><span class=\"uagb-ss__source-icon\"><svg xmlns=\"https:\/\/www.w3.org\/2000\/svg\" viewBox=\"0 0 448 512\"><path d=\"M448 80v352c0 26.5-21.5 48-48 48H154.4c9.8-16.4 22.4-40 27.4-59.3 3-11.5 15.3-58.4 15.3-58.4 8 15.3 31.4 28.2 56.3 28.2 74.1 0 127.4-68.1 127.4-152.7 0-81.1-66.2-141.8-151.4-141.8-106 0-162.2 71.1-162.2 148.6 0 36 19.2 80.8 49.8 95.1 4.7 2.2 7.1 1.2 8.2-3.3 .8-3.4 5-20.1 6.8-27.8 .6-2.5 .3-4.6-1.7-7-10.1-12.3-18.3-34.9-18.3-56 0-54.2 41-106.6 110.9-106.6 60.3 0 102.6 41.1 102.6 99.9 0 66.4-33.5 112.4-77.2 112.4-24.1 0-42.1-19.9-36.4-44.4 6.9-29.2 20.3-60.7 20.3-81.8 0-53-75.5-45.7-75.5 25 0 21.7 7.3 36.5 7.3 36.5-31.4 132.8-36.1 134.5-29.6 192.6l2.2 .8H48c-26.5 0-48-21.5-48-48V80c0-26.5 21.5-48 48-48h352c26.5 0 48 21.5 48 48z\"><\/path><\/svg><\/span><\/span><\/span><\/div>\n\n\n\n<div class=\"wp-block-uagb-social-share-child uagb-ss-repeater uagb-ss__wrapper uagb-block-4b0c0f4f\"><span class=\"uagb-ss__link\" data-href=\"https:\/\/www.linkedin.com\/shareArticle?url=\" tabindex=\"0\" role=\"button\" aria-label=\"linkedin\"><span class=\"uagb-ss__source-wrap\"><span class=\"uagb-ss__source-icon\"><svg xmlns=\"https:\/\/www.w3.org\/2000\/svg\" viewBox=\"0 0 448 512\"><path d=\"M416 32H31.9C14.3 32 0 46.5 0 64.3v383.4C0 465.5 14.3 480 31.9 480H416c17.6 0 32-14.5 32-32.3V64.3c0-17.8-14.4-32.3-32-32.3zM135.4 416H69V202.2h66.5V416zm-33.2-243c-21.3 0-38.5-17.3-38.5-38.5S80.9 96 102.2 96c21.2 0 38.5 17.3 38.5 38.5 0 21.3-17.2 38.5-38.5 38.5zm282.1 243h-66.4V312c0-24.8-.5-56.7-34.5-56.7-34.6 0-39.9 27-39.9 54.9V416h-66.4V202.2h63.7v29.2h.9c8.9-16.8 30.6-34.5 62.9-34.5 67.2 0 79.7 44.3 79.7 101.9V416z\"><\/path><\/svg><\/span><\/span><\/span><\/div>\n\n\n\n<div class=\"wp-block-uagb-social-share-child uagb-ss-repeater uagb-ss__wrapper uagb-block-62523f5b\"><span class=\"uagb-ss__link\" data-href=\"https:\/\/telegram.me\/share\/url?url=\" tabindex=\"0\" role=\"button\" aria-label=\"telegram\"><span class=\"uagb-ss__source-wrap\"><span class=\"uagb-ss__source-icon\"><svg xmlns=\"https:\/\/www.w3.org\/2000\/svg\" viewBox=\"0 0 496 512\"><path d=\"M248 8C111 8 0 119 0 256S111 504 248 504 496 392.1 496 256 384.1 8 248 8zM362.1 176.7c-3.732 39.22-19.88 134.4-28.1 178.3-3.476 18.58-10.32 24.82-16.95 25.42-14.4 1.326-25.34-9.517-39.29-18.66-21.83-14.31-34.16-23.22-55.35-37.18-24.49-16.14-8.612-25 5.342-39.5 3.652-3.793 67.11-61.51 68.33-66.75 .153-.655 .3-3.1-1.154-4.384s-3.59-.849-5.135-.5q-3.283 .746-104.6 69.14-14.85 10.19-26.89 9.934c-8.855-.191-25.89-5.006-38.55-9.123-15.53-5.048-27.88-7.717-26.8-16.29q.84-6.7 18.45-13.7 108.4-47.25 144.6-62.3c68.87-28.65 83.18-33.62 92.51-33.79 2.052-.034 6.639 .474 9.61 2.885a10.45 10.45 0 0 1 3.53 6.716A43.76 43.76 0 0 1 362.1 176.7z\"><\/path><\/svg><\/span><\/span><\/span><\/div>\n\n\n\n<div class=\"wp-block-uagb-social-share-child uagb-ss-repeater uagb-ss__wrapper uagb-block-2d9c7c52\"><span class=\"uagb-ss__link\" data-href=\"https:\/\/api.whatsapp.com\/send?text=\" tabindex=\"0\" role=\"button\" aria-label=\"whatsapp\"><span class=\"uagb-ss__source-wrap\"><span class=\"uagb-ss__source-icon\"><svg xmlns=\"https:\/\/www.w3.org\/2000\/svg\" viewBox=\"0 0 448 512\"><path d=\"M380.9 97.1C339 55.1 283.2 32 223.9 32c-122.4 0-222 99.6-222 222 0 39.1 10.2 77.3 29.6 111L0 480l117.7-30.9c32.4 17.7 68.9 27 106.1 27h.1c122.3 0 224.1-99.6 224.1-222 0-59.3-25.2-115-67.1-157zm-157 341.6c-33.2 0-65.7-8.9-94-25.7l-6.7-4-69.8 18.3L72 359.2l-4.4-7c-18.5-29.4-28.2-63.3-28.2-98.2 0-101.7 82.8-184.5 184.6-184.5 49.3 0 95.6 19.2 130.4 54.1 34.8 34.9 56.2 81.2 56.1 130.5 0 101.8-84.9 184.6-186.6 184.6zm101.2-138.2c-5.5-2.8-32.8-16.2-37.9-18-5.1-1.9-8.8-2.8-12.5 2.8-3.7 5.6-14.3 18-17.6 21.8-3.2 3.7-6.5 4.2-12 1.4-32.6-16.3-54-29.1-75.5-66-5.7-9.8 5.7-9.1 16.3-30.3 1.8-3.7 .9-6.9-.5-9.7-1.4-2.8-12.5-30.1-17.1-41.2-4.5-10.8-9.1-9.3-12.5-9.5-3.2-.2-6.9-.2-10.6-.2-3.7 0-9.7 1.4-14.8 6.9-5.1 5.6-19.4 19-19.4 46.3 0 27.3 19.9 53.7 22.6 57.4 2.8 3.7 39.1 59.7 94.8 83.8 35.2 15.2 49 16.5 66.6 13.9 10.7-1.6 32.8-13.4 37.4-26.4 4.6-13 4.6-24.1 3.2-26.4-1.3-2.5-5-3.9-10.5-6.6z\"><\/path><\/svg><\/span><\/span><\/span><\/div>\n<\/div>\n","protected":false},"excerpt":{"rendered":"<p>La Palma ist nicht nur Vulkane, Sternenhimmel und magische Wanderwege.Die Geschichte der Insel ist ein Mosaik aus Kulturen, Eroberungen und Traditionen, die das heutige Gesicht der Isla Bonita gepr\u00e4gt haben. Von den alten Benahoaritas bis hin zum modernen Tourismus; jede Epoche hat tiefe Spuren in der Landschaft und in den Menschen hinterlassen. Die ersten Bewohner: [&hellip;]<\/p>\n","protected":false},"author":3,"featured_media":7531,"comment_status":"closed","ping_status":"closed","sticky":false,"template":"","format":"standard","meta":{"_uag_custom_page_level_css":"","site-sidebar-layout":"default","site-content-layout":"","ast-site-content-layout":"default","site-content-style":"default","site-sidebar-style":"default","ast-global-header-display":"","ast-banner-title-visibility":"","ast-main-header-display":"","ast-hfb-above-header-display":"","ast-hfb-below-header-display":"","ast-hfb-mobile-header-display":"","site-post-title":"","ast-breadcrumbs-content":"","ast-featured-img":"disabled","footer-sml-layout":"","ast-disable-related-posts":"","theme-transparent-header-meta":"","adv-header-id-meta":"","stick-header-meta":"","header-above-stick-meta":"","header-main-stick-meta":"","header-below-stick-meta":"","astra-migrate-meta-layouts":"set","ast-page-background-enabled":"default","ast-page-background-meta":{"desktop":{"background-color":"var(--ast-global-color-4)","background-image":"","background-repeat":"repeat","background-position":"center center","background-size":"auto","background-attachment":"scroll","background-type":"","background-media":"","overlay-type":"","overlay-color":"","overlay-opacity":"","overlay-gradient":""},"tablet":{"background-color":"","background-image":"","background-repeat":"repeat","background-position":"center center","background-size":"auto","background-attachment":"scroll","background-type":"","background-media":"","overlay-type":"","overlay-color":"","overlay-opacity":"","overlay-gradient":""},"mobile":{"background-color":"","background-image":"","background-repeat":"repeat","background-position":"center center","background-size":"auto","background-attachment":"scroll","background-type":"","background-media":"","overlay-type":"","overlay-color":"","overlay-opacity":"","overlay-gradient":""}},"ast-content-background-meta":{"desktop":{"background-color":"var(--ast-global-color-5)","background-image":"","background-repeat":"repeat","background-position":"center center","background-size":"auto","background-attachment":"scroll","background-type":"","background-media":"","overlay-type":"","overlay-color":"","overlay-opacity":"","overlay-gradient":""},"tablet":{"background-color":"var(--ast-global-color-5)","background-image":"","background-repeat":"repeat","background-position":"center center","background-size":"auto","background-attachment":"scroll","background-type":"","background-media":"","overlay-type":"","overlay-color":"","overlay-opacity":"","overlay-gradient":""},"mobile":{"background-color":"var(--ast-global-color-5)","background-image":"","background-repeat":"repeat","background-position":"center center","background-size":"auto","background-attachment":"scroll","background-type":"","background-media":"","overlay-type":"","overlay-color":"","overlay-opacity":"","overlay-gradient":""}},"footnotes":""},"categories":[128],"tags":[],"class_list":["post-634","post","type-post","status-publish","format-standard","has-post-thumbnail","hentry","category-ueber-la-palma"],"yoast_head":"<!-- This site is optimized with the Yoast SEO plugin v27.5 - https:\/\/yoast.com\/product\/yoast-seo-wordpress\/ -->\n<title>LA PALMA GESCHICHTE Von den Benahoaritas bis zum heute<\/title>\n<meta name=\"description\" content=\"Entdecken Sie die faszinierende La Palma Geschichte: von den Benahoaritas bis zum modernen Tourismusboom.\" \/>\n<meta name=\"robots\" content=\"index, follow, max-snippet:-1, max-image-preview:large, max-video-preview:-1\" \/>\n<link rel=\"canonical\" href=\"https:\/\/lapalmaisland.com\/de\/la-palma-geschichte\/\" \/>\n<meta property=\"og:locale\" content=\"de_DE\" \/>\n<meta property=\"og:type\" content=\"article\" \/>\n<meta property=\"og:title\" content=\"LA PALMA GESCHICHTE Von den Benahoaritas bis zum heute\" \/>\n<meta property=\"og:description\" content=\"Entdecken Sie die faszinierende La Palma Geschichte: von den Benahoaritas bis zum modernen Tourismusboom.\" \/>\n<meta property=\"og:url\" content=\"https:\/\/lapalmaisland.com\/de\/la-palma-geschichte\/\" \/>\n<meta property=\"og:site_name\" content=\"La Palma Insel\" \/>\n<meta property=\"article:published_time\" content=\"2023-08-15T10:47:38+00:00\" \/>\n<meta property=\"article:modified_time\" content=\"2025-11-22T20:09:31+00:00\" \/>\n<meta property=\"og:image\" content=\"https:\/\/lapalmaisland.com\/de\/wp-content\/uploads\/sites\/2\/2023\/08\/archaeologischer-Punkt-belmaco.webp\" \/>\n\t<meta property=\"og:image:width\" content=\"1024\" \/>\n\t<meta property=\"og:image:height\" content=\"720\" \/>\n\t<meta property=\"og:image:type\" content=\"image\/webp\" \/>\n<meta name=\"author\" content=\"lapalmaisland\" \/>\n<meta name=\"twitter:card\" content=\"summary_large_image\" \/>\n<meta name=\"twitter:label1\" content=\"Verfasst von\" \/>\n\t<meta name=\"twitter:data1\" content=\"lapalmaisland\" \/>\n\t<meta name=\"twitter:label2\" content=\"Gesch\u00e4tzte Lesezeit\" \/>\n\t<meta name=\"twitter:data2\" content=\"6\u00a0Minuten\" \/>\n<script type=\"application\/ld+json\" class=\"yoast-schema-graph\">{\"@context\":\"https:\\\/\\\/schema.org\",\"@graph\":[{\"@type\":\"Article\",\"@id\":\"https:\\\/\\\/lapalmaisland.com\\\/de\\\/la-palma-geschichte\\\/#article\",\"isPartOf\":{\"@id\":\"https:\\\/\\\/lapalmaisland.com\\\/de\\\/la-palma-geschichte\\\/\"},\"author\":{\"name\":\"lapalmaisland\",\"@id\":\"https:\\\/\\\/lapalmaisland.com\\\/de\\\/#\\\/schema\\\/person\\\/c9557d1d5cf6ba5ce59ba7efbbad36d6\"},\"headline\":\"La Palma Geschichte\",\"datePublished\":\"2023-08-15T10:47:38+00:00\",\"dateModified\":\"2025-11-22T20:09:31+00:00\",\"mainEntityOfPage\":{\"@id\":\"https:\\\/\\\/lapalmaisland.com\\\/de\\\/la-palma-geschichte\\\/\"},\"wordCount\":779,\"publisher\":{\"@id\":\"https:\\\/\\\/lapalmaisland.com\\\/de\\\/#organization\"},\"image\":{\"@id\":\"https:\\\/\\\/lapalmaisland.com\\\/de\\\/la-palma-geschichte\\\/#primaryimage\"},\"thumbnailUrl\":\"https:\\\/\\\/lapalmaisland.com\\\/de\\\/wp-content\\\/uploads\\\/sites\\\/2\\\/2023\\\/08\\\/archaeologischer-Punkt-belmaco.webp\",\"articleSection\":[\"\u00dcber La Palma\"],\"inLanguage\":\"de\"},{\"@type\":\"WebPage\",\"@id\":\"https:\\\/\\\/lapalmaisland.com\\\/de\\\/la-palma-geschichte\\\/\",\"url\":\"https:\\\/\\\/lapalmaisland.com\\\/de\\\/la-palma-geschichte\\\/\",\"name\":\"LA PALMA GESCHICHTE Von den Benahoaritas bis zum heute\",\"isPartOf\":{\"@id\":\"https:\\\/\\\/lapalmaisland.com\\\/de\\\/#website\"},\"primaryImageOfPage\":{\"@id\":\"https:\\\/\\\/lapalmaisland.com\\\/de\\\/la-palma-geschichte\\\/#primaryimage\"},\"image\":{\"@id\":\"https:\\\/\\\/lapalmaisland.com\\\/de\\\/la-palma-geschichte\\\/#primaryimage\"},\"thumbnailUrl\":\"https:\\\/\\\/lapalmaisland.com\\\/de\\\/wp-content\\\/uploads\\\/sites\\\/2\\\/2023\\\/08\\\/archaeologischer-Punkt-belmaco.webp\",\"datePublished\":\"2023-08-15T10:47:38+00:00\",\"dateModified\":\"2025-11-22T20:09:31+00:00\",\"description\":\"Entdecken Sie die faszinierende La Palma Geschichte: von den Benahoaritas bis zum modernen Tourismusboom.\",\"breadcrumb\":{\"@id\":\"https:\\\/\\\/lapalmaisland.com\\\/de\\\/la-palma-geschichte\\\/#breadcrumb\"},\"inLanguage\":\"de\",\"potentialAction\":[{\"@type\":\"ReadAction\",\"target\":[\"https:\\\/\\\/lapalmaisland.com\\\/de\\\/la-palma-geschichte\\\/\"]}]},{\"@type\":\"ImageObject\",\"inLanguage\":\"de\",\"@id\":\"https:\\\/\\\/lapalmaisland.com\\\/de\\\/la-palma-geschichte\\\/#primaryimage\",\"url\":\"https:\\\/\\\/lapalmaisland.com\\\/de\\\/wp-content\\\/uploads\\\/sites\\\/2\\\/2023\\\/08\\\/archaeologischer-Punkt-belmaco.webp\",\"contentUrl\":\"https:\\\/\\\/lapalmaisland.com\\\/de\\\/wp-content\\\/uploads\\\/sites\\\/2\\\/2023\\\/08\\\/archaeologischer-Punkt-belmaco.webp\",\"width\":1024,\"height\":720,\"caption\":\"arch\u00e4ologischer Punkt belmaco\"},{\"@type\":\"BreadcrumbList\",\"@id\":\"https:\\\/\\\/lapalmaisland.com\\\/de\\\/la-palma-geschichte\\\/#breadcrumb\",\"itemListElement\":[{\"@type\":\"ListItem\",\"position\":1,\"name\":\"Portada\",\"item\":\"https:\\\/\\\/lapalmaisland.com\\\/de\\\/\"},{\"@type\":\"ListItem\",\"position\":2,\"name\":\"La Palma Geschichte\"}]},{\"@type\":\"WebSite\",\"@id\":\"https:\\\/\\\/lapalmaisland.com\\\/de\\\/#website\",\"url\":\"https:\\\/\\\/lapalmaisland.com\\\/de\\\/\",\"name\":\"La Palma Insel\",\"description\":\"Entdecken Sie die faszinierende Insel La Palma: aktuelle Informationen, Reisef\u00fchrer und Aktivit\u00e4ten f\u00fcr ein unvergessliches Erlebnis.\",\"publisher\":{\"@id\":\"https:\\\/\\\/lapalmaisland.com\\\/de\\\/#organization\"},\"alternateName\":\"Die Sh\u00f6ne Insel\",\"potentialAction\":[{\"@type\":\"SearchAction\",\"target\":{\"@type\":\"EntryPoint\",\"urlTemplate\":\"https:\\\/\\\/lapalmaisland.com\\\/de\\\/?s={search_term_string}\"},\"query-input\":{\"@type\":\"PropertyValueSpecification\",\"valueRequired\":true,\"valueName\":\"search_term_string\"}}],\"inLanguage\":\"de\"},{\"@type\":\"Organization\",\"@id\":\"https:\\\/\\\/lapalmaisland.com\\\/de\\\/#organization\",\"name\":\"La Palma Insel\",\"url\":\"https:\\\/\\\/lapalmaisland.com\\\/de\\\/\",\"logo\":{\"@type\":\"ImageObject\",\"inLanguage\":\"de\",\"@id\":\"https:\\\/\\\/lapalmaisland.com\\\/de\\\/#\\\/schema\\\/logo\\\/image\\\/\",\"url\":\"https:\\\/\\\/lapalmaisland.com\\\/de\\\/wp-content\\\/uploads\\\/sites\\\/2\\\/2023\\\/08\\\/cropped-cropped-La-palma-island.png\",\"contentUrl\":\"https:\\\/\\\/lapalmaisland.com\\\/de\\\/wp-content\\\/uploads\\\/sites\\\/2\\\/2023\\\/08\\\/cropped-cropped-La-palma-island.png\",\"width\":180,\"height\":60,\"caption\":\"La Palma Insel\"},\"image\":{\"@id\":\"https:\\\/\\\/lapalmaisland.com\\\/de\\\/#\\\/schema\\\/logo\\\/image\\\/\"}},{\"@type\":\"Person\",\"@id\":\"https:\\\/\\\/lapalmaisland.com\\\/de\\\/#\\\/schema\\\/person\\\/c9557d1d5cf6ba5ce59ba7efbbad36d6\",\"name\":\"lapalmaisland\",\"image\":{\"@type\":\"ImageObject\",\"inLanguage\":\"de\",\"@id\":\"https:\\\/\\\/secure.gravatar.com\\\/avatar\\\/3907650c2aec3e3a89649d88beda991bfe30918903777d3ecdcdd90603bd91a4?s=96&d=mm&r=g\",\"url\":\"https:\\\/\\\/secure.gravatar.com\\\/avatar\\\/3907650c2aec3e3a89649d88beda991bfe30918903777d3ecdcdd90603bd91a4?s=96&d=mm&r=g\",\"contentUrl\":\"https:\\\/\\\/secure.gravatar.com\\\/avatar\\\/3907650c2aec3e3a89649d88beda991bfe30918903777d3ecdcdd90603bd91a4?s=96&d=mm&r=g\",\"caption\":\"lapalmaisland\"}}]}<\/script>\n<!-- \/ Yoast SEO plugin. -->","yoast_head_json":{"title":"LA PALMA GESCHICHTE Von den Benahoaritas bis zum heute","description":"Entdecken Sie die faszinierende La Palma Geschichte: von den Benahoaritas bis zum modernen Tourismusboom.","robots":{"index":"index","follow":"follow","max-snippet":"max-snippet:-1","max-image-preview":"max-image-preview:large","max-video-preview":"max-video-preview:-1"},"canonical":"https:\/\/lapalmaisland.com\/de\/la-palma-geschichte\/","og_locale":"de_DE","og_type":"article","og_title":"LA PALMA GESCHICHTE Von den Benahoaritas bis zum heute","og_description":"Entdecken Sie die faszinierende La Palma Geschichte: von den Benahoaritas bis zum modernen Tourismusboom.","og_url":"https:\/\/lapalmaisland.com\/de\/la-palma-geschichte\/","og_site_name":"La Palma Insel","article_published_time":"2023-08-15T10:47:38+00:00","article_modified_time":"2025-11-22T20:09:31+00:00","og_image":[{"width":1024,"height":720,"url":"https:\/\/lapalmaisland.com\/de\/wp-content\/uploads\/sites\/2\/2023\/08\/archaeologischer-Punkt-belmaco.webp","type":"image\/webp"}],"author":"lapalmaisland","twitter_card":"summary_large_image","twitter_misc":{"Verfasst von":"lapalmaisland","Gesch\u00e4tzte Lesezeit":"6\u00a0Minuten"},"schema":{"@context":"https:\/\/schema.org","@graph":[{"@type":"Article","@id":"https:\/\/lapalmaisland.com\/de\/la-palma-geschichte\/#article","isPartOf":{"@id":"https:\/\/lapalmaisland.com\/de\/la-palma-geschichte\/"},"author":{"name":"lapalmaisland","@id":"https:\/\/lapalmaisland.com\/de\/#\/schema\/person\/c9557d1d5cf6ba5ce59ba7efbbad36d6"},"headline":"La Palma Geschichte","datePublished":"2023-08-15T10:47:38+00:00","dateModified":"2025-11-22T20:09:31+00:00","mainEntityOfPage":{"@id":"https:\/\/lapalmaisland.com\/de\/la-palma-geschichte\/"},"wordCount":779,"publisher":{"@id":"https:\/\/lapalmaisland.com\/de\/#organization"},"image":{"@id":"https:\/\/lapalmaisland.com\/de\/la-palma-geschichte\/#primaryimage"},"thumbnailUrl":"https:\/\/lapalmaisland.com\/de\/wp-content\/uploads\/sites\/2\/2023\/08\/archaeologischer-Punkt-belmaco.webp","articleSection":["\u00dcber La Palma"],"inLanguage":"de"},{"@type":"WebPage","@id":"https:\/\/lapalmaisland.com\/de\/la-palma-geschichte\/","url":"https:\/\/lapalmaisland.com\/de\/la-palma-geschichte\/","name":"LA PALMA GESCHICHTE Von den Benahoaritas bis zum heute","isPartOf":{"@id":"https:\/\/lapalmaisland.com\/de\/#website"},"primaryImageOfPage":{"@id":"https:\/\/lapalmaisland.com\/de\/la-palma-geschichte\/#primaryimage"},"image":{"@id":"https:\/\/lapalmaisland.com\/de\/la-palma-geschichte\/#primaryimage"},"thumbnailUrl":"https:\/\/lapalmaisland.com\/de\/wp-content\/uploads\/sites\/2\/2023\/08\/archaeologischer-Punkt-belmaco.webp","datePublished":"2023-08-15T10:47:38+00:00","dateModified":"2025-11-22T20:09:31+00:00","description":"Entdecken Sie die faszinierende La Palma Geschichte: von den Benahoaritas bis zum modernen Tourismusboom.","breadcrumb":{"@id":"https:\/\/lapalmaisland.com\/de\/la-palma-geschichte\/#breadcrumb"},"inLanguage":"de","potentialAction":[{"@type":"ReadAction","target":["https:\/\/lapalmaisland.com\/de\/la-palma-geschichte\/"]}]},{"@type":"ImageObject","inLanguage":"de","@id":"https:\/\/lapalmaisland.com\/de\/la-palma-geschichte\/#primaryimage","url":"https:\/\/lapalmaisland.com\/de\/wp-content\/uploads\/sites\/2\/2023\/08\/archaeologischer-Punkt-belmaco.webp","contentUrl":"https:\/\/lapalmaisland.com\/de\/wp-content\/uploads\/sites\/2\/2023\/08\/archaeologischer-Punkt-belmaco.webp","width":1024,"height":720,"caption":"arch\u00e4ologischer Punkt belmaco"},{"@type":"BreadcrumbList","@id":"https:\/\/lapalmaisland.com\/de\/la-palma-geschichte\/#breadcrumb","itemListElement":[{"@type":"ListItem","position":1,"name":"Portada","item":"https:\/\/lapalmaisland.com\/de\/"},{"@type":"ListItem","position":2,"name":"La Palma Geschichte"}]},{"@type":"WebSite","@id":"https:\/\/lapalmaisland.com\/de\/#website","url":"https:\/\/lapalmaisland.com\/de\/","name":"La Palma Insel","description":"Entdecken Sie die faszinierende Insel La Palma: aktuelle Informationen, Reisef\u00fchrer und Aktivit\u00e4ten f\u00fcr ein unvergessliches Erlebnis.","publisher":{"@id":"https:\/\/lapalmaisland.com\/de\/#organization"},"alternateName":"Die Sh\u00f6ne Insel","potentialAction":[{"@type":"SearchAction","target":{"@type":"EntryPoint","urlTemplate":"https:\/\/lapalmaisland.com\/de\/?s={search_term_string}"},"query-input":{"@type":"PropertyValueSpecification","valueRequired":true,"valueName":"search_term_string"}}],"inLanguage":"de"},{"@type":"Organization","@id":"https:\/\/lapalmaisland.com\/de\/#organization","name":"La Palma Insel","url":"https:\/\/lapalmaisland.com\/de\/","logo":{"@type":"ImageObject","inLanguage":"de","@id":"https:\/\/lapalmaisland.com\/de\/#\/schema\/logo\/image\/","url":"https:\/\/lapalmaisland.com\/de\/wp-content\/uploads\/sites\/2\/2023\/08\/cropped-cropped-La-palma-island.png","contentUrl":"https:\/\/lapalmaisland.com\/de\/wp-content\/uploads\/sites\/2\/2023\/08\/cropped-cropped-La-palma-island.png","width":180,"height":60,"caption":"La Palma Insel"},"image":{"@id":"https:\/\/lapalmaisland.com\/de\/#\/schema\/logo\/image\/"}},{"@type":"Person","@id":"https:\/\/lapalmaisland.com\/de\/#\/schema\/person\/c9557d1d5cf6ba5ce59ba7efbbad36d6","name":"lapalmaisland","image":{"@type":"ImageObject","inLanguage":"de","@id":"https:\/\/secure.gravatar.com\/avatar\/3907650c2aec3e3a89649d88beda991bfe30918903777d3ecdcdd90603bd91a4?s=96&d=mm&r=g","url":"https:\/\/secure.gravatar.com\/avatar\/3907650c2aec3e3a89649d88beda991bfe30918903777d3ecdcdd90603bd91a4?s=96&d=mm&r=g","contentUrl":"https:\/\/secure.gravatar.com\/avatar\/3907650c2aec3e3a89649d88beda991bfe30918903777d3ecdcdd90603bd91a4?s=96&d=mm&r=g","caption":"lapalmaisland"}}]}},"uagb_featured_image_src":{"full":["https:\/\/lapalmaisland.com\/de\/wp-content\/uploads\/sites\/2\/2023\/08\/archaeologischer-Punkt-belmaco.webp",1024,720,false],"thumbnail":["https:\/\/lapalmaisland.com\/de\/wp-content\/uploads\/sites\/2\/2023\/08\/archaeologischer-Punkt-belmaco-150x150.webp",150,150,true],"medium":["https:\/\/lapalmaisland.com\/de\/wp-content\/uploads\/sites\/2\/2023\/08\/archaeologischer-Punkt-belmaco-300x211.webp",300,211,true],"medium_large":["https:\/\/lapalmaisland.com\/de\/wp-content\/uploads\/sites\/2\/2023\/08\/archaeologischer-Punkt-belmaco-768x540.webp",768,540,true],"large":["https:\/\/lapalmaisland.com\/de\/wp-content\/uploads\/sites\/2\/2023\/08\/archaeologischer-Punkt-belmaco.webp",1024,720,false],"1536x1536":["https:\/\/lapalmaisland.com\/de\/wp-content\/uploads\/sites\/2\/2023\/08\/archaeologischer-Punkt-belmaco.webp",1024,720,false],"2048x2048":["https:\/\/lapalmaisland.com\/de\/wp-content\/uploads\/sites\/2\/2023\/08\/archaeologischer-Punkt-belmaco.webp",1024,720,false]},"uagb_author_info":{"display_name":"lapalmaisland","author_link":"https:\/\/lapalmaisland.com\/de\/author\/lapalmaisland\/"},"uagb_comment_info":0,"uagb_excerpt":"La Palma ist nicht nur Vulkane, Sternenhimmel und magische Wanderwege.Die Geschichte der Insel ist ein Mosaik aus Kulturen, Eroberungen und Traditionen, die das heutige Gesicht der Isla Bonita gepr\u00e4gt haben. Von den alten Benahoaritas bis hin zum modernen Tourismus; jede Epoche hat tiefe Spuren in der Landschaft und in den Menschen hinterlassen. Die ersten Bewohner:&hellip;","_links":{"self":[{"href":"https:\/\/lapalmaisland.com\/de\/wp-json\/wp\/v2\/posts\/634","targetHints":{"allow":["GET"]}}],"collection":[{"href":"https:\/\/lapalmaisland.com\/de\/wp-json\/wp\/v2\/posts"}],"about":[{"href":"https:\/\/lapalmaisland.com\/de\/wp-json\/wp\/v2\/types\/post"}],"author":[{"embeddable":true,"href":"https:\/\/lapalmaisland.com\/de\/wp-json\/wp\/v2\/users\/3"}],"replies":[{"embeddable":true,"href":"https:\/\/lapalmaisland.com\/de\/wp-json\/wp\/v2\/comments?post=634"}],"version-history":[{"count":26,"href":"https:\/\/lapalmaisland.com\/de\/wp-json\/wp\/v2\/posts\/634\/revisions"}],"predecessor-version":[{"id":8945,"href":"https:\/\/lapalmaisland.com\/de\/wp-json\/wp\/v2\/posts\/634\/revisions\/8945"}],"wp:featuredmedia":[{"embeddable":true,"href":"https:\/\/lapalmaisland.com\/de\/wp-json\/wp\/v2\/media\/7531"}],"wp:attachment":[{"href":"https:\/\/lapalmaisland.com\/de\/wp-json\/wp\/v2\/media?parent=634"}],"wp:term":[{"taxonomy":"category","embeddable":true,"href":"https:\/\/lapalmaisland.com\/de\/wp-json\/wp\/v2\/categories?post=634"},{"taxonomy":"post_tag","embeddable":true,"href":"https:\/\/lapalmaisland.com\/de\/wp-json\/wp\/v2\/tags?post=634"}],"curies":[{"name":"wp","href":"https:\/\/api.w.org\/{rel}","templated":true}]}}