{"id":1182,"date":"2024-01-02T18:16:44","date_gmt":"2024-01-02T18:16:44","guid":{"rendered":"https:\/\/lapalmaisland.com\/fr\/?p=1182"},"modified":"2025-11-27T20:48:15","modified_gmt":"2025-11-27T20:48:15","slug":"la-cresteria-randonnee-la-palma","status":"publish","type":"post","link":"https:\/\/lapalmaisland.com\/fr\/la-cresteria-randonnee-la-palma\/","title":{"rendered":"La Cresteria Randonn\u00e9e"},"content":{"rendered":"\n<div class=\"inherit-container-width wp-block-group has-ast-global-color-6-background-color has-background is-layout-constrained wp-block-group-is-layout-constrained\" style=\"border-radius:15px\">\n<p style=\"font-size:18px\"><strong>S\u2019il existe un sentier qui r\u00e9sume la beaut\u00e9 sauvage et grandiose de La Palma, c\u2019est bien la Route de la Cr\u00eate<\/strong>.<br>C\u2019est l\u2019un des tron\u00e7ons les plus spectaculaires du GR 131, traversant les sommets de l\u2019\u00eele le long de la majestueuse Caldera de Taburiente.<\/p>\n\n\n\n<p style=\"font-size:18px\">Ici, <strong>tu marches entre ciel et terre, avec l\u2019oc\u00e9an de nuages \u00e0 tes pieds et les plus hauts sommets des Canaries \u00e0 l\u2019horizon.<\/strong><br>Une exp\u00e9rience unique o\u00f9 l\u2019on ressent battre le c\u0153ur de la terre sous ses pas.<\/p>\n\n\n\n<figure class=\"wp-block-image aligncenter size-full is-resized has-custom-border\"><img loading=\"lazy\" decoding=\"async\" width=\"1024\" height=\"670\" src=\"https:\/\/lapalmaisland.com\/fr\/wp-content\/uploads\/sites\/4\/2024\/01\/randonnee-aux-sommets-de-la-palma.webp\" alt=\"cresteria randonn\u00e9e\" class=\"wp-image-4215\" style=\"border-radius:15px;width:undefinedpx\" srcset=\"https:\/\/lapalmaisland.com\/fr\/wp-content\/uploads\/sites\/4\/2024\/01\/randonnee-aux-sommets-de-la-palma.webp 1024w, https:\/\/lapalmaisland.com\/fr\/wp-content\/uploads\/sites\/4\/2024\/01\/randonnee-aux-sommets-de-la-palma-300x196.webp 300w, https:\/\/lapalmaisland.com\/fr\/wp-content\/uploads\/sites\/4\/2024\/01\/randonnee-aux-sommets-de-la-palma-768x503.webp 768w\" sizes=\"auto, (max-width: 1024px) 100vw, 1024px\" \/><\/figure>\n\n\n\n<div style=\"height:10px\" aria-hidden=\"true\" class=\"wp-block-spacer\"><\/div>\n\n\n\n<h2 class=\"wp-block-heading has-text-align-center has-ast-global-color-4-color has-ast-global-color-2-background-color has-text-color has-background has-link-color wp-elements-48ecb59d5e0974b4f0a9a17ee636b092\" style=\"padding-top:var(--wp--preset--spacing--30);padding-right:var(--wp--preset--spacing--30);padding-bottom:var(--wp--preset--spacing--30);padding-left:var(--wp--preset--spacing--30)\">Informations techniques de la route<\/h2>\n\n\n\n<figure class=\"wp-block-table\"><table class=\"has-ast-global-color-4-background-color has-background has-fixed-layout\"><thead><tr><th><strong>Caract\u00e9ristique<\/strong><\/th><th><strong>D\u00e9tail<\/strong><\/th><\/tr><\/thead><tbody><tr><td><strong>Distance totale (compl\u00e8te)<\/strong><\/td><td>24 km<\/td><\/tr><tr><td><strong>Tron\u00e7on le plus populaire<\/strong><\/td><td>11,1 km (Roque de los Muchachos \u2013 Pico de la Nieve)<\/td><\/tr><tr><td><strong>D\u00e9nivel\u00e9 cumul\u00e9<\/strong><\/td><td>Environ \u2212400 m<\/td><\/tr><tr><td><strong>Altitude maximale<\/strong><\/td><td>2 423 m (Roque de los Muchachos)<\/td><\/tr><tr><td><strong>Altitude minimale<\/strong><\/td><td>2 030 m (Pico de la Nieve)<\/td><\/tr><tr><td><strong>Dur\u00e9e estim\u00e9e<\/strong><\/td><td>5\u20136 heures (tron\u00e7on principal)<\/td><\/tr><tr><td><strong>Difficult\u00e9<\/strong><\/td><td>\u00c9lev\u00e9e<\/td><\/tr><tr><td><strong>D\u00e9part<\/strong><\/td><td>Parking du Roque de los Muchachos<\/td><\/tr><tr><td><strong>Arriv\u00e9e<\/strong><\/td><td>Pico de la Nieve ou Puerto de Tazacorte<\/td><\/tr><\/tbody><\/table><\/figure>\n<\/div>\n\n\n\n<div style=\"height:20px\" aria-hidden=\"true\" class=\"wp-block-spacer\"><\/div>\n\n\n\n<div class=\"inherit-container-width wp-block-group has-ast-global-color-6-background-color has-background is-layout-constrained wp-block-group-is-layout-constrained\" style=\"border-radius:15px\">\n<h2 class=\"wp-block-heading has-text-align-center has-ast-global-color-5-color has-ast-global-color-2-background-color has-text-color has-background\" style=\"padding-top:var(--wp--preset--spacing--30);padding-right:var(--wp--preset--spacing--30);padding-bottom:var(--wp--preset--spacing--30);padding-left:var(--wp--preset--spacing--30)\">Pourquoi faire la Route de la Cr\u00eate<\/h2>\n\n\n\n<div class=\"wp-block-columns is-layout-flex wp-container-core-columns-is-layout-28f84493 wp-block-columns-is-layout-flex\">\n<div class=\"wp-block-column is-layout-flow wp-block-column-is-layout-flow\" style=\"padding-top:var(--wp--preset--spacing--30);padding-bottom:var(--wp--preset--spacing--30)\">\n<p style=\"font-size:18px\">C\u2019est une de ces exp\u00e9riences qui marquent pour toujours.<br>Marcher entre le ciel et la terre, entour\u00e9 de vues spectaculaires sur la <a href=\"https:\/\/lapalmaisland.com\/fr\/caldera-de-taburiente-la-palma\/\">Caldera de Taburiente<\/a>, la Cumbre Vieja et, par temps clair, Tenerife, La Gomera et El Hierro.<\/p>\n\n\n\n<p style=\"font-size:18px\">Une randonn\u00e9e exigeante, mais chaque pas offre une r\u00e9compense : paysages volcaniques, ph\u00e9nom\u00e8nes naturels comme la mer de nuages, et ce sentiment indescriptible d\u2019\u00eatre au sommet du monde.<\/p>\n<\/div>\n\n\n\n<div class=\"wp-block-column is-layout-flow wp-block-column-is-layout-flow\">\n<figure class=\"wp-block-image aligncenter size-full has-custom-border\"><img loading=\"lazy\" decoding=\"async\" width=\"1024\" height=\"670\" src=\"https:\/\/lapalmaisland.com\/fr\/wp-content\/uploads\/sites\/4\/2024\/01\/forets-de-pins.webp\" alt=\"for\u00eats de pins de l'\u00eele de la palma\" class=\"wp-image-4217\" style=\"border-radius:15px\" srcset=\"https:\/\/lapalmaisland.com\/fr\/wp-content\/uploads\/sites\/4\/2024\/01\/forets-de-pins.webp 1024w, https:\/\/lapalmaisland.com\/fr\/wp-content\/uploads\/sites\/4\/2024\/01\/forets-de-pins-300x196.webp 300w, https:\/\/lapalmaisland.com\/fr\/wp-content\/uploads\/sites\/4\/2024\/01\/forets-de-pins-768x503.webp 768w\" sizes=\"auto, (max-width: 1024px) 100vw, 1024px\" \/><\/figure>\n<\/div>\n<\/div>\n\n\n\n<h2 class=\"wp-block-heading has-text-align-center has-ast-global-color-4-color has-ast-global-color-2-background-color has-text-color has-background has-link-color wp-elements-e16a306e68be8eb64b7b1a41a4ef43ea\" style=\"padding-top:var(--wp--preset--spacing--30);padding-right:var(--wp--preset--spacing--30);padding-bottom:var(--wp--preset--spacing--30);padding-left:var(--wp--preset--spacing--30)\">Tron\u00e7on Roque de los Muchachos &#8211; Pico de la Nieve<\/h2>\n\n\n\n<p style=\"font-size:18px\">L\u2019aventure commence au parking du <a href=\"https:\/\/lapalmaisland.com\/fr\/pin-des-canaries\/\">Roque de los Muchachos<\/a>, \u00e0 2 423 m d\u2019altitude, entour\u00e9 de t\u00e9lescopes et de coupoles d\u2019observatoires qui semblent venir d\u2019une autre plan\u00e8te.<\/p>\n\n\n\n<p style=\"font-size:18px\">Le sentier descend ensuite le long de la cr\u00eate de la Caldera, avec des vues vertigineuses sur son int\u00e9rieur.<\/p>\n\n\n\n<div class=\"wp-block-columns is-layout-flex wp-container-core-columns-is-layout-28f84493 wp-block-columns-is-layout-flex\">\n<div class=\"wp-block-column is-layout-flow wp-block-column-is-layout-flow\">\n<p style=\"font-size:18px\">On atteint rapidement la<strong> Pared de Roberto et le <a href=\"https:\/\/lapalmaisland.com\/fr\/belvedere-los-andenes\/\">Mirador de Los Andenes<\/a>,<\/strong> d\u2019o\u00f9 l\u2019on peut admirer le Barranco de las Angustias et la R\u00e9serve naturelle du Pinar de Garaf\u00eda.<br>Le chemin continue vers <strong>Morro Negro et Pico de la Cruz<\/strong>, marqu\u00e9 par son point g\u00e9od\u00e9sique et sa croix en bois dress\u00e9e au bord du vide.<\/p>\n\n\n\n<p style=\"font-size:18px\"><strong>Apr\u00e8s environ 11 km de mont\u00e9es et descentes, on arrive au Pico de la Nieve, \u00e0 2 230 m d\u2019altitude.<\/strong><br>Les vues sont exceptionnelles : vers le sud, la Cumbre Vieja, et \u00e0 l\u2019est, la Caldera et les pentes descendant vers Santa Cruz de La Palma.<\/p>\n<\/div>\n\n\n\n<div class=\"wp-block-column is-layout-flow wp-block-column-is-layout-flow\">\n<div class=\"wp-block-cover aligncenter\"><img loading=\"lazy\" decoding=\"async\" width=\"315\" height=\"250\" class=\"wp-block-cover__image-background wp-image-4218\" alt=\"itin\u00e9raire roque de los muchachos\" src=\"https:\/\/lapalmaisland.com\/fr\/wp-content\/uploads\/sites\/4\/2024\/01\/Route-du-Muchachos.webp\" data-object-fit=\"cover\" srcset=\"https:\/\/lapalmaisland.com\/fr\/wp-content\/uploads\/sites\/4\/2024\/01\/Route-du-Muchachos.webp 315w, https:\/\/lapalmaisland.com\/fr\/wp-content\/uploads\/sites\/4\/2024\/01\/Route-du-Muchachos-300x238.webp 300w\" sizes=\"auto, (max-width: 315px) 100vw, 315px\" \/><span aria-hidden=\"true\" class=\"wp-block-cover__background has-background-dim-60 has-background-dim\" style=\"background-color:#0d0d0d\"><\/span><div class=\"wp-block-cover__inner-container is-layout-flow wp-block-cover-is-layout-flow\">\n<p class=\"has-text-align-center has-ast-global-color-4-color has-text-color has-background has-link-color wp-elements-21c70d6dcaeb752842b29032dd8ee436\" style=\"background-color:#fcb900b0;padding-top:var(--wp--preset--spacing--30);padding-right:var(--wp--preset--spacing--30);padding-bottom:var(--wp--preset--spacing--30);padding-left:var(--wp--preset--spacing--30);font-size:25px;line-height:1\">Rejoignez la Visite Guid\u00e9e : Du Roque de los Muchachos au Pico de la Nieve<\/p>\n\n\n\n<p class=\"has-text-align-center has-ast-global-color-4-color has-text-color has-link-color wp-elements-c85b653b73be2d488d7ec5a9d2dc9edc\" style=\"font-size:18px\">Au Bord de la Caldera del Taburiente : Une Excursion Autour du C\u0153ur de La Palma Une Aventure Inoubliable Vous Attend !<\/p>\n\n\n\n<div class=\"wp-block-buttons is-content-justification-center is-layout-flex wp-container-core-buttons-is-layout-a89b3969 wp-block-buttons-is-layout-flex\">\n<div class=\"wp-block-button is-style-outline is-style-outline--1\"><a class=\"wp-block-button__link has-ast-global-color-4-color has-text-color has-link-color has-border-color has-ast-global-color-4-border-color has-custom-font-size wp-element-button\" href=\"https:\/\/lapalmaisland.com\/fr\/la-palma-randonnee-au-sommet-avec-guide\/\" style=\"border-width:3px;font-size:18px\">D\u00e9couvrez la Route de la Cr\u00eate<\/a><\/div>\n<\/div>\n<\/div><\/div>\n<\/div>\n<\/div>\n\n\n\n<div class=\"wp-block-columns is-layout-flex wp-container-core-columns-is-layout-28f84493 wp-block-columns-is-layout-flex\">\n<div class=\"wp-block-column is-layout-flow wp-block-column-is-layout-flow\">\n<p class=\"has-text-align-center has-ast-global-color-2-background-color has-background\"><strong><mark style=\"background-color:rgba(0, 0, 0, 0)\" class=\"has-inline-color has-ast-global-color-5-color\">TON<\/mark><\/strong> <strong><mark style=\"background-color:rgba(0, 0, 0, 0)\" class=\"has-inline-color has-ast-global-color-5-color\">EXP\u00c9RIENCE<\/mark> <mark style=\"background-color:rgba(0, 0, 0, 0);color:#fcb900\" class=\"has-inline-color\">BRILLE ICI<\/mark><\/strong><\/p>\n\n\n\n<p class=\"has-text-align-center\">Si tu as visit\u00e9 cet endroit, partage ton ressenti et laisse une trace de ton passage. Aide d\u2019autres voyageurs \u00e0 d\u00e9couvrir la beaut\u00e9 authentique de La Palma.<\/p>\n\n\n\n\n\n\n<p class=\"has-text-align-right has-small-font-size\">L\u2019\u00e9valuation est totalement anonyme.<\/p>\n<\/div>\n<\/div>\n\n\n\n<h2 class=\"wp-block-heading has-text-align-center has-ast-global-color-4-color has-ast-global-color-2-background-color has-text-color has-background has-link-color wp-elements-08972ce3a2978e874d124fe3fdbd5762\" style=\"padding-top:var(--wp--preset--spacing--30);padding-right:var(--wp--preset--spacing--30);padding-bottom:var(--wp--preset--spacing--30);padding-left:var(--wp--preset--spacing--30)\">Flore et paysages<\/h2>\n\n\n\n<div class=\"wp-block-columns is-layout-flex wp-container-core-columns-is-layout-28f84493 wp-block-columns-is-layout-flex\">\n<div class=\"wp-block-column is-layout-flow wp-block-column-is-layout-flow\" style=\"padding-top:var(--wp--preset--spacing--50);padding-bottom:var(--wp--preset--spacing--50)\">\n<p style=\"font-size:18px\">La <strong>v\u00e9g\u00e9tation change avec l\u2019altitude<\/strong>.<br>Dans les zones les plus hautes dominent des arbustes r\u00e9sistants comme le <a href=\"https:\/\/lapalmaisland.com\/fr\/fleurs-de-la-palma\/\">codeso et le retam\u00f3n, ainsi que des fleurs end\u00e9miques<\/a>.<br>En descendant vers le Pico de la Nieve, on traverse de magnifiques <a href=\"https:\/\/lapalmaisland.com\/fr\/pin-des-canaries\/\">for\u00eats de pins<\/a> des Canaries.<br><strong>Au printemps et au d\u00e9but de l\u2019\u00e9t\u00e9, la floraison transforme les cr\u00eates en un v\u00e9ritable spectacle de couleurs<\/strong>.<\/p>\n<\/div>\n\n\n\n<div class=\"wp-block-column is-layout-flow wp-block-column-is-layout-flow\">\n<figure class=\"wp-block-image aligncenter size-full is-resized has-custom-border\"><img loading=\"lazy\" decoding=\"async\" width=\"1024\" height=\"670\" src=\"https:\/\/lapalmaisland.com\/fr\/wp-content\/uploads\/sites\/4\/2024\/01\/sentier-pour-aller-au-pic-de-la-nieve.webp\" alt=\"sentier pour aller au pic de la nieve la palma\" class=\"wp-image-4220\" style=\"border-radius:15px;width:undefinedpx\" srcset=\"https:\/\/lapalmaisland.com\/fr\/wp-content\/uploads\/sites\/4\/2024\/01\/sentier-pour-aller-au-pic-de-la-nieve.webp 1024w, https:\/\/lapalmaisland.com\/fr\/wp-content\/uploads\/sites\/4\/2024\/01\/sentier-pour-aller-au-pic-de-la-nieve-300x196.webp 300w, https:\/\/lapalmaisland.com\/fr\/wp-content\/uploads\/sites\/4\/2024\/01\/sentier-pour-aller-au-pic-de-la-nieve-768x503.webp 768w\" sizes=\"auto, (max-width: 1024px) 100vw, 1024px\" \/><figcaption class=\"wp-element-caption\">Sentier pour atteindre le Pico de La Nieve<\/figcaption><\/figure>\n<\/div>\n<\/div>\n\n\n\n<h2 class=\"wp-block-heading has-text-align-center has-ast-global-color-4-color has-ast-global-color-2-background-color has-text-color has-background has-link-color wp-elements-ff35bfba90ec815816630ceadbaaa915\" style=\"padding-top:var(--wp--preset--spacing--30);padding-right:var(--wp--preset--spacing--30);padding-bottom:var(--wp--preset--spacing--30);padding-left:var(--wp--preset--spacing--30)\">Une alternative plus courte et tranquille<\/h2>\n\n\n\n<p style=\"font-size:18px\">Pour ceux qui pr\u00e9f\u00e8rent une <strong>promenade plus courte, une variante de 5 km aller-retour existe.<\/strong><br>Elle commence sur le parking au bord de la route LP-4, juste avant le Roque de los Muchachos.<\/p>\n\n\n\n<ul style=\"font-size:18px\" class=\"wp-block-list has-ast-global-color-7-background-color has-background\">\n<li style=\"padding-top:var(--wp--preset--spacing--20);padding-bottom:var(--wp--preset--spacing--20)\">Ce <strong>parcours monte doucement jusqu\u2019au Pico de la Nieve<\/strong>, en suivant le trajet inverse du sentier principal.<\/li>\n\n\n\n<li style=\"padding-top:var(--wp--preset--spacing--20);padding-bottom:var(--wp--preset--spacing--20)\">On y d\u00e9couvre des <strong>pins, des <a href=\"https:\/\/lapalmaisland.com\/fr\/tabaiba-douce\/\">arbustes indig\u00e8nes<\/a> et de belles vues sur la c\u00f4te<\/strong>, sans la difficult\u00e9 de toute la cr\u00eate.<\/li>\n\n\n\n<li style=\"padding-top:var(--wp--preset--spacing--20);padding-bottom:var(--wp--preset--spacing--20)\">Par <strong>temps clair, on peut m\u00eame apercevoir <a href=\"https:\/\/lapalmaisland.com\/fr\/santa-cruz-de-la-palma\/\">Santa Cruz de La Palma<\/a> et les \u00eeles voisines<\/strong>.<\/li>\n\n\n\n<li style=\"padding-top:var(--wp--preset--spacing--20);padding-bottom:var(--wp--preset--spacing--20)\">C\u2019est l\u2019<strong>option parfaite pour une randonn\u00e9e paisible ou quand on dispose de peu de temps<\/strong>.<\/li>\n<\/ul>\n\n\n\n<figure class=\"wp-block-image aligncenter size-full has-custom-border\"><img loading=\"lazy\" decoding=\"async\" width=\"1024\" height=\"670\" src=\"https:\/\/lapalmaisland.com\/fr\/wp-content\/uploads\/sites\/4\/2024\/01\/interior-caldera-de-taburiente.webp\" alt=\"Int\u00e9rieur de La Caldera de Taburiente\" class=\"wp-image-1184\" style=\"border-radius:15px\" srcset=\"https:\/\/lapalmaisland.com\/fr\/wp-content\/uploads\/sites\/4\/2024\/01\/interior-caldera-de-taburiente.webp 1024w, https:\/\/lapalmaisland.com\/fr\/wp-content\/uploads\/sites\/4\/2024\/01\/interior-caldera-de-taburiente-300x196.webp 300w, https:\/\/lapalmaisland.com\/fr\/wp-content\/uploads\/sites\/4\/2024\/01\/interior-caldera-de-taburiente-768x503.webp 768w\" sizes=\"auto, (max-width: 1024px) 100vw, 1024px\" \/><figcaption class=\"wp-element-caption\">Int\u00e9rieur de La Caldera de Taburiente<\/figcaption><\/figure>\n\n\n\n<h2 class=\"wp-block-heading has-text-align-center has-ast-global-color-4-color has-ast-global-color-2-background-color has-text-color has-background has-link-color wp-elements-a8fe4afea09bac10b2d170ef4ca48f97\" style=\"padding-top:var(--wp--preset--spacing--30);padding-right:var(--wp--preset--spacing--30);padding-bottom:var(--wp--preset--spacing--30);padding-left:var(--wp--preset--spacing--30)\">Conseils pratiques pour en profiter au maximum<\/h2>\n\n\n\n<ul style=\"font-size:18px\" class=\"wp-block-list has-ast-global-color-7-background-color has-background\">\n<li style=\"padding-top:var(--wp--preset--spacing--20);padding-bottom:var(--wp--preset--spacing--20)\"><strong>\u00c9quipe-toi correctement : <\/strong>chaussures de marche, v\u00eatements de montagne, eau, nourriture, cr\u00e8me solaire et casquette.<\/li>\n\n\n\n<li style=\"padding-top:var(--wp--preset--spacing--20);padding-bottom:var(--wp--preset--spacing--20)\"><strong>Pr\u00e9vois des v\u00eatements chauds :<\/strong> il peut faire froid au sommet, m\u00eame quand la c\u00f4te est chaude.<\/li>\n\n\n\n<li style=\"padding-top:var(--wp--preset--spacing--20);padding-bottom:var(--wp--preset--spacing--20)\"><strong>V\u00e9rifie la m\u00e9t\u00e9o : <\/strong>\u00e9vite les jours de brouillard ou de vent fort.<\/li>\n\n\n\n<li style=\"padding-top:var(--wp--preset--spacing--20);padding-bottom:var(--wp--preset--spacing--20)\"><strong>Respecte la nature :<\/strong> ne cueille pas de fleurs et ne d\u00e9range pas la flore locale.<\/li>\n\n\n\n<li style=\"padding-top:var(--wp--preset--spacing--20);padding-bottom:var(--wp--preset--spacing--20)\"><strong>Garde ton t\u00e9l\u00e9phone charg\u00e9 :<\/strong> emporte une carte ou une application de randonn\u00e9e.<\/li>\n<\/ul>\n\n\n\n<figure class=\"wp-block-image aligncenter size-full has-custom-border\"><img loading=\"lazy\" decoding=\"async\" width=\"1000\" height=\"150\" src=\"https:\/\/lapalmaisland.com\/fr\/wp-content\/uploads\/sites\/4\/2023\/11\/recomendaciones-ruta-de-los-volcanes.webp\" alt=\"Recommandations randonn\u00e9es \u00e0 La Palma\" class=\"wp-image-161\" style=\"border-radius:15px\" srcset=\"https:\/\/lapalmaisland.com\/fr\/wp-content\/uploads\/sites\/4\/2023\/11\/recomendaciones-ruta-de-los-volcanes.webp 1000w, https:\/\/lapalmaisland.com\/fr\/wp-content\/uploads\/sites\/4\/2023\/11\/recomendaciones-ruta-de-los-volcanes-300x45.webp 300w, https:\/\/lapalmaisland.com\/fr\/wp-content\/uploads\/sites\/4\/2023\/11\/recomendaciones-ruta-de-los-volcanes-768x115.webp 768w\" sizes=\"auto, (max-width: 1000px) 100vw, 1000px\" \/><\/figure>\n<\/div>\n\n\n\n<div style=\"height:20px\" aria-hidden=\"true\" class=\"wp-block-spacer\"><\/div>\n\n\n\n<div class=\"wp-block-columns has-ast-global-color-2-background-color has-background is-layout-flex wp-container-core-columns-is-layout-8d88fe0f wp-block-columns-is-layout-flex\" style=\"border-radius:15px;padding-top:var(--wp--preset--spacing--20);padding-bottom:var(--wp--preset--spacing--20)\">\n<div class=\"wp-block-column is-layout-flow wp-block-column-is-layout-flow\" style=\"padding-top:var(--wp--preset--spacing--30);padding-bottom:var(--wp--preset--spacing--30)\">\n<div id=\"carte\" class=\"wp-block-group has-ast-global-color-4-color has-text-color has-large-font-size is-layout-constrained wp-block-group-is-layout-constrained\" style=\"padding-top:0;padding-bottom:0\">\n<h2 class=\"wp-block-heading has-text-align-center has-ast-global-color-5-color has-text-color has-link-color has-medium-font-size wp-elements-62c0c5d4cda74787f4b6721680b2dad6\">La Cresteria Randonn\u00e9e La Palma carte point de d\u00e9part<\/h2>\n\n\n\n<figure class=\"wp-block-image aligncenter size-large has-custom-border\"><a href=\"https:\/\/lapalmaisland.com\/fr\/map\/?marcador=senderoscresteria\"><img loading=\"lazy\" decoding=\"async\" width=\"1024\" height=\"559\" src=\"https:\/\/lapalmaisland.com\/fr\/wp-content\/uploads\/sites\/4\/2023\/12\/La-Palma-carte-interactive-1024x559.webp\" alt=\"La-Palma-carte-interactive - Volcan Tajogaite\" class=\"wp-image-2456\" style=\"border-radius:15px\" srcset=\"https:\/\/lapalmaisland.com\/fr\/wp-content\/uploads\/sites\/4\/2023\/12\/La-Palma-carte-interactive-1024x559.webp 1024w, https:\/\/lapalmaisland.com\/fr\/wp-content\/uploads\/sites\/4\/2023\/12\/La-Palma-carte-interactive-300x164.webp 300w, https:\/\/lapalmaisland.com\/fr\/wp-content\/uploads\/sites\/4\/2023\/12\/La-Palma-carte-interactive-768x419.webp 768w, https:\/\/lapalmaisland.com\/fr\/wp-content\/uploads\/sites\/4\/2023\/12\/La-Palma-carte-interactive.webp 1100w\" sizes=\"auto, (max-width: 1024px) 100vw, 1024px\" \/><\/a><\/figure>\n<\/div>\n<\/div>\n<\/div>\n\n\n\n<div style=\"height:30px\" aria-hidden=\"true\" class=\"wp-block-spacer\"><\/div>\n\n\n\n<div class=\"wp-block-uagb-social-share uagb-social-share__outer-wrap uagb-social-share__layout-horizontal uagb-block-4446023f\">\n<div class=\"wp-block-uagb-social-share-child uagb-ss-repeater uagb-ss__wrapper uagb-block-a042eff1\"><span class=\"uagb-ss__link\" data-href=\"https:\/\/www.facebook.com\/sharer.php?u=\" tabindex=\"0\" role=\"button\" aria-label=\"facebook\"><span class=\"uagb-ss__source-wrap\"><span class=\"uagb-ss__source-icon\"><svg xmlns=\"https:\/\/www.w3.org\/2000\/svg\" viewBox=\"0 0 512 512\"><path d=\"M504 256C504 119 393 8 256 8S8 119 8 256c0 123.8 90.69 226.4 209.3 245V327.7h-63V256h63v-54.64c0-62.15 37-96.48 93.67-96.48 27.14 0 55.52 4.84 55.52 4.84v61h-31.28c-30.8 0-40.41 19.12-40.41 38.73V256h68.78l-11 71.69h-57.78V501C413.3 482.4 504 379.8 504 256z\"><\/path><\/svg><\/span><\/span><\/span><\/div>\n\n\n\n<div class=\"wp-block-uagb-social-share-child uagb-ss-repeater uagb-ss__wrapper uagb-block-b37997d8\"><span class=\"uagb-ss__link\" data-href=\"https:\/\/twitter.com\/share?url=\" tabindex=\"0\" role=\"button\" aria-label=\"twitter\"><span class=\"uagb-ss__source-wrap\"><span class=\"uagb-ss__source-icon\"><svg xmlns=\"https:\/\/www.w3.org\/2000\/svg\" viewBox=\"0 0 448 512\"><path d=\"M400 32H48C21.5 32 0 53.5 0 80v352c0 26.5 21.5 48 48 48h352c26.5 0 48-21.5 48-48V80c0-26.5-21.5-48-48-48zm-48.9 158.8c.2 2.8 .2 5.7 .2 8.5 0 86.7-66 186.6-186.6 186.6-37.2 0-71.7-10.8-100.7-29.4 5.3 .6 10.4 .8 15.8 .8 30.7 0 58.9-10.4 81.4-28-28.8-.6-53-19.5-61.3-45.5 10.1 1.5 19.2 1.5 29.6-1.2-30-6.1-52.5-32.5-52.5-64.4v-.8c8.7 4.9 18.9 7.9 29.6 8.3a65.45 65.45 0 0 1 -29.2-54.6c0-12.2 3.2-23.4 8.9-33.1 32.3 39.8 80.8 65.8 135.2 68.6-9.3-44.5 24-80.6 64-80.6 18.9 0 35.9 7.9 47.9 20.7 14.8-2.8 29-8.3 41.6-15.8-4.9 15.2-15.2 28-28.8 36.1 13.2-1.4 26-5.1 37.8-10.2-8.9 13.1-20.1 24.7-32.9 34z\"><\/path><\/svg><\/span><\/span><\/span><\/div>\n\n\n\n<div class=\"wp-block-uagb-social-share-child uagb-ss-repeater uagb-ss__wrapper uagb-block-fdfff850\"><span class=\"uagb-ss__link\" data-href=\"https:\/\/pinterest.com\/pin\/create\/link\/?url=\" tabindex=\"0\" role=\"button\" aria-label=\"pinterest\"><span class=\"uagb-ss__source-wrap\"><span class=\"uagb-ss__source-icon\"><svg xmlns=\"https:\/\/www.w3.org\/2000\/svg\" viewBox=\"0 0 448 512\"><path d=\"M448 80v352c0 26.5-21.5 48-48 48H154.4c9.8-16.4 22.4-40 27.4-59.3 3-11.5 15.3-58.4 15.3-58.4 8 15.3 31.4 28.2 56.3 28.2 74.1 0 127.4-68.1 127.4-152.7 0-81.1-66.2-141.8-151.4-141.8-106 0-162.2 71.1-162.2 148.6 0 36 19.2 80.8 49.8 95.1 4.7 2.2 7.1 1.2 8.2-3.3 .8-3.4 5-20.1 6.8-27.8 .6-2.5 .3-4.6-1.7-7-10.1-12.3-18.3-34.9-18.3-56 0-54.2 41-106.6 110.9-106.6 60.3 0 102.6 41.1 102.6 99.9 0 66.4-33.5 112.4-77.2 112.4-24.1 0-42.1-19.9-36.4-44.4 6.9-29.2 20.3-60.7 20.3-81.8 0-53-75.5-45.7-75.5 25 0 21.7 7.3 36.5 7.3 36.5-31.4 132.8-36.1 134.5-29.6 192.6l2.2 .8H48c-26.5 0-48-21.5-48-48V80c0-26.5 21.5-48 48-48h352c26.5 0 48 21.5 48 48z\"><\/path><\/svg><\/span><\/span><\/span><\/div>\n\n\n\n<div class=\"wp-block-uagb-social-share-child uagb-ss-repeater uagb-ss__wrapper uagb-block-4b0c0f4f\"><span class=\"uagb-ss__link\" data-href=\"https:\/\/www.linkedin.com\/shareArticle?url=\" tabindex=\"0\" role=\"button\" aria-label=\"linkedin\"><span class=\"uagb-ss__source-wrap\"><span class=\"uagb-ss__source-icon\"><svg xmlns=\"https:\/\/www.w3.org\/2000\/svg\" viewBox=\"0 0 448 512\"><path d=\"M416 32H31.9C14.3 32 0 46.5 0 64.3v383.4C0 465.5 14.3 480 31.9 480H416c17.6 0 32-14.5 32-32.3V64.3c0-17.8-14.4-32.3-32-32.3zM135.4 416H69V202.2h66.5V416zm-33.2-243c-21.3 0-38.5-17.3-38.5-38.5S80.9 96 102.2 96c21.2 0 38.5 17.3 38.5 38.5 0 21.3-17.2 38.5-38.5 38.5zm282.1 243h-66.4V312c0-24.8-.5-56.7-34.5-56.7-34.6 0-39.9 27-39.9 54.9V416h-66.4V202.2h63.7v29.2h.9c8.9-16.8 30.6-34.5 62.9-34.5 67.2 0 79.7 44.3 79.7 101.9V416z\"><\/path><\/svg><\/span><\/span><\/span><\/div>\n\n\n\n<div class=\"wp-block-uagb-social-share-child uagb-ss-repeater uagb-ss__wrapper uagb-block-62523f5b\"><span class=\"uagb-ss__link\" data-href=\"https:\/\/telegram.me\/share\/url?url=\" tabindex=\"0\" role=\"button\" aria-label=\"telegram\"><span class=\"uagb-ss__source-wrap\"><span class=\"uagb-ss__source-icon\"><svg xmlns=\"https:\/\/www.w3.org\/2000\/svg\" viewBox=\"0 0 496 512\"><path d=\"M248 8C111 8 0 119 0 256S111 504 248 504 496 392.1 496 256 384.1 8 248 8zM362.1 176.7c-3.732 39.22-19.88 134.4-28.1 178.3-3.476 18.58-10.32 24.82-16.95 25.42-14.4 1.326-25.34-9.517-39.29-18.66-21.83-14.31-34.16-23.22-55.35-37.18-24.49-16.14-8.612-25 5.342-39.5 3.652-3.793 67.11-61.51 68.33-66.75 .153-.655 .3-3.1-1.154-4.384s-3.59-.849-5.135-.5q-3.283 .746-104.6 69.14-14.85 10.19-26.89 9.934c-8.855-.191-25.89-5.006-38.55-9.123-15.53-5.048-27.88-7.717-26.8-16.29q.84-6.7 18.45-13.7 108.4-47.25 144.6-62.3c68.87-28.65 83.18-33.62 92.51-33.79 2.052-.034 6.639 .474 9.61 2.885a10.45 10.45 0 0 1 3.53 6.716A43.76 43.76 0 0 1 362.1 176.7z\"><\/path><\/svg><\/span><\/span><\/span><\/div>\n\n\n\n<div class=\"wp-block-uagb-social-share-child uagb-ss-repeater uagb-ss__wrapper uagb-block-2d9c7c52\"><span class=\"uagb-ss__link\" data-href=\"https:\/\/api.whatsapp.com\/send?text=\" tabindex=\"0\" role=\"button\" aria-label=\"whatsapp\"><span class=\"uagb-ss__source-wrap\"><span class=\"uagb-ss__source-icon\"><svg xmlns=\"https:\/\/www.w3.org\/2000\/svg\" viewBox=\"0 0 448 512\"><path d=\"M380.9 97.1C339 55.1 283.2 32 223.9 32c-122.4 0-222 99.6-222 222 0 39.1 10.2 77.3 29.6 111L0 480l117.7-30.9c32.4 17.7 68.9 27 106.1 27h.1c122.3 0 224.1-99.6 224.1-222 0-59.3-25.2-115-67.1-157zm-157 341.6c-33.2 0-65.7-8.9-94-25.7l-6.7-4-69.8 18.3L72 359.2l-4.4-7c-18.5-29.4-28.2-63.3-28.2-98.2 0-101.7 82.8-184.5 184.6-184.5 49.3 0 95.6 19.2 130.4 54.1 34.8 34.9 56.2 81.2 56.1 130.5 0 101.8-84.9 184.6-186.6 184.6zm101.2-138.2c-5.5-2.8-32.8-16.2-37.9-18-5.1-1.9-8.8-2.8-12.5 2.8-3.7 5.6-14.3 18-17.6 21.8-3.2 3.7-6.5 4.2-12 1.4-32.6-16.3-54-29.1-75.5-66-5.7-9.8 5.7-9.1 16.3-30.3 1.8-3.7 .9-6.9-.5-9.7-1.4-2.8-12.5-30.1-17.1-41.2-4.5-10.8-9.1-9.3-12.5-9.5-3.2-.2-6.9-.2-10.6-.2-3.7 0-9.7 1.4-14.8 6.9-5.1 5.6-19.4 19-19.4 46.3 0 27.3 19.9 53.7 22.6 57.4 2.8 3.7 39.1 59.7 94.8 83.8 35.2 15.2 49 16.5 66.6 13.9 10.7-1.6 32.8-13.4 37.4-26.4 4.6-13 4.6-24.1 3.2-26.4-1.3-2.5-5-3.9-10.5-6.6z\"><\/path><\/svg><\/span><\/span><\/span><\/div>\n<\/div>\n","protected":false},"excerpt":{"rendered":"<p>La Cresteria Randonn\u00e9e \u00e0 La Palma vous emm\u00e8ne dans un voyage majestueux le long du GR 131, offrant des panoramas \u00e0 couper le souffle.<\/p>\n","protected":false},"author":1,"featured_media":4220,"comment_status":"closed","ping_status":"closed","sticky":false,"template":"","format":"standard","meta":{"_uag_custom_page_level_css":"","site-sidebar-layout":"default","site-content-layout":"","ast-site-content-layout":"default","site-content-style":"default","site-sidebar-style":"default","ast-global-header-display":"","ast-banner-title-visibility":"","ast-main-header-display":"","ast-hfb-above-header-display":"","ast-hfb-below-header-display":"","ast-hfb-mobile-header-display":"","site-post-title":"","ast-breadcrumbs-content":"","ast-featured-img":"disabled","footer-sml-layout":"","ast-disable-related-posts":"","theme-transparent-header-meta":"","adv-header-id-meta":"","stick-header-meta":"","header-above-stick-meta":"","header-main-stick-meta":"","header-below-stick-meta":"","astra-migrate-meta-layouts":"set","ast-page-background-enabled":"default","ast-page-background-meta":{"desktop":{"background-color":"var(--ast-global-color-4)","background-image":"","background-repeat":"repeat","background-position":"center center","background-size":"auto","background-attachment":"scroll","background-type":"","background-media":"","overlay-type":"","overlay-color":"","overlay-opacity":"","overlay-gradient":""},"tablet":{"background-color":"","background-image":"","background-repeat":"repeat","background-position":"center center","background-size":"auto","background-attachment":"scroll","background-type":"","background-media":"","overlay-type":"","overlay-color":"","overlay-opacity":"","overlay-gradient":""},"mobile":{"background-color":"","background-image":"","background-repeat":"repeat","background-position":"center center","background-size":"auto","background-attachment":"scroll","background-type":"","background-media":"","overlay-type":"","overlay-color":"","overlay-opacity":"","overlay-gradient":""}},"ast-content-background-meta":{"desktop":{"background-color":"var(--ast-global-color-5)","background-image":"","background-repeat":"repeat","background-position":"center center","background-size":"auto","background-attachment":"scroll","background-type":"","background-media":"","overlay-type":"","overlay-color":"","overlay-opacity":"","overlay-gradient":""},"tablet":{"background-color":"var(--ast-global-color-5)","background-image":"","background-repeat":"repeat","background-position":"center center","background-size":"auto","background-attachment":"scroll","background-type":"","background-media":"","overlay-type":"","overlay-color":"","overlay-opacity":"","overlay-gradient":""},"mobile":{"background-color":"var(--ast-global-color-5)","background-image":"","background-repeat":"repeat","background-position":"center center","background-size":"auto","background-attachment":"scroll","background-type":"","background-media":"","overlay-type":"","overlay-color":"","overlay-opacity":"","overlay-gradient":""}},"footnotes":""},"categories":[110],"tags":[],"class_list":["post-1182","post","type-post","status-publish","format-standard","has-post-thumbnail","hentry","category-randonnees"],"yoast_head":"<!-- This site is optimized with the Yoast SEO plugin v27.4 - https:\/\/yoast.com\/product\/yoast-seo-wordpress\/ -->\n<title>Randonn\u00e9e du Roque de los Muchachos LA CRESTERIA : au-dessus des nuages<\/title>\n<meta name=\"description\" content=\"Parcourez la Cresteria Randonn\u00e9e \u00e0 La Palma, une portion \u00e9poustouflante du sentier GR 131, reliant Roque de los Muchachos au Pico de la Nieve.\" \/>\n<meta name=\"robots\" content=\"index, follow, max-snippet:-1, max-image-preview:large, max-video-preview:-1\" \/>\n<link rel=\"canonical\" href=\"https:\/\/lapalmaisland.com\/fr\/la-cresteria-randonnee-la-palma\/\" \/>\n<meta property=\"og:locale\" content=\"fr_FR\" \/>\n<meta property=\"og:type\" content=\"article\" \/>\n<meta property=\"og:title\" content=\"Randonn\u00e9e du Roque de los Muchachos LA CRESTERIA : au-dessus des nuages\" \/>\n<meta property=\"og:description\" content=\"Parcourez la Cresteria Randonn\u00e9e \u00e0 La Palma, une portion \u00e9poustouflante du sentier GR 131, reliant Roque de los Muchachos au Pico de la Nieve.\" \/>\n<meta property=\"og:url\" content=\"https:\/\/lapalmaisland.com\/fr\/la-cresteria-randonnee-la-palma\/\" \/>\n<meta property=\"og:site_name\" content=\"La Palma \u00cele\" \/>\n<meta property=\"article:published_time\" content=\"2024-01-02T18:16:44+00:00\" \/>\n<meta property=\"article:modified_time\" content=\"2025-11-27T20:48:15+00:00\" \/>\n<meta property=\"og:image\" content=\"https:\/\/lapalmaisland.com\/fr\/wp-content\/uploads\/sites\/4\/2024\/01\/sentier-pour-aller-au-pic-de-la-nieve.webp\" \/>\n\t<meta property=\"og:image:width\" content=\"1024\" \/>\n\t<meta property=\"og:image:height\" content=\"670\" \/>\n\t<meta property=\"og:image:type\" content=\"image\/webp\" \/>\n<meta name=\"author\" content=\"La Palma island\" \/>\n<meta name=\"twitter:card\" content=\"summary_large_image\" \/>\n<meta name=\"twitter:label1\" content=\"\u00c9crit par\" \/>\n\t<meta name=\"twitter:data1\" content=\"La Palma island\" \/>\n\t<meta name=\"twitter:label2\" content=\"Dur\u00e9e de lecture estim\u00e9e\" \/>\n\t<meta name=\"twitter:data2\" content=\"6 minutes\" \/>\n<script type=\"application\/ld+json\" class=\"yoast-schema-graph\">{\"@context\":\"https:\\\/\\\/schema.org\",\"@graph\":[{\"@type\":\"Article\",\"@id\":\"https:\\\/\\\/lapalmaisland.com\\\/fr\\\/la-cresteria-randonnee-la-palma\\\/#article\",\"isPartOf\":{\"@id\":\"https:\\\/\\\/lapalmaisland.com\\\/fr\\\/la-cresteria-randonnee-la-palma\\\/\"},\"author\":{\"name\":\"La Palma island\",\"@id\":\"https:\\\/\\\/lapalmaisland.com\\\/fr\\\/#\\\/schema\\\/person\\\/d22befbeabeee2669fa56b89d4a34675\"},\"headline\":\"La Cresteria Randonn\u00e9e\",\"datePublished\":\"2024-01-02T18:16:44+00:00\",\"dateModified\":\"2025-11-27T20:48:15+00:00\",\"mainEntityOfPage\":{\"@id\":\"https:\\\/\\\/lapalmaisland.com\\\/fr\\\/la-cresteria-randonnee-la-palma\\\/\"},\"wordCount\":815,\"publisher\":{\"@id\":\"https:\\\/\\\/lapalmaisland.com\\\/fr\\\/#organization\"},\"image\":{\"@id\":\"https:\\\/\\\/lapalmaisland.com\\\/fr\\\/la-cresteria-randonnee-la-palma\\\/#primaryimage\"},\"thumbnailUrl\":\"https:\\\/\\\/lapalmaisland.com\\\/fr\\\/wp-content\\\/uploads\\\/sites\\\/4\\\/2024\\\/01\\\/sentier-pour-aller-au-pic-de-la-nieve.webp\",\"articleSection\":[\"Randonn\u00e9es\"],\"inLanguage\":\"fr-FR\"},{\"@type\":\"WebPage\",\"@id\":\"https:\\\/\\\/lapalmaisland.com\\\/fr\\\/la-cresteria-randonnee-la-palma\\\/\",\"url\":\"https:\\\/\\\/lapalmaisland.com\\\/fr\\\/la-cresteria-randonnee-la-palma\\\/\",\"name\":\"Randonn\u00e9e du Roque de los Muchachos LA CRESTERIA : au-dessus des nuages\",\"isPartOf\":{\"@id\":\"https:\\\/\\\/lapalmaisland.com\\\/fr\\\/#website\"},\"primaryImageOfPage\":{\"@id\":\"https:\\\/\\\/lapalmaisland.com\\\/fr\\\/la-cresteria-randonnee-la-palma\\\/#primaryimage\"},\"image\":{\"@id\":\"https:\\\/\\\/lapalmaisland.com\\\/fr\\\/la-cresteria-randonnee-la-palma\\\/#primaryimage\"},\"thumbnailUrl\":\"https:\\\/\\\/lapalmaisland.com\\\/fr\\\/wp-content\\\/uploads\\\/sites\\\/4\\\/2024\\\/01\\\/sentier-pour-aller-au-pic-de-la-nieve.webp\",\"datePublished\":\"2024-01-02T18:16:44+00:00\",\"dateModified\":\"2025-11-27T20:48:15+00:00\",\"description\":\"Parcourez la Cresteria Randonn\u00e9e \u00e0 La Palma, une portion \u00e9poustouflante du sentier GR 131, reliant Roque de los Muchachos au Pico de la Nieve.\",\"breadcrumb\":{\"@id\":\"https:\\\/\\\/lapalmaisland.com\\\/fr\\\/la-cresteria-randonnee-la-palma\\\/#breadcrumb\"},\"inLanguage\":\"fr-FR\",\"potentialAction\":[{\"@type\":\"ReadAction\",\"target\":[\"https:\\\/\\\/lapalmaisland.com\\\/fr\\\/la-cresteria-randonnee-la-palma\\\/\"]}]},{\"@type\":\"ImageObject\",\"inLanguage\":\"fr-FR\",\"@id\":\"https:\\\/\\\/lapalmaisland.com\\\/fr\\\/la-cresteria-randonnee-la-palma\\\/#primaryimage\",\"url\":\"https:\\\/\\\/lapalmaisland.com\\\/fr\\\/wp-content\\\/uploads\\\/sites\\\/4\\\/2024\\\/01\\\/sentier-pour-aller-au-pic-de-la-nieve.webp\",\"contentUrl\":\"https:\\\/\\\/lapalmaisland.com\\\/fr\\\/wp-content\\\/uploads\\\/sites\\\/4\\\/2024\\\/01\\\/sentier-pour-aller-au-pic-de-la-nieve.webp\",\"width\":1024,\"height\":670,\"caption\":\"sentier pour aller au pic de la nieve la palma\"},{\"@type\":\"BreadcrumbList\",\"@id\":\"https:\\\/\\\/lapalmaisland.com\\\/fr\\\/la-cresteria-randonnee-la-palma\\\/#breadcrumb\",\"itemListElement\":[{\"@type\":\"ListItem\",\"position\":1,\"name\":\"Portada\",\"item\":\"https:\\\/\\\/lapalmaisland.com\\\/fr\\\/\"},{\"@type\":\"ListItem\",\"position\":2,\"name\":\"La Cresteria Randonn\u00e9e\"}]},{\"@type\":\"WebSite\",\"@id\":\"https:\\\/\\\/lapalmaisland.com\\\/fr\\\/#website\",\"url\":\"https:\\\/\\\/lapalmaisland.com\\\/fr\\\/\",\"name\":\"La Palma \u00cele\",\"description\":\"D\u00e9couvrez l&#039;\u00eele fascinante de La Palma : informations \u00e0 jour, guide touristique et activit\u00e9s pour une exp\u00e9rience inoubliable.\",\"publisher\":{\"@id\":\"https:\\\/\\\/lapalmaisland.com\\\/fr\\\/#organization\"},\"potentialAction\":[{\"@type\":\"SearchAction\",\"target\":{\"@type\":\"EntryPoint\",\"urlTemplate\":\"https:\\\/\\\/lapalmaisland.com\\\/fr\\\/?s={search_term_string}\"},\"query-input\":{\"@type\":\"PropertyValueSpecification\",\"valueRequired\":true,\"valueName\":\"search_term_string\"}}],\"inLanguage\":\"fr-FR\"},{\"@type\":\"Organization\",\"@id\":\"https:\\\/\\\/lapalmaisland.com\\\/fr\\\/#organization\",\"name\":\"La Palma \u00cele\",\"url\":\"https:\\\/\\\/lapalmaisland.com\\\/fr\\\/\",\"logo\":{\"@type\":\"ImageObject\",\"inLanguage\":\"fr-FR\",\"@id\":\"https:\\\/\\\/lapalmaisland.com\\\/fr\\\/#\\\/schema\\\/logo\\\/image\\\/\",\"url\":\"https:\\\/\\\/lapalmaisland.com\\\/fr\\\/wp-content\\\/uploads\\\/sites\\\/4\\\/2023\\\/11\\\/cropped-cropped-cropped-La-palma-island.png\",\"contentUrl\":\"https:\\\/\\\/lapalmaisland.com\\\/fr\\\/wp-content\\\/uploads\\\/sites\\\/4\\\/2023\\\/11\\\/cropped-cropped-cropped-La-palma-island.png\",\"width\":180,\"height\":60,\"caption\":\"La Palma \u00cele\"},\"image\":{\"@id\":\"https:\\\/\\\/lapalmaisland.com\\\/fr\\\/#\\\/schema\\\/logo\\\/image\\\/\"}},{\"@type\":\"Person\",\"@id\":\"https:\\\/\\\/lapalmaisland.com\\\/fr\\\/#\\\/schema\\\/person\\\/d22befbeabeee2669fa56b89d4a34675\",\"name\":\"La Palma island\",\"image\":{\"@type\":\"ImageObject\",\"inLanguage\":\"fr-FR\",\"@id\":\"https:\\\/\\\/secure.gravatar.com\\\/avatar\\\/025502d7548db870a6a8074e517c7452eb7e227815b3d3e45ea91b7415ee1c53?s=96&d=mm&r=g\",\"url\":\"https:\\\/\\\/secure.gravatar.com\\\/avatar\\\/025502d7548db870a6a8074e517c7452eb7e227815b3d3e45ea91b7415ee1c53?s=96&d=mm&r=g\",\"contentUrl\":\"https:\\\/\\\/secure.gravatar.com\\\/avatar\\\/025502d7548db870a6a8074e517c7452eb7e227815b3d3e45ea91b7415ee1c53?s=96&d=mm&r=g\",\"caption\":\"La Palma island\"},\"sameAs\":[\"https:\\\/\\\/lapalmaisland.com\"]}]}<\/script>\n<!-- \/ Yoast SEO plugin. -->","yoast_head_json":{"title":"Randonn\u00e9e du Roque de los Muchachos LA CRESTERIA : au-dessus des nuages","description":"Parcourez la Cresteria Randonn\u00e9e \u00e0 La Palma, une portion \u00e9poustouflante du sentier GR 131, reliant Roque de los Muchachos au Pico de la Nieve.","robots":{"index":"index","follow":"follow","max-snippet":"max-snippet:-1","max-image-preview":"max-image-preview:large","max-video-preview":"max-video-preview:-1"},"canonical":"https:\/\/lapalmaisland.com\/fr\/la-cresteria-randonnee-la-palma\/","og_locale":"fr_FR","og_type":"article","og_title":"Randonn\u00e9e du Roque de los Muchachos LA CRESTERIA : au-dessus des nuages","og_description":"Parcourez la Cresteria Randonn\u00e9e \u00e0 La Palma, une portion \u00e9poustouflante du sentier GR 131, reliant Roque de los Muchachos au Pico de la Nieve.","og_url":"https:\/\/lapalmaisland.com\/fr\/la-cresteria-randonnee-la-palma\/","og_site_name":"La Palma \u00cele","article_published_time":"2024-01-02T18:16:44+00:00","article_modified_time":"2025-11-27T20:48:15+00:00","og_image":[{"width":1024,"height":670,"url":"https:\/\/lapalmaisland.com\/fr\/wp-content\/uploads\/sites\/4\/2024\/01\/sentier-pour-aller-au-pic-de-la-nieve.webp","type":"image\/webp"}],"author":"La Palma island","twitter_card":"summary_large_image","twitter_misc":{"\u00c9crit par":"La Palma island","Dur\u00e9e de lecture estim\u00e9e":"6 minutes"},"schema":{"@context":"https:\/\/schema.org","@graph":[{"@type":"Article","@id":"https:\/\/lapalmaisland.com\/fr\/la-cresteria-randonnee-la-palma\/#article","isPartOf":{"@id":"https:\/\/lapalmaisland.com\/fr\/la-cresteria-randonnee-la-palma\/"},"author":{"name":"La Palma island","@id":"https:\/\/lapalmaisland.com\/fr\/#\/schema\/person\/d22befbeabeee2669fa56b89d4a34675"},"headline":"La Cresteria Randonn\u00e9e","datePublished":"2024-01-02T18:16:44+00:00","dateModified":"2025-11-27T20:48:15+00:00","mainEntityOfPage":{"@id":"https:\/\/lapalmaisland.com\/fr\/la-cresteria-randonnee-la-palma\/"},"wordCount":815,"publisher":{"@id":"https:\/\/lapalmaisland.com\/fr\/#organization"},"image":{"@id":"https:\/\/lapalmaisland.com\/fr\/la-cresteria-randonnee-la-palma\/#primaryimage"},"thumbnailUrl":"https:\/\/lapalmaisland.com\/fr\/wp-content\/uploads\/sites\/4\/2024\/01\/sentier-pour-aller-au-pic-de-la-nieve.webp","articleSection":["Randonn\u00e9es"],"inLanguage":"fr-FR"},{"@type":"WebPage","@id":"https:\/\/lapalmaisland.com\/fr\/la-cresteria-randonnee-la-palma\/","url":"https:\/\/lapalmaisland.com\/fr\/la-cresteria-randonnee-la-palma\/","name":"Randonn\u00e9e du Roque de los Muchachos LA CRESTERIA : au-dessus des nuages","isPartOf":{"@id":"https:\/\/lapalmaisland.com\/fr\/#website"},"primaryImageOfPage":{"@id":"https:\/\/lapalmaisland.com\/fr\/la-cresteria-randonnee-la-palma\/#primaryimage"},"image":{"@id":"https:\/\/lapalmaisland.com\/fr\/la-cresteria-randonnee-la-palma\/#primaryimage"},"thumbnailUrl":"https:\/\/lapalmaisland.com\/fr\/wp-content\/uploads\/sites\/4\/2024\/01\/sentier-pour-aller-au-pic-de-la-nieve.webp","datePublished":"2024-01-02T18:16:44+00:00","dateModified":"2025-11-27T20:48:15+00:00","description":"Parcourez la Cresteria Randonn\u00e9e \u00e0 La Palma, une portion \u00e9poustouflante du sentier GR 131, reliant Roque de los Muchachos au Pico de la Nieve.","breadcrumb":{"@id":"https:\/\/lapalmaisland.com\/fr\/la-cresteria-randonnee-la-palma\/#breadcrumb"},"inLanguage":"fr-FR","potentialAction":[{"@type":"ReadAction","target":["https:\/\/lapalmaisland.com\/fr\/la-cresteria-randonnee-la-palma\/"]}]},{"@type":"ImageObject","inLanguage":"fr-FR","@id":"https:\/\/lapalmaisland.com\/fr\/la-cresteria-randonnee-la-palma\/#primaryimage","url":"https:\/\/lapalmaisland.com\/fr\/wp-content\/uploads\/sites\/4\/2024\/01\/sentier-pour-aller-au-pic-de-la-nieve.webp","contentUrl":"https:\/\/lapalmaisland.com\/fr\/wp-content\/uploads\/sites\/4\/2024\/01\/sentier-pour-aller-au-pic-de-la-nieve.webp","width":1024,"height":670,"caption":"sentier pour aller au pic de la nieve la palma"},{"@type":"BreadcrumbList","@id":"https:\/\/lapalmaisland.com\/fr\/la-cresteria-randonnee-la-palma\/#breadcrumb","itemListElement":[{"@type":"ListItem","position":1,"name":"Portada","item":"https:\/\/lapalmaisland.com\/fr\/"},{"@type":"ListItem","position":2,"name":"La Cresteria Randonn\u00e9e"}]},{"@type":"WebSite","@id":"https:\/\/lapalmaisland.com\/fr\/#website","url":"https:\/\/lapalmaisland.com\/fr\/","name":"La Palma \u00cele","description":"D\u00e9couvrez l&#039;\u00eele fascinante de La Palma : informations \u00e0 jour, guide touristique et activit\u00e9s pour une exp\u00e9rience inoubliable.","publisher":{"@id":"https:\/\/lapalmaisland.com\/fr\/#organization"},"potentialAction":[{"@type":"SearchAction","target":{"@type":"EntryPoint","urlTemplate":"https:\/\/lapalmaisland.com\/fr\/?s={search_term_string}"},"query-input":{"@type":"PropertyValueSpecification","valueRequired":true,"valueName":"search_term_string"}}],"inLanguage":"fr-FR"},{"@type":"Organization","@id":"https:\/\/lapalmaisland.com\/fr\/#organization","name":"La Palma \u00cele","url":"https:\/\/lapalmaisland.com\/fr\/","logo":{"@type":"ImageObject","inLanguage":"fr-FR","@id":"https:\/\/lapalmaisland.com\/fr\/#\/schema\/logo\/image\/","url":"https:\/\/lapalmaisland.com\/fr\/wp-content\/uploads\/sites\/4\/2023\/11\/cropped-cropped-cropped-La-palma-island.png","contentUrl":"https:\/\/lapalmaisland.com\/fr\/wp-content\/uploads\/sites\/4\/2023\/11\/cropped-cropped-cropped-La-palma-island.png","width":180,"height":60,"caption":"La Palma \u00cele"},"image":{"@id":"https:\/\/lapalmaisland.com\/fr\/#\/schema\/logo\/image\/"}},{"@type":"Person","@id":"https:\/\/lapalmaisland.com\/fr\/#\/schema\/person\/d22befbeabeee2669fa56b89d4a34675","name":"La Palma island","image":{"@type":"ImageObject","inLanguage":"fr-FR","@id":"https:\/\/secure.gravatar.com\/avatar\/025502d7548db870a6a8074e517c7452eb7e227815b3d3e45ea91b7415ee1c53?s=96&d=mm&r=g","url":"https:\/\/secure.gravatar.com\/avatar\/025502d7548db870a6a8074e517c7452eb7e227815b3d3e45ea91b7415ee1c53?s=96&d=mm&r=g","contentUrl":"https:\/\/secure.gravatar.com\/avatar\/025502d7548db870a6a8074e517c7452eb7e227815b3d3e45ea91b7415ee1c53?s=96&d=mm&r=g","caption":"La Palma island"},"sameAs":["https:\/\/lapalmaisland.com"]}]}},"uagb_featured_image_src":{"full":["https:\/\/lapalmaisland.com\/fr\/wp-content\/uploads\/sites\/4\/2024\/01\/sentier-pour-aller-au-pic-de-la-nieve.webp",1024,670,false],"thumbnail":["https:\/\/lapalmaisland.com\/fr\/wp-content\/uploads\/sites\/4\/2024\/01\/sentier-pour-aller-au-pic-de-la-nieve-150x150.webp",150,150,true],"medium":["https:\/\/lapalmaisland.com\/fr\/wp-content\/uploads\/sites\/4\/2024\/01\/sentier-pour-aller-au-pic-de-la-nieve-300x196.webp",300,196,true],"medium_large":["https:\/\/lapalmaisland.com\/fr\/wp-content\/uploads\/sites\/4\/2024\/01\/sentier-pour-aller-au-pic-de-la-nieve-768x503.webp",768,503,true],"large":["https:\/\/lapalmaisland.com\/fr\/wp-content\/uploads\/sites\/4\/2024\/01\/sentier-pour-aller-au-pic-de-la-nieve.webp",1024,670,false],"1536x1536":["https:\/\/lapalmaisland.com\/fr\/wp-content\/uploads\/sites\/4\/2024\/01\/sentier-pour-aller-au-pic-de-la-nieve.webp",1024,670,false],"2048x2048":["https:\/\/lapalmaisland.com\/fr\/wp-content\/uploads\/sites\/4\/2024\/01\/sentier-pour-aller-au-pic-de-la-nieve.webp",1024,670,false]},"uagb_author_info":{"display_name":"La Palma island","author_link":"https:\/\/lapalmaisland.com\/fr\/author\/alewebtenerife\/"},"uagb_comment_info":0,"uagb_excerpt":"La Cresteria Randonn\u00e9e \u00e0 La Palma vous emm\u00e8ne dans un voyage majestueux le long du GR 131, offrant des panoramas \u00e0 couper le souffle.","_links":{"self":[{"href":"https:\/\/lapalmaisland.com\/fr\/wp-json\/wp\/v2\/posts\/1182","targetHints":{"allow":["GET"]}}],"collection":[{"href":"https:\/\/lapalmaisland.com\/fr\/wp-json\/wp\/v2\/posts"}],"about":[{"href":"https:\/\/lapalmaisland.com\/fr\/wp-json\/wp\/v2\/types\/post"}],"author":[{"embeddable":true,"href":"https:\/\/lapalmaisland.com\/fr\/wp-json\/wp\/v2\/users\/1"}],"replies":[{"embeddable":true,"href":"https:\/\/lapalmaisland.com\/fr\/wp-json\/wp\/v2\/comments?post=1182"}],"version-history":[{"count":14,"href":"https:\/\/lapalmaisland.com\/fr\/wp-json\/wp\/v2\/posts\/1182\/revisions"}],"predecessor-version":[{"id":5944,"href":"https:\/\/lapalmaisland.com\/fr\/wp-json\/wp\/v2\/posts\/1182\/revisions\/5944"}],"wp:featuredmedia":[{"embeddable":true,"href":"https:\/\/lapalmaisland.com\/fr\/wp-json\/wp\/v2\/media\/4220"}],"wp:attachment":[{"href":"https:\/\/lapalmaisland.com\/fr\/wp-json\/wp\/v2\/media?parent=1182"}],"wp:term":[{"taxonomy":"category","embeddable":true,"href":"https:\/\/lapalmaisland.com\/fr\/wp-json\/wp\/v2\/categories?post=1182"},{"taxonomy":"post_tag","embeddable":true,"href":"https:\/\/lapalmaisland.com\/fr\/wp-json\/wp\/v2\/tags?post=1182"}],"curies":[{"name":"wp","href":"https:\/\/api.w.org\/{rel}","templated":true}]}}