{"id":285,"date":"2023-11-08T17:03:39","date_gmt":"2023-11-08T17:03:39","guid":{"rendered":"https:\/\/lapalmaisland.com\/fr\/?p=285"},"modified":"2025-10-17T08:30:01","modified_gmt":"2025-10-17T08:30:01","slug":"histoire-de-la-palma","status":"publish","type":"post","link":"https:\/\/lapalmaisland.com\/fr\/histoire-de-la-palma\/","title":{"rendered":"Histoire de La Palma"},"content":{"rendered":"\n<div class=\"inherit-container-width wp-block-group has-ast-global-color-6-background-color has-background is-layout-constrained wp-block-group-is-layout-constrained\" style=\"border-radius:15px\">\n<p style=\"font-size:18px\">La Palma, ce n\u2019est pas seulement des volcans, des ciels \u00e9toil\u00e9s et des sentiers magiques. C\u2019est aussi une histoire riche, faite de cultures, de conqu\u00eates et de traditions qui ont fa\u00e7onn\u00e9 l\u2019\u00eele telle que nous la connaissons aujourd\u2019hui. <strong>Des anciens Benahoaritas au tourisme moderne<\/strong>, chaque \u00e9poque a laiss\u00e9 son empreinte dans son paysage et dans sa population.<\/p>\n\n\n\n<figure class=\"wp-block-image aligncenter size-full has-custom-border is-resized\"><img loading=\"lazy\" decoding=\"async\" width=\"1024\" height=\"720\" src=\"https:\/\/lapalmaisland.com\/fr\/wp-content\/uploads\/sites\/4\/2023\/11\/grotte-belmaco-la-palma.webp\" alt=\"grotte belmaco\" class=\"wp-image-4335\" style=\"border-radius:15px\" srcset=\"https:\/\/lapalmaisland.com\/fr\/wp-content\/uploads\/sites\/4\/2023\/11\/grotte-belmaco-la-palma.webp 1024w, https:\/\/lapalmaisland.com\/fr\/wp-content\/uploads\/sites\/4\/2023\/11\/grotte-belmaco-la-palma-300x211.webp 300w, https:\/\/lapalmaisland.com\/fr\/wp-content\/uploads\/sites\/4\/2023\/11\/grotte-belmaco-la-palma-768x540.webp 768w\" sizes=\"auto, (max-width: 1024px) 100vw, 1024px\" \/><figcaption class=\"wp-element-caption\">Grotte Belmaco<\/figcaption><\/figure>\n\n\n\n<h2 class=\"wp-block-heading has-text-align-center has-ast-global-color-4-color has-ast-global-color-2-background-color has-text-color has-background\" style=\"padding-top:var(--wp--preset--spacing--30);padding-right:var(--wp--preset--spacing--30);padding-bottom:var(--wp--preset--spacing--30);padding-left:var(--wp--preset--spacing--30)\">Les premiers habitants : les Benahoaritas<\/h2>\n\n\n\n<div class=\"wp-block-columns is-layout-flex wp-container-core-columns-is-layout-28f84493 wp-block-columns-is-layout-flex\">\n<div class=\"wp-block-column is-layout-flow wp-block-column-is-layout-flow\">\n<p style=\"font-size:18px\"><strong>Avant l\u2019arriv\u00e9e des Europ\u00e9ens, l\u2019\u00eele s\u2019appelait Benahoare, ce qui signifie &#8220;ma terre<\/strong>&#8220;. Ses habitants, les Benahoaritas ou Awaras, vivaient dans des grottes et se nourrissaient de ch\u00e8vres, moutons, porcs, racines et fruits.<\/p>\n\n\n\n<p style=\"font-size:18px\"><strong>Leur aliment de base \u00e9tait le <a href=\"https:\/\/lapalmaisland.com\/fr\/musee-gofio-de-la-palma\/#gofio\">gofio<\/a>, une farine de c\u00e9r\u00e9ales et de racines grill\u00e9es, encore pr\u00e9sente aujourd\u2019hui dans la gastronomie canarienne<\/strong>.<\/p>\n\n\n\n<p style=\"font-size:18px\">On pense qu\u2019ils sont arriv\u00e9s du nord-ouest de l\u2019Afrique, bien que l\u2019on ignore s\u2019ils ont \u00e9migr\u00e9 volontairement ou s\u2019ils ont \u00e9t\u00e9 expuls\u00e9s par des envahisseurs comme les Ph\u00e9niciens ou les Romains.<\/p>\n<\/div>\n\n\n\n<div class=\"wp-block-column is-layout-flow wp-block-column-is-layout-flow\">\n<div class=\"wp-block-cover\" style=\"margin-top:var(--wp--preset--spacing--50);margin-bottom:var(--wp--preset--spacing--50);padding-top:0;padding-bottom:0\"><img decoding=\"async\" class=\"wp-block-cover__image-background wp-image-14513\" alt=\"edificio del ayuntamiento de santa cruz capital de la palma\" src=\"https:\/\/lapalmaisland.com\/wp-content\/uploads\/2025\/01\/ayuntamiento-de-santa-cruz-de-la-palma.webp\" data-object-fit=\"cover\"\/><span aria-hidden=\"true\" class=\"wp-block-cover__background has-background-dim-30 has-background-dim\"><\/span><div class=\"wp-block-cover__inner-container is-layout-flow wp-block-cover-is-layout-flow\">\n<p class=\"has-text-align-center has-ast-global-color-4-color has-text-color has-background has-link-color wp-elements-b42e5a2a7652a23e47a9fe612d8d7ebf\" style=\"background-color:#fcb900ba;padding-top:var(--wp--preset--spacing--30);padding-right:var(--wp--preset--spacing--30);padding-bottom:var(--wp--preset--spacing--30);padding-left:var(--wp--preset--spacing--30);font-size:30px\"><a href=\"https:\/\/lapalmaisland.com\/fr\/curiosites-de-la-palma\/\">10 faits int\u00e9ressants sur La Palma<\/a><\/p>\n<\/div><\/div>\n<\/div>\n<\/div>\n\n\n\n<p class=\"has-ast-global-color-4-background-color has-background\" style=\"font-size:18px\">\u2192 Pour approfondir, <strong>visitez le <a href=\"https:\/\/lapalmaisland.com\/fr\/musee-benahoaritas\/\">Mus\u00e9e Benahoarita \u00e0 Los Llanos de Aridane<\/a>, une \u00e9tape incontournable pour d\u00e9couvrir la culture aborig\u00e8ne de l\u2019\u00eele.<\/strong><\/p>\n\n\n\n<h2 class=\"wp-block-heading has-text-align-center has-ast-global-color-4-color has-ast-global-color-2-background-color has-text-color has-background has-link-color wp-elements-958c0a8abd60e85109aeb7b2926cbeaf\" style=\"padding-top:var(--wp--preset--spacing--30);padding-right:var(--wp--preset--spacing--30);padding-bottom:var(--wp--preset--spacing--30);padding-left:var(--wp--preset--spacing--30)\">La conqu\u00eate castillane<\/h2>\n\n\n\n<p style=\"font-size:18px\">Au XIIIe si\u00e8cle, le marin g\u00e9nois Lancelotto Malocello arriva \u00e0 La Palma avec les premiers Europ\u00e9ens. Mais l\u2019\u00eele resta ind\u00e9pendante jusqu\u2019en 1493.<\/p>\n\n\n\n<p style=\"font-size:18px\"><strong>En 1492, les Castillans d\u00e9barqu\u00e8rent \u00e0 Tazacorte, et un an plus tard, Alonso Fern\u00e1ndez de Lugo compl\u00e9ta la conqu\u00eate, rebaptisant l\u2019\u00eele San Miguel de La Palma.<\/strong><\/p>\n\n\n\n<p style=\"font-size:18px\">La conqu\u00eate fut relativement pacifique : des accords furent conclus avec certains groupes de Benahoaritas, limitant la r\u00e9sistance.<\/p>\n\n\n\n<h2 class=\"wp-block-heading has-text-align-center has-ast-global-color-4-color has-ast-global-color-2-background-color has-text-color has-background has-link-color wp-elements-5bc727207b6705d826b64f54605a609d\" style=\"padding-top:var(--wp--preset--spacing--30);padding-right:var(--wp--preset--spacing--30);padding-bottom:var(--wp--preset--spacing--30);padding-left:var(--wp--preset--spacing--30)\">Colonisation et essor agricole<\/h2>\n\n\n\n<div class=\"wp-block-columns is-layout-flex wp-container-core-columns-is-layout-28f84493 wp-block-columns-is-layout-flex\">\n<div class=\"wp-block-column is-layout-flow wp-block-column-is-layout-flow\" style=\"padding-top:var(--wp--preset--spacing--50);padding-bottom:var(--wp--preset--spacing--50)\">\n<p style=\"font-size:18px\">Avec l\u2019arriv\u00e9e des colons castillans, portugais, flamands et fran\u00e7ais, l\u2019\u00eele changea \u00e0 jamais :<\/p>\n\n\n\n<ul style=\"padding-top:0;padding-bottom:0;font-size:18px\" class=\"wp-block-list has-ast-global-color-7-background-color has-background\">\n<li style=\"padding-top:var(--wp--preset--spacing--20);padding-bottom:var(--wp--preset--spacing--20)\"><strong>Culture de la canne \u00e0 sucre<\/strong>, puis du vin, tr\u00e8s pris\u00e9s en Europe.<\/li>\n\n\n\n<li style=\"padding-top:var(--wp--preset--spacing--20);padding-bottom:var(--wp--preset--spacing--20)\"><strong>Construction<\/strong> d\u2019\u00e9glises, villages, canaux d\u2019irrigation et moulins.<\/li>\n<\/ul>\n\n\n\n<p style=\"font-size:18px\"><strong><a href=\"https:\/\/lapalmaisland.com\/fr\/santa-cruz-de-la-palma\/\">Santa Cruz de La Palma<\/a> devint l\u2019un des ports les plus importants de l\u2019Empire espagnol.<\/strong><\/p>\n<\/div>\n\n\n\n<div class=\"wp-block-column is-layout-flow wp-block-column-is-layout-flow\">\n<figure class=\"wp-block-image aligncenter size-full has-custom-border is-style-default\"><img loading=\"lazy\" decoding=\"async\" width=\"1024\" height=\"720\" src=\"https:\/\/lapalmaisland.com\/fr\/wp-content\/uploads\/sites\/4\/2023\/11\/canne-a-sucre-de-la-palma.webp\" alt=\"canne \u00e0 sucre\" class=\"wp-image-4346\" style=\"border-radius:15px\" srcset=\"https:\/\/lapalmaisland.com\/fr\/wp-content\/uploads\/sites\/4\/2023\/11\/canne-a-sucre-de-la-palma.webp 1024w, https:\/\/lapalmaisland.com\/fr\/wp-content\/uploads\/sites\/4\/2023\/11\/canne-a-sucre-de-la-palma-300x211.webp 300w, https:\/\/lapalmaisland.com\/fr\/wp-content\/uploads\/sites\/4\/2023\/11\/canne-a-sucre-de-la-palma-768x540.webp 768w\" sizes=\"auto, (max-width: 1024px) 100vw, 1024px\" \/><figcaption class=\"wp-element-caption\">Produits alimentaires typiques des Canaries &#8211; Canne \u00e0 sucre<\/figcaption><\/figure>\n<\/div>\n<\/div>\n\n\n\n<h2 class=\"wp-block-heading has-text-align-center has-ast-global-color-4-color has-ast-global-color-2-background-color has-text-color has-background has-link-color wp-elements-214b8f16fbf8503eec7e0a8854b1d058\" style=\"padding-top:var(--wp--preset--spacing--30);padding-right:var(--wp--preset--spacing--30);padding-bottom:var(--wp--preset--spacing--30);padding-left:var(--wp--preset--spacing--30)\">Pirates et fortifications<\/h2>\n\n\n\n<ul style=\"font-size:18px\" class=\"wp-block-list has-ast-global-color-7-background-color has-background\">\n<li style=\"padding-top:var(--wp--preset--spacing--20);padding-bottom:var(--wp--preset--spacing--20)\">La <strong>richesse attira les pirates<\/strong>. En 1553, Fran\u00e7ois Le Clerc pilla et incendia Santa Cruz.<\/li>\n\n\n\n<li style=\"padding-top:var(--wp--preset--spacing--20);padding-bottom:var(--wp--preset--spacing--20)\">En 1585, Francis Drake tenta d\u2019envahir l\u2019\u00eele, mais fut repouss\u00e9. Apr\u00e8s ces attaques, la ville fut fortifi\u00e9e et reconstruite.<\/li>\n<\/ul>\n\n\n\n<h2 class=\"wp-block-heading has-text-align-center has-ast-global-color-4-color has-ast-global-color-2-background-color has-text-color has-background has-link-color wp-elements-91c0504f57d9affd92c479e7cc361267\" style=\"padding-top:var(--wp--preset--spacing--30);padding-right:var(--wp--preset--spacing--30);padding-bottom:var(--wp--preset--spacing--30);padding-left:var(--wp--preset--spacing--30)\">Nouveaux cycles agricoles et migrations (XIXe si\u00e8cle)<\/h2>\n\n\n\n<div class=\"wp-block-columns is-layout-flex wp-container-core-columns-is-layout-28f84493 wp-block-columns-is-layout-flex\">\n<div class=\"wp-block-column is-layout-flow wp-block-column-is-layout-flow\" style=\"padding-top:var(--wp--preset--spacing--50);padding-bottom:var(--wp--preset--spacing--50)\">\n<p style=\"font-size:18px\">Lorsque le sucre et le vin perdirent de leur importance, de nouvelles cultures arriv\u00e8rent :<\/p>\n\n\n\n<ul style=\"font-size:18px\" class=\"wp-block-list has-ast-global-color-7-background-color has-background\">\n<li style=\"padding-top:var(--wp--preset--spacing--20);padding-bottom:var(--wp--preset--spacing--20)\"><strong><a href=\"https:\/\/lapalmaisland.com\/fr\/miel-de-la-palma\/\">Miel<\/a> et <a href=\"https:\/\/lapalmaisland.com\/fr\/musee-de-la-soie-de-la-palma\/\">soie<\/a> comme produits de prestige.<\/strong><\/li>\n\n\n\n<li style=\"padding-top:var(--wp--preset--spacing--20);padding-bottom:var(--wp--preset--spacing--20)\"><strong>Cochinille pour les teintures naturelles<\/strong>, jusqu\u2019\u00e0 l\u2019arriv\u00e9e des colorants synth\u00e9tiques.<\/li>\n\n\n\n<li style=\"padding-top:var(--wp--preset--spacing--20);padding-bottom:var(--wp--preset--spacing--20)\"><strong>Bananes et <a href=\"https:\/\/lapalmaisland.com\/fr\/puros-palmeros\/\">tabac<\/a>, introduits par les \u00e9migrants revenus de Cuba<\/strong>, devinrent les piliers de l\u2019\u00e9conomie palmera.<\/li>\n<\/ul>\n<\/div>\n\n\n\n<div class=\"wp-block-column is-layout-flow wp-block-column-is-layout-flow\">\n<figure class=\"wp-block-image aligncenter size-full has-custom-border\"><img loading=\"lazy\" decoding=\"async\" width=\"1024\" height=\"720\" src=\"https:\/\/lapalmaisland.com\/fr\/wp-content\/uploads\/sites\/4\/2023\/11\/cigares-faits-a-la-main.webp\" alt=\"cigares faits \u00e0 la main de la palma\" class=\"wp-image-4347\" style=\"border-radius:15px\" srcset=\"https:\/\/lapalmaisland.com\/fr\/wp-content\/uploads\/sites\/4\/2023\/11\/cigares-faits-a-la-main.webp 1024w, https:\/\/lapalmaisland.com\/fr\/wp-content\/uploads\/sites\/4\/2023\/11\/cigares-faits-a-la-main-300x211.webp 300w, https:\/\/lapalmaisland.com\/fr\/wp-content\/uploads\/sites\/4\/2023\/11\/cigares-faits-a-la-main-768x540.webp 768w\" sizes=\"auto, (max-width: 1024px) 100vw, 1024px\" \/><figcaption class=\"wp-element-caption\">Produits typiques de La Palma: Cigares<\/figcaption><\/figure>\n<\/div>\n<\/div>\n\n\n\n<h2 class=\"wp-block-heading has-text-align-center has-ast-global-color-4-color has-ast-global-color-2-background-color has-text-color has-background has-link-color wp-elements-30748aae346498707e949a2b21a65bf4\" style=\"padding-top:var(--wp--preset--spacing--30);padding-right:var(--wp--preset--spacing--30);padding-bottom:var(--wp--preset--spacing--30);padding-left:var(--wp--preset--spacing--30)\">La guerre civile et l\u2019apr\u00e8s-guerre<\/h2>\n\n\n\n<p style=\"font-size:18px\">En <strong>juillet 1936, l\u2019\u00eele connut la Semaine Rouge<\/strong>, un \u00e9pisode bref mais intense en soutien au gouvernement r\u00e9publicain. Peu apr\u00e8s, les troupes franquistes prirent le contr\u00f4le.<\/p>\n\n\n\n<p style=\"font-size:18px\"><strong>M\u00eame si la guerre n\u2019atteignit pas directement les Canaries, l\u2019apr\u00e8s-guerre apporta r\u00e9pression, famine et \u00e9migration massive vers le Venezuela<\/strong>. Beaucoup de Palmiers r\u00eavaient d\u2019un avenir meilleur loin de leur terre.<\/p>\n\n\n\n<h2 class=\"wp-block-heading has-text-align-center has-ast-global-color-4-color has-ast-global-color-2-background-color has-text-color has-background has-link-color wp-elements-b877aac32dbc1527fe7481c8159866ed\" style=\"padding-top:var(--wp--preset--spacing--30);padding-right:var(--wp--preset--spacing--30);padding-bottom:var(--wp--preset--spacing--30);padding-left:var(--wp--preset--spacing--30)\">L\u2019\u00e8re moderne : tourisme et nouvelles opportunit\u00e9s<\/h2>\n\n\n\n<ul style=\"font-size:18px\" class=\"wp-block-list has-ast-global-color-7-background-color has-background\">\n<li style=\"padding-top:var(--wp--preset--spacing--20);padding-bottom:var(--wp--preset--spacing--20)\"><strong>1950 : construction du premier a\u00e9roport \u00e0 Bre\u00f1a Alta.<\/strong><\/li>\n\n\n\n<li style=\"padding-top:var(--wp--preset--spacing--20);padding-bottom:var(--wp--preset--spacing--20)\"><strong>Ann\u00e9es 1960-1970 : arriv\u00e9e des premiers h\u00f4tels et construction de la route de la cumbre <\/strong>avec son tunnel, reliant Santa Cruz et Los Llanos en r\u00e9duisant consid\u00e9rablement les distances.<\/li>\n\n\n\n<li style=\"padding-top:var(--wp--preset--spacing--20);padding-bottom:var(--wp--preset--spacing--20)\"><strong>1970 : la banane retrouva son r\u00f4le central, accompagn\u00e9e par le d\u00e9veloppement du tourisme<\/strong>, qui diversifia progressivement l\u2019\u00e9conomie.<\/li>\n\n\n\n<li style=\"padding-top:var(--wp--preset--spacing--20);padding-bottom:var(--wp--preset--spacing--20)\"><strong>Avec le <a href=\"https:\/\/lapalmaisland.com\/fr\/aller-a-la-palma-canaries\/#aeroport\">nouvel a\u00e9roport de Mazo<\/a> et l\u2019arriv\u00e9e de la d\u00e9mocratie, La Palma s\u2019ouvrit au monde<\/strong>, misant sur un tourisme durable, la randonn\u00e9e, l\u2019astrotourisme et la protection de son patrimoine naturel et culturel.<\/li>\n<\/ul>\n\n\n\n<figure class=\"wp-block-image aligncenter size-full has-custom-border\"><img loading=\"lazy\" decoding=\"async\" width=\"1024\" height=\"400\" src=\"https:\/\/lapalmaisland.com\/fr\/wp-content\/uploads\/sites\/4\/2023\/11\/plantations-de-bananiers-a-Tazacorte.webp\" alt=\"plantations de bananiers \u00e0 Tazacorte a la palma\" class=\"wp-image-4806\" style=\"border-radius:15px\" srcset=\"https:\/\/lapalmaisland.com\/fr\/wp-content\/uploads\/sites\/4\/2023\/11\/plantations-de-bananiers-a-Tazacorte.webp 1024w, https:\/\/lapalmaisland.com\/fr\/wp-content\/uploads\/sites\/4\/2023\/11\/plantations-de-bananiers-a-Tazacorte-300x117.webp 300w, https:\/\/lapalmaisland.com\/fr\/wp-content\/uploads\/sites\/4\/2023\/11\/plantations-de-bananiers-a-Tazacorte-768x300.webp 768w\" sizes=\"auto, (max-width: 1024px) 100vw, 1024px\" \/><\/figure>\n\n\n\n<div style=\"height:10px\" aria-hidden=\"true\" class=\"wp-block-spacer\"><\/div>\n\n\n\n<h2 class=\"wp-block-heading has-text-align-center has-ast-global-color-4-color has-ast-global-color-2-background-color has-text-color has-background has-link-color wp-elements-24d346e3f7e6e1036ba6d25b90018d18\" style=\"padding-top:var(--wp--preset--spacing--30);padding-right:var(--wp--preset--spacing--30);padding-bottom:var(--wp--preset--spacing--30);padding-left:var(--wp--preset--spacing--30)\">La m\u00e9moire vivante de La Palma<\/h2>\n\n\n\n<p style=\"font-size:18px\">Aujourd\u2019hui, marcher \u00e0 La Palma, c\u2019est voyager \u00e0 travers les si\u00e8cles.<br>Les <a href=\"https:\/\/lapalmaisland.com\/fr\/grotte-belmaco-la-palma\/\">p\u00e9troglyphes de Belmaco<\/a>, les maisons coloniales de Santa Cruz, les cigares artisanaux de Bre\u00f1a Alta et les volcans qui fa\u00e7onnent son territoire t\u00e9moignent d\u2019une \u00eele qui rena\u00eet toujours avec force.<\/p>\n\n\n\n<p style=\"font-size:18px\">La Palma garde dans sa terre et dans son peuple la m\u00e9moire d\u2019un pass\u00e9 intense et la promesse d\u2019un avenir plein de vie.<\/p>\n\n\n\n<h2 class=\"wp-block-heading has-text-align-center has-ast-global-color-4-color has-ast-global-color-2-background-color has-text-color has-background has-link-color wp-elements-5f4e8922556ee1163a74b649f02059af\" style=\"padding-top:var(--wp--preset--spacing--30);padding-right:var(--wp--preset--spacing--30);padding-bottom:var(--wp--preset--spacing--30);padding-left:var(--wp--preset--spacing--30)\">Tableau chronologique de l\u2019histoire de La Palma<\/h2>\n\n\n\n<figure class=\"wp-block-table\"><table class=\"has-ast-global-color-4-background-color has-background has-fixed-layout\"><thead><tr><th>Date<\/th><th>\u00c9v\u00e9nement<\/th><\/tr><\/thead><tbody><tr><td>Avant le XVe s.<\/td><td>Les Benahoaritas habitent l\u2019\u00eele, appel\u00e9e Benahoare<\/td><\/tr><tr><td>1492<\/td><td>D\u00e9barquement des Castillans \u00e0 Tazacorte<\/td><\/tr><tr><td>1493<\/td><td>Conqu\u00eate par Alonso Fern\u00e1ndez de Lugo \u2192 San Miguel de La Palma<\/td><\/tr><tr><td>XVIe si\u00e8cle<\/td><td>Essor du sucre et du vin. Santa Cruz, port cl\u00e9 de l\u2019Empire<\/td><\/tr><tr><td>1553<\/td><td>Sac de Santa Cruz par le pirate Fran\u00e7ois Le Clerc<\/td><\/tr><tr><td>1585<\/td><td>D\u00e9fense r\u00e9ussie contre Francis Drake<\/td><\/tr><tr><td>XIXe si\u00e8cle<\/td><td>D\u00e9clin de la cochenille \u2192 essor de la banane et du tabac<\/td><\/tr><tr><td>1936<\/td><td>Semaine Rouge pendant la guerre civile espagnole<\/td><\/tr><tr><td>1950<\/td><td>Premier a\u00e9roport de La Palma \u00e0 Bre\u00f1a Alta<\/td><\/tr><tr><td>1970<\/td><td>Construction du tunnel de la Cumbre<\/td><\/tr><tr><td>Depuis 1980<\/td><td>Nouvel a\u00e9roport \u00e0 Mazo et consolidation du tourisme<\/td><\/tr><\/tbody><\/table><\/figure>\n<\/div>\n\n\n\n<div style=\"height:30px\" aria-hidden=\"true\" class=\"wp-block-spacer\"><\/div>\n\n\n\n<div class=\"wp-block-uagb-social-share uagb-social-share__outer-wrap uagb-social-share__layout-horizontal uagb-block-4446023f\">\n<div class=\"wp-block-uagb-social-share-child uagb-ss-repeater uagb-ss__wrapper uagb-block-a042eff1\"><span class=\"uagb-ss__link\" data-href=\"https:\/\/www.facebook.com\/sharer.php?u=\" tabindex=\"0\" role=\"button\" aria-label=\"facebook\"><span class=\"uagb-ss__source-wrap\"><span class=\"uagb-ss__source-icon\"><svg xmlns=\"https:\/\/www.w3.org\/2000\/svg\" viewBox=\"0 0 512 512\"><path d=\"M504 256C504 119 393 8 256 8S8 119 8 256c0 123.8 90.69 226.4 209.3 245V327.7h-63V256h63v-54.64c0-62.15 37-96.48 93.67-96.48 27.14 0 55.52 4.84 55.52 4.84v61h-31.28c-30.8 0-40.41 19.12-40.41 38.73V256h68.78l-11 71.69h-57.78V501C413.3 482.4 504 379.8 504 256z\"><\/path><\/svg><\/span><\/span><\/span><\/div>\n\n\n\n<div class=\"wp-block-uagb-social-share-child uagb-ss-repeater uagb-ss__wrapper uagb-block-b37997d8\"><span class=\"uagb-ss__link\" data-href=\"https:\/\/twitter.com\/share?url=\" tabindex=\"0\" role=\"button\" aria-label=\"twitter\"><span class=\"uagb-ss__source-wrap\"><span class=\"uagb-ss__source-icon\"><svg xmlns=\"https:\/\/www.w3.org\/2000\/svg\" viewBox=\"0 0 448 512\"><path d=\"M400 32H48C21.5 32 0 53.5 0 80v352c0 26.5 21.5 48 48 48h352c26.5 0 48-21.5 48-48V80c0-26.5-21.5-48-48-48zm-48.9 158.8c.2 2.8 .2 5.7 .2 8.5 0 86.7-66 186.6-186.6 186.6-37.2 0-71.7-10.8-100.7-29.4 5.3 .6 10.4 .8 15.8 .8 30.7 0 58.9-10.4 81.4-28-28.8-.6-53-19.5-61.3-45.5 10.1 1.5 19.2 1.5 29.6-1.2-30-6.1-52.5-32.5-52.5-64.4v-.8c8.7 4.9 18.9 7.9 29.6 8.3a65.45 65.45 0 0 1 -29.2-54.6c0-12.2 3.2-23.4 8.9-33.1 32.3 39.8 80.8 65.8 135.2 68.6-9.3-44.5 24-80.6 64-80.6 18.9 0 35.9 7.9 47.9 20.7 14.8-2.8 29-8.3 41.6-15.8-4.9 15.2-15.2 28-28.8 36.1 13.2-1.4 26-5.1 37.8-10.2-8.9 13.1-20.1 24.7-32.9 34z\"><\/path><\/svg><\/span><\/span><\/span><\/div>\n\n\n\n<div class=\"wp-block-uagb-social-share-child uagb-ss-repeater uagb-ss__wrapper uagb-block-fdfff850\"><span class=\"uagb-ss__link\" data-href=\"https:\/\/pinterest.com\/pin\/create\/link\/?url=\" tabindex=\"0\" role=\"button\" aria-label=\"pinterest\"><span class=\"uagb-ss__source-wrap\"><span class=\"uagb-ss__source-icon\"><svg xmlns=\"https:\/\/www.w3.org\/2000\/svg\" viewBox=\"0 0 448 512\"><path d=\"M448 80v352c0 26.5-21.5 48-48 48H154.4c9.8-16.4 22.4-40 27.4-59.3 3-11.5 15.3-58.4 15.3-58.4 8 15.3 31.4 28.2 56.3 28.2 74.1 0 127.4-68.1 127.4-152.7 0-81.1-66.2-141.8-151.4-141.8-106 0-162.2 71.1-162.2 148.6 0 36 19.2 80.8 49.8 95.1 4.7 2.2 7.1 1.2 8.2-3.3 .8-3.4 5-20.1 6.8-27.8 .6-2.5 .3-4.6-1.7-7-10.1-12.3-18.3-34.9-18.3-56 0-54.2 41-106.6 110.9-106.6 60.3 0 102.6 41.1 102.6 99.9 0 66.4-33.5 112.4-77.2 112.4-24.1 0-42.1-19.9-36.4-44.4 6.9-29.2 20.3-60.7 20.3-81.8 0-53-75.5-45.7-75.5 25 0 21.7 7.3 36.5 7.3 36.5-31.4 132.8-36.1 134.5-29.6 192.6l2.2 .8H48c-26.5 0-48-21.5-48-48V80c0-26.5 21.5-48 48-48h352c26.5 0 48 21.5 48 48z\"><\/path><\/svg><\/span><\/span><\/span><\/div>\n\n\n\n<div class=\"wp-block-uagb-social-share-child uagb-ss-repeater uagb-ss__wrapper uagb-block-4b0c0f4f\"><span class=\"uagb-ss__link\" data-href=\"https:\/\/www.linkedin.com\/shareArticle?url=\" tabindex=\"0\" role=\"button\" aria-label=\"linkedin\"><span class=\"uagb-ss__source-wrap\"><span class=\"uagb-ss__source-icon\"><svg xmlns=\"https:\/\/www.w3.org\/2000\/svg\" viewBox=\"0 0 448 512\"><path d=\"M416 32H31.9C14.3 32 0 46.5 0 64.3v383.4C0 465.5 14.3 480 31.9 480H416c17.6 0 32-14.5 32-32.3V64.3c0-17.8-14.4-32.3-32-32.3zM135.4 416H69V202.2h66.5V416zm-33.2-243c-21.3 0-38.5-17.3-38.5-38.5S80.9 96 102.2 96c21.2 0 38.5 17.3 38.5 38.5 0 21.3-17.2 38.5-38.5 38.5zm282.1 243h-66.4V312c0-24.8-.5-56.7-34.5-56.7-34.6 0-39.9 27-39.9 54.9V416h-66.4V202.2h63.7v29.2h.9c8.9-16.8 30.6-34.5 62.9-34.5 67.2 0 79.7 44.3 79.7 101.9V416z\"><\/path><\/svg><\/span><\/span><\/span><\/div>\n\n\n\n<div class=\"wp-block-uagb-social-share-child uagb-ss-repeater uagb-ss__wrapper uagb-block-62523f5b\"><span class=\"uagb-ss__link\" data-href=\"https:\/\/telegram.me\/share\/url?url=\" tabindex=\"0\" role=\"button\" aria-label=\"telegram\"><span class=\"uagb-ss__source-wrap\"><span class=\"uagb-ss__source-icon\"><svg xmlns=\"https:\/\/www.w3.org\/2000\/svg\" viewBox=\"0 0 496 512\"><path d=\"M248 8C111 8 0 119 0 256S111 504 248 504 496 392.1 496 256 384.1 8 248 8zM362.1 176.7c-3.732 39.22-19.88 134.4-28.1 178.3-3.476 18.58-10.32 24.82-16.95 25.42-14.4 1.326-25.34-9.517-39.29-18.66-21.83-14.31-34.16-23.22-55.35-37.18-24.49-16.14-8.612-25 5.342-39.5 3.652-3.793 67.11-61.51 68.33-66.75 .153-.655 .3-3.1-1.154-4.384s-3.59-.849-5.135-.5q-3.283 .746-104.6 69.14-14.85 10.19-26.89 9.934c-8.855-.191-25.89-5.006-38.55-9.123-15.53-5.048-27.88-7.717-26.8-16.29q.84-6.7 18.45-13.7 108.4-47.25 144.6-62.3c68.87-28.65 83.18-33.62 92.51-33.79 2.052-.034 6.639 .474 9.61 2.885a10.45 10.45 0 0 1 3.53 6.716A43.76 43.76 0 0 1 362.1 176.7z\"><\/path><\/svg><\/span><\/span><\/span><\/div>\n\n\n\n<div class=\"wp-block-uagb-social-share-child uagb-ss-repeater uagb-ss__wrapper uagb-block-2d9c7c52\"><span class=\"uagb-ss__link\" data-href=\"https:\/\/api.whatsapp.com\/send?text=\" tabindex=\"0\" role=\"button\" aria-label=\"whatsapp\"><span class=\"uagb-ss__source-wrap\"><span class=\"uagb-ss__source-icon\"><svg xmlns=\"https:\/\/www.w3.org\/2000\/svg\" viewBox=\"0 0 448 512\"><path d=\"M380.9 97.1C339 55.1 283.2 32 223.9 32c-122.4 0-222 99.6-222 222 0 39.1 10.2 77.3 29.6 111L0 480l117.7-30.9c32.4 17.7 68.9 27 106.1 27h.1c122.3 0 224.1-99.6 224.1-222 0-59.3-25.2-115-67.1-157zm-157 341.6c-33.2 0-65.7-8.9-94-25.7l-6.7-4-69.8 18.3L72 359.2l-4.4-7c-18.5-29.4-28.2-63.3-28.2-98.2 0-101.7 82.8-184.5 184.6-184.5 49.3 0 95.6 19.2 130.4 54.1 34.8 34.9 56.2 81.2 56.1 130.5 0 101.8-84.9 184.6-186.6 184.6zm101.2-138.2c-5.5-2.8-32.8-16.2-37.9-18-5.1-1.9-8.8-2.8-12.5 2.8-3.7 5.6-14.3 18-17.6 21.8-3.2 3.7-6.5 4.2-12 1.4-32.6-16.3-54-29.1-75.5-66-5.7-9.8 5.7-9.1 16.3-30.3 1.8-3.7 .9-6.9-.5-9.7-1.4-2.8-12.5-30.1-17.1-41.2-4.5-10.8-9.1-9.3-12.5-9.5-3.2-.2-6.9-.2-10.6-.2-3.7 0-9.7 1.4-14.8 6.9-5.1 5.6-19.4 19-19.4 46.3 0 27.3 19.9 53.7 22.6 57.4 2.8 3.7 39.1 59.7 94.8 83.8 35.2 15.2 49 16.5 66.6 13.9 10.7-1.6 32.8-13.4 37.4-26.4 4.6-13 4.6-24.1 3.2-26.4-1.3-2.5-5-3.9-10.5-6.6z\"><\/path><\/svg><\/span><\/span><\/span><\/div>\n<\/div>\n","protected":false},"excerpt":{"rendered":"<p>Vivez l&#8217;histoire de La Palma, une saga insulaire allant des aborig\u00e8nes aux splendeurs actuelles du tourisme canarien.<\/p>\n","protected":false},"author":1,"featured_media":4335,"comment_status":"closed","ping_status":"open","sticky":false,"template":"","format":"standard","meta":{"_uag_custom_page_level_css":"","site-sidebar-layout":"default","site-content-layout":"","ast-site-content-layout":"default","site-content-style":"default","site-sidebar-style":"default","ast-global-header-display":"","ast-banner-title-visibility":"","ast-main-header-display":"","ast-hfb-above-header-display":"","ast-hfb-below-header-display":"","ast-hfb-mobile-header-display":"","site-post-title":"","ast-breadcrumbs-content":"","ast-featured-img":"disabled","footer-sml-layout":"","ast-disable-related-posts":"","theme-transparent-header-meta":"","adv-header-id-meta":"","stick-header-meta":"","header-above-stick-meta":"","header-main-stick-meta":"","header-below-stick-meta":"","astra-migrate-meta-layouts":"set","ast-page-background-enabled":"default","ast-page-background-meta":{"desktop":{"background-color":"var(--ast-global-color-4)","background-image":"","background-repeat":"repeat","background-position":"center center","background-size":"auto","background-attachment":"scroll","background-type":"","background-media":"","overlay-type":"","overlay-color":"","overlay-opacity":"","overlay-gradient":""},"tablet":{"background-color":"","background-image":"","background-repeat":"repeat","background-position":"center center","background-size":"auto","background-attachment":"scroll","background-type":"","background-media":"","overlay-type":"","overlay-color":"","overlay-opacity":"","overlay-gradient":""},"mobile":{"background-color":"","background-image":"","background-repeat":"repeat","background-position":"center center","background-size":"auto","background-attachment":"scroll","background-type":"","background-media":"","overlay-type":"","overlay-color":"","overlay-opacity":"","overlay-gradient":""}},"ast-content-background-meta":{"desktop":{"background-color":"var(--ast-global-color-5)","background-image":"","background-repeat":"repeat","background-position":"center center","background-size":"auto","background-attachment":"scroll","background-type":"","background-media":"","overlay-type":"","overlay-color":"","overlay-opacity":"","overlay-gradient":""},"tablet":{"background-color":"var(--ast-global-color-5)","background-image":"","background-repeat":"repeat","background-position":"center center","background-size":"auto","background-attachment":"scroll","background-type":"","background-media":"","overlay-type":"","overlay-color":"","overlay-opacity":"","overlay-gradient":""},"mobile":{"background-color":"var(--ast-global-color-5)","background-image":"","background-repeat":"repeat","background-position":"center center","background-size":"auto","background-attachment":"scroll","background-type":"","background-media":"","overlay-type":"","overlay-color":"","overlay-opacity":"","overlay-gradient":""}},"footnotes":""},"categories":[1],"tags":[],"class_list":["post-285","post","type-post","status-publish","format-standard","has-post-thumbnail","hentry","category-sin-categoria"],"yoast_head":"<!-- This site is optimized with the Yoast SEO plugin v27.4 - https:\/\/yoast.com\/product\/yoast-seo-wordpress\/ -->\n<title>HISTOIRE DE LA PALMA des Benahoaritas au tourisme moderne<\/title>\n<meta name=\"description\" content=\"D\u00e9couvrez l&#039;histoire de La Palma, de l&#039;\u00e8re pr\u00e9hispanique aux merveilles modernes de cette \u00eele des Canaries captivante.\" \/>\n<meta name=\"robots\" content=\"index, follow, max-snippet:-1, max-image-preview:large, max-video-preview:-1\" \/>\n<link rel=\"canonical\" href=\"https:\/\/lapalmaisland.com\/fr\/histoire-de-la-palma\/\" \/>\n<meta property=\"og:locale\" content=\"fr_FR\" \/>\n<meta property=\"og:type\" content=\"article\" \/>\n<meta property=\"og:title\" content=\"HISTOIRE DE LA PALMA des Benahoaritas au tourisme moderne\" \/>\n<meta property=\"og:description\" content=\"D\u00e9couvrez l&#039;histoire de La Palma, de l&#039;\u00e8re pr\u00e9hispanique aux merveilles modernes de cette \u00eele des Canaries captivante.\" \/>\n<meta property=\"og:url\" content=\"https:\/\/lapalmaisland.com\/fr\/histoire-de-la-palma\/\" \/>\n<meta property=\"og:site_name\" content=\"La Palma \u00cele\" \/>\n<meta property=\"article:published_time\" content=\"2023-11-08T17:03:39+00:00\" \/>\n<meta property=\"article:modified_time\" content=\"2025-10-17T08:30:01+00:00\" \/>\n<meta property=\"og:image\" content=\"https:\/\/lapalmaisland.com\/fr\/wp-content\/uploads\/sites\/4\/2023\/11\/grotte-belmaco-la-palma.webp\" \/>\n\t<meta property=\"og:image:width\" content=\"1024\" \/>\n\t<meta property=\"og:image:height\" content=\"720\" \/>\n\t<meta property=\"og:image:type\" content=\"image\/webp\" \/>\n<meta name=\"author\" content=\"La Palma island\" \/>\n<meta name=\"twitter:card\" content=\"summary_large_image\" \/>\n<meta name=\"twitter:label1\" content=\"\u00c9crit par\" \/>\n\t<meta name=\"twitter:data1\" content=\"La Palma island\" \/>\n\t<meta name=\"twitter:label2\" content=\"Dur\u00e9e de lecture estim\u00e9e\" \/>\n\t<meta name=\"twitter:data2\" content=\"6 minutes\" \/>\n<script type=\"application\/ld+json\" class=\"yoast-schema-graph\">{\"@context\":\"https:\\\/\\\/schema.org\",\"@graph\":[{\"@type\":\"Article\",\"@id\":\"https:\\\/\\\/lapalmaisland.com\\\/fr\\\/histoire-de-la-palma\\\/#article\",\"isPartOf\":{\"@id\":\"https:\\\/\\\/lapalmaisland.com\\\/fr\\\/histoire-de-la-palma\\\/\"},\"author\":{\"name\":\"La Palma island\",\"@id\":\"https:\\\/\\\/lapalmaisland.com\\\/fr\\\/#\\\/schema\\\/person\\\/d22befbeabeee2669fa56b89d4a34675\"},\"headline\":\"Histoire de La Palma\",\"datePublished\":\"2023-11-08T17:03:39+00:00\",\"dateModified\":\"2025-10-17T08:30:01+00:00\",\"mainEntityOfPage\":{\"@id\":\"https:\\\/\\\/lapalmaisland.com\\\/fr\\\/histoire-de-la-palma\\\/\"},\"wordCount\":847,\"publisher\":{\"@id\":\"https:\\\/\\\/lapalmaisland.com\\\/fr\\\/#organization\"},\"image\":{\"@id\":\"https:\\\/\\\/lapalmaisland.com\\\/fr\\\/histoire-de-la-palma\\\/#primaryimage\"},\"thumbnailUrl\":\"https:\\\/\\\/lapalmaisland.com\\\/fr\\\/wp-content\\\/uploads\\\/sites\\\/4\\\/2023\\\/11\\\/grotte-belmaco-la-palma.webp\",\"articleSection\":[\"Sin categor\u00eda\"],\"inLanguage\":\"fr-FR\"},{\"@type\":\"WebPage\",\"@id\":\"https:\\\/\\\/lapalmaisland.com\\\/fr\\\/histoire-de-la-palma\\\/\",\"url\":\"https:\\\/\\\/lapalmaisland.com\\\/fr\\\/histoire-de-la-palma\\\/\",\"name\":\"HISTOIRE DE LA PALMA des Benahoaritas au tourisme moderne\",\"isPartOf\":{\"@id\":\"https:\\\/\\\/lapalmaisland.com\\\/fr\\\/#website\"},\"primaryImageOfPage\":{\"@id\":\"https:\\\/\\\/lapalmaisland.com\\\/fr\\\/histoire-de-la-palma\\\/#primaryimage\"},\"image\":{\"@id\":\"https:\\\/\\\/lapalmaisland.com\\\/fr\\\/histoire-de-la-palma\\\/#primaryimage\"},\"thumbnailUrl\":\"https:\\\/\\\/lapalmaisland.com\\\/fr\\\/wp-content\\\/uploads\\\/sites\\\/4\\\/2023\\\/11\\\/grotte-belmaco-la-palma.webp\",\"datePublished\":\"2023-11-08T17:03:39+00:00\",\"dateModified\":\"2025-10-17T08:30:01+00:00\",\"description\":\"D\u00e9couvrez l'histoire de La Palma, de l'\u00e8re pr\u00e9hispanique aux merveilles modernes de cette \u00eele des Canaries captivante.\",\"breadcrumb\":{\"@id\":\"https:\\\/\\\/lapalmaisland.com\\\/fr\\\/histoire-de-la-palma\\\/#breadcrumb\"},\"inLanguage\":\"fr-FR\",\"potentialAction\":[{\"@type\":\"ReadAction\",\"target\":[\"https:\\\/\\\/lapalmaisland.com\\\/fr\\\/histoire-de-la-palma\\\/\"]}]},{\"@type\":\"ImageObject\",\"inLanguage\":\"fr-FR\",\"@id\":\"https:\\\/\\\/lapalmaisland.com\\\/fr\\\/histoire-de-la-palma\\\/#primaryimage\",\"url\":\"https:\\\/\\\/lapalmaisland.com\\\/fr\\\/wp-content\\\/uploads\\\/sites\\\/4\\\/2023\\\/11\\\/grotte-belmaco-la-palma.webp\",\"contentUrl\":\"https:\\\/\\\/lapalmaisland.com\\\/fr\\\/wp-content\\\/uploads\\\/sites\\\/4\\\/2023\\\/11\\\/grotte-belmaco-la-palma.webp\",\"width\":1024,\"height\":720,\"caption\":\"grotte belmaco\"},{\"@type\":\"BreadcrumbList\",\"@id\":\"https:\\\/\\\/lapalmaisland.com\\\/fr\\\/histoire-de-la-palma\\\/#breadcrumb\",\"itemListElement\":[{\"@type\":\"ListItem\",\"position\":1,\"name\":\"Portada\",\"item\":\"https:\\\/\\\/lapalmaisland.com\\\/fr\\\/\"},{\"@type\":\"ListItem\",\"position\":2,\"name\":\"Histoire de La Palma\"}]},{\"@type\":\"WebSite\",\"@id\":\"https:\\\/\\\/lapalmaisland.com\\\/fr\\\/#website\",\"url\":\"https:\\\/\\\/lapalmaisland.com\\\/fr\\\/\",\"name\":\"La Palma \u00cele\",\"description\":\"D\u00e9couvrez l&#039;\u00eele fascinante de La Palma : informations \u00e0 jour, guide touristique et activit\u00e9s pour une exp\u00e9rience inoubliable.\",\"publisher\":{\"@id\":\"https:\\\/\\\/lapalmaisland.com\\\/fr\\\/#organization\"},\"potentialAction\":[{\"@type\":\"SearchAction\",\"target\":{\"@type\":\"EntryPoint\",\"urlTemplate\":\"https:\\\/\\\/lapalmaisland.com\\\/fr\\\/?s={search_term_string}\"},\"query-input\":{\"@type\":\"PropertyValueSpecification\",\"valueRequired\":true,\"valueName\":\"search_term_string\"}}],\"inLanguage\":\"fr-FR\"},{\"@type\":\"Organization\",\"@id\":\"https:\\\/\\\/lapalmaisland.com\\\/fr\\\/#organization\",\"name\":\"La Palma \u00cele\",\"url\":\"https:\\\/\\\/lapalmaisland.com\\\/fr\\\/\",\"logo\":{\"@type\":\"ImageObject\",\"inLanguage\":\"fr-FR\",\"@id\":\"https:\\\/\\\/lapalmaisland.com\\\/fr\\\/#\\\/schema\\\/logo\\\/image\\\/\",\"url\":\"https:\\\/\\\/lapalmaisland.com\\\/fr\\\/wp-content\\\/uploads\\\/sites\\\/4\\\/2023\\\/11\\\/cropped-cropped-cropped-La-palma-island.png\",\"contentUrl\":\"https:\\\/\\\/lapalmaisland.com\\\/fr\\\/wp-content\\\/uploads\\\/sites\\\/4\\\/2023\\\/11\\\/cropped-cropped-cropped-La-palma-island.png\",\"width\":180,\"height\":60,\"caption\":\"La Palma \u00cele\"},\"image\":{\"@id\":\"https:\\\/\\\/lapalmaisland.com\\\/fr\\\/#\\\/schema\\\/logo\\\/image\\\/\"}},{\"@type\":\"Person\",\"@id\":\"https:\\\/\\\/lapalmaisland.com\\\/fr\\\/#\\\/schema\\\/person\\\/d22befbeabeee2669fa56b89d4a34675\",\"name\":\"La Palma island\",\"image\":{\"@type\":\"ImageObject\",\"inLanguage\":\"fr-FR\",\"@id\":\"https:\\\/\\\/secure.gravatar.com\\\/avatar\\\/025502d7548db870a6a8074e517c7452eb7e227815b3d3e45ea91b7415ee1c53?s=96&d=mm&r=g\",\"url\":\"https:\\\/\\\/secure.gravatar.com\\\/avatar\\\/025502d7548db870a6a8074e517c7452eb7e227815b3d3e45ea91b7415ee1c53?s=96&d=mm&r=g\",\"contentUrl\":\"https:\\\/\\\/secure.gravatar.com\\\/avatar\\\/025502d7548db870a6a8074e517c7452eb7e227815b3d3e45ea91b7415ee1c53?s=96&d=mm&r=g\",\"caption\":\"La Palma island\"},\"sameAs\":[\"https:\\\/\\\/lapalmaisland.com\"]}]}<\/script>\n<!-- \/ Yoast SEO plugin. -->","yoast_head_json":{"title":"HISTOIRE DE LA PALMA des Benahoaritas au tourisme moderne","description":"D\u00e9couvrez l'histoire de La Palma, de l'\u00e8re pr\u00e9hispanique aux merveilles modernes de cette \u00eele des Canaries captivante.","robots":{"index":"index","follow":"follow","max-snippet":"max-snippet:-1","max-image-preview":"max-image-preview:large","max-video-preview":"max-video-preview:-1"},"canonical":"https:\/\/lapalmaisland.com\/fr\/histoire-de-la-palma\/","og_locale":"fr_FR","og_type":"article","og_title":"HISTOIRE DE LA PALMA des Benahoaritas au tourisme moderne","og_description":"D\u00e9couvrez l'histoire de La Palma, de l'\u00e8re pr\u00e9hispanique aux merveilles modernes de cette \u00eele des Canaries captivante.","og_url":"https:\/\/lapalmaisland.com\/fr\/histoire-de-la-palma\/","og_site_name":"La Palma \u00cele","article_published_time":"2023-11-08T17:03:39+00:00","article_modified_time":"2025-10-17T08:30:01+00:00","og_image":[{"width":1024,"height":720,"url":"https:\/\/lapalmaisland.com\/fr\/wp-content\/uploads\/sites\/4\/2023\/11\/grotte-belmaco-la-palma.webp","type":"image\/webp"}],"author":"La Palma island","twitter_card":"summary_large_image","twitter_misc":{"\u00c9crit par":"La Palma island","Dur\u00e9e de lecture estim\u00e9e":"6 minutes"},"schema":{"@context":"https:\/\/schema.org","@graph":[{"@type":"Article","@id":"https:\/\/lapalmaisland.com\/fr\/histoire-de-la-palma\/#article","isPartOf":{"@id":"https:\/\/lapalmaisland.com\/fr\/histoire-de-la-palma\/"},"author":{"name":"La Palma island","@id":"https:\/\/lapalmaisland.com\/fr\/#\/schema\/person\/d22befbeabeee2669fa56b89d4a34675"},"headline":"Histoire de La Palma","datePublished":"2023-11-08T17:03:39+00:00","dateModified":"2025-10-17T08:30:01+00:00","mainEntityOfPage":{"@id":"https:\/\/lapalmaisland.com\/fr\/histoire-de-la-palma\/"},"wordCount":847,"publisher":{"@id":"https:\/\/lapalmaisland.com\/fr\/#organization"},"image":{"@id":"https:\/\/lapalmaisland.com\/fr\/histoire-de-la-palma\/#primaryimage"},"thumbnailUrl":"https:\/\/lapalmaisland.com\/fr\/wp-content\/uploads\/sites\/4\/2023\/11\/grotte-belmaco-la-palma.webp","articleSection":["Sin categor\u00eda"],"inLanguage":"fr-FR"},{"@type":"WebPage","@id":"https:\/\/lapalmaisland.com\/fr\/histoire-de-la-palma\/","url":"https:\/\/lapalmaisland.com\/fr\/histoire-de-la-palma\/","name":"HISTOIRE DE LA PALMA des Benahoaritas au tourisme moderne","isPartOf":{"@id":"https:\/\/lapalmaisland.com\/fr\/#website"},"primaryImageOfPage":{"@id":"https:\/\/lapalmaisland.com\/fr\/histoire-de-la-palma\/#primaryimage"},"image":{"@id":"https:\/\/lapalmaisland.com\/fr\/histoire-de-la-palma\/#primaryimage"},"thumbnailUrl":"https:\/\/lapalmaisland.com\/fr\/wp-content\/uploads\/sites\/4\/2023\/11\/grotte-belmaco-la-palma.webp","datePublished":"2023-11-08T17:03:39+00:00","dateModified":"2025-10-17T08:30:01+00:00","description":"D\u00e9couvrez l'histoire de La Palma, de l'\u00e8re pr\u00e9hispanique aux merveilles modernes de cette \u00eele des Canaries captivante.","breadcrumb":{"@id":"https:\/\/lapalmaisland.com\/fr\/histoire-de-la-palma\/#breadcrumb"},"inLanguage":"fr-FR","potentialAction":[{"@type":"ReadAction","target":["https:\/\/lapalmaisland.com\/fr\/histoire-de-la-palma\/"]}]},{"@type":"ImageObject","inLanguage":"fr-FR","@id":"https:\/\/lapalmaisland.com\/fr\/histoire-de-la-palma\/#primaryimage","url":"https:\/\/lapalmaisland.com\/fr\/wp-content\/uploads\/sites\/4\/2023\/11\/grotte-belmaco-la-palma.webp","contentUrl":"https:\/\/lapalmaisland.com\/fr\/wp-content\/uploads\/sites\/4\/2023\/11\/grotte-belmaco-la-palma.webp","width":1024,"height":720,"caption":"grotte belmaco"},{"@type":"BreadcrumbList","@id":"https:\/\/lapalmaisland.com\/fr\/histoire-de-la-palma\/#breadcrumb","itemListElement":[{"@type":"ListItem","position":1,"name":"Portada","item":"https:\/\/lapalmaisland.com\/fr\/"},{"@type":"ListItem","position":2,"name":"Histoire de La Palma"}]},{"@type":"WebSite","@id":"https:\/\/lapalmaisland.com\/fr\/#website","url":"https:\/\/lapalmaisland.com\/fr\/","name":"La Palma \u00cele","description":"D\u00e9couvrez l&#039;\u00eele fascinante de La Palma : informations \u00e0 jour, guide touristique et activit\u00e9s pour une exp\u00e9rience inoubliable.","publisher":{"@id":"https:\/\/lapalmaisland.com\/fr\/#organization"},"potentialAction":[{"@type":"SearchAction","target":{"@type":"EntryPoint","urlTemplate":"https:\/\/lapalmaisland.com\/fr\/?s={search_term_string}"},"query-input":{"@type":"PropertyValueSpecification","valueRequired":true,"valueName":"search_term_string"}}],"inLanguage":"fr-FR"},{"@type":"Organization","@id":"https:\/\/lapalmaisland.com\/fr\/#organization","name":"La Palma \u00cele","url":"https:\/\/lapalmaisland.com\/fr\/","logo":{"@type":"ImageObject","inLanguage":"fr-FR","@id":"https:\/\/lapalmaisland.com\/fr\/#\/schema\/logo\/image\/","url":"https:\/\/lapalmaisland.com\/fr\/wp-content\/uploads\/sites\/4\/2023\/11\/cropped-cropped-cropped-La-palma-island.png","contentUrl":"https:\/\/lapalmaisland.com\/fr\/wp-content\/uploads\/sites\/4\/2023\/11\/cropped-cropped-cropped-La-palma-island.png","width":180,"height":60,"caption":"La Palma \u00cele"},"image":{"@id":"https:\/\/lapalmaisland.com\/fr\/#\/schema\/logo\/image\/"}},{"@type":"Person","@id":"https:\/\/lapalmaisland.com\/fr\/#\/schema\/person\/d22befbeabeee2669fa56b89d4a34675","name":"La Palma island","image":{"@type":"ImageObject","inLanguage":"fr-FR","@id":"https:\/\/secure.gravatar.com\/avatar\/025502d7548db870a6a8074e517c7452eb7e227815b3d3e45ea91b7415ee1c53?s=96&d=mm&r=g","url":"https:\/\/secure.gravatar.com\/avatar\/025502d7548db870a6a8074e517c7452eb7e227815b3d3e45ea91b7415ee1c53?s=96&d=mm&r=g","contentUrl":"https:\/\/secure.gravatar.com\/avatar\/025502d7548db870a6a8074e517c7452eb7e227815b3d3e45ea91b7415ee1c53?s=96&d=mm&r=g","caption":"La Palma island"},"sameAs":["https:\/\/lapalmaisland.com"]}]}},"uagb_featured_image_src":{"full":["https:\/\/lapalmaisland.com\/fr\/wp-content\/uploads\/sites\/4\/2023\/11\/grotte-belmaco-la-palma.webp",1024,720,false],"thumbnail":["https:\/\/lapalmaisland.com\/fr\/wp-content\/uploads\/sites\/4\/2023\/11\/grotte-belmaco-la-palma-150x150.webp",150,150,true],"medium":["https:\/\/lapalmaisland.com\/fr\/wp-content\/uploads\/sites\/4\/2023\/11\/grotte-belmaco-la-palma-300x211.webp",300,211,true],"medium_large":["https:\/\/lapalmaisland.com\/fr\/wp-content\/uploads\/sites\/4\/2023\/11\/grotte-belmaco-la-palma-768x540.webp",768,540,true],"large":["https:\/\/lapalmaisland.com\/fr\/wp-content\/uploads\/sites\/4\/2023\/11\/grotte-belmaco-la-palma.webp",1024,720,false],"1536x1536":["https:\/\/lapalmaisland.com\/fr\/wp-content\/uploads\/sites\/4\/2023\/11\/grotte-belmaco-la-palma.webp",1024,720,false],"2048x2048":["https:\/\/lapalmaisland.com\/fr\/wp-content\/uploads\/sites\/4\/2023\/11\/grotte-belmaco-la-palma.webp",1024,720,false]},"uagb_author_info":{"display_name":"La Palma island","author_link":"https:\/\/lapalmaisland.com\/fr\/author\/alewebtenerife\/"},"uagb_comment_info":0,"uagb_excerpt":"Vivez l'histoire de La Palma, une saga insulaire allant des aborig\u00e8nes aux splendeurs actuelles du tourisme canarien.","_links":{"self":[{"href":"https:\/\/lapalmaisland.com\/fr\/wp-json\/wp\/v2\/posts\/285","targetHints":{"allow":["GET"]}}],"collection":[{"href":"https:\/\/lapalmaisland.com\/fr\/wp-json\/wp\/v2\/posts"}],"about":[{"href":"https:\/\/lapalmaisland.com\/fr\/wp-json\/wp\/v2\/types\/post"}],"author":[{"embeddable":true,"href":"https:\/\/lapalmaisland.com\/fr\/wp-json\/wp\/v2\/users\/1"}],"replies":[{"embeddable":true,"href":"https:\/\/lapalmaisland.com\/fr\/wp-json\/wp\/v2\/comments?post=285"}],"version-history":[{"count":14,"href":"https:\/\/lapalmaisland.com\/fr\/wp-json\/wp\/v2\/posts\/285\/revisions"}],"predecessor-version":[{"id":5490,"href":"https:\/\/lapalmaisland.com\/fr\/wp-json\/wp\/v2\/posts\/285\/revisions\/5490"}],"wp:featuredmedia":[{"embeddable":true,"href":"https:\/\/lapalmaisland.com\/fr\/wp-json\/wp\/v2\/media\/4335"}],"wp:attachment":[{"href":"https:\/\/lapalmaisland.com\/fr\/wp-json\/wp\/v2\/media?parent=285"}],"wp:term":[{"taxonomy":"category","embeddable":true,"href":"https:\/\/lapalmaisland.com\/fr\/wp-json\/wp\/v2\/categories?post=285"},{"taxonomy":"post_tag","embeddable":true,"href":"https:\/\/lapalmaisland.com\/fr\/wp-json\/wp\/v2\/tags?post=285"}],"curies":[{"name":"wp","href":"https:\/\/api.w.org\/{rel}","templated":true}]}}