{"id":31,"date":"2023-11-02T12:39:38","date_gmt":"2023-11-02T12:39:38","guid":{"rendered":"https:\/\/lapalmaisland.com\/fr\/?p=31"},"modified":"2026-04-08T15:42:47","modified_gmt":"2026-04-08T15:42:47","slug":"roque-de-los-muchachos","status":"publish","type":"post","link":"https:\/\/lapalmaisland.com\/fr\/roque-de-los-muchachos\/","title":{"rendered":"Roque de Los Muchachos"},"content":{"rendered":"\n<div class=\"inherit-container-width wp-block-group has-ast-global-color-6-background-color has-background is-layout-constrained wp-block-group-is-layout-constrained\" style=\"border-radius:15px\">\n<p style=\"font-size:18px\">Perch\u00e9 \u00e0 <strong>2\u202f426 m\u00e8tres d\u2019altitude<\/strong>, le Roque de los Muchachos est le point culminant de La Palma et l\u2019<strong>un des lieux les plus impressionnants des Canaries<\/strong>. Depuis son sommet, on peut contempler un <strong>panorama unique<\/strong>\u202f: mer de nuages, silhouettes d\u2019autres \u00eeles \u00e0 l\u2019horizon et falaises plongeantes de la <a href=\"https:\/\/lapalmaisland.com\/fr\/caldera-de-taburiente-la-palma\/\">Caldera de Taburiente<\/a>. C\u2019est un endroit o\u00f9 l\u2019on se sent petit face \u00e0 l\u2019immensit\u00e9 de la nature.<\/p>\n\n\n\n<figure class=\"wp-block-image aligncenter size-full has-custom-border\"><img loading=\"lazy\" decoding=\"async\" width=\"1024\" height=\"720\" src=\"https:\/\/lapalmaisland.com\/fr\/wp-content\/uploads\/sites\/4\/2023\/11\/roque-de-los-muchachos-le-sommet-de-lile.webp\" alt=\"le sommet de l'\u00eele de la palma roque de los muchachos\" class=\"wp-image-4135\" style=\"border-radius:15px\" srcset=\"https:\/\/lapalmaisland.com\/fr\/wp-content\/uploads\/sites\/4\/2023\/11\/roque-de-los-muchachos-le-sommet-de-lile.webp 1024w, https:\/\/lapalmaisland.com\/fr\/wp-content\/uploads\/sites\/4\/2023\/11\/roque-de-los-muchachos-le-sommet-de-lile-300x211.webp 300w, https:\/\/lapalmaisland.com\/fr\/wp-content\/uploads\/sites\/4\/2023\/11\/roque-de-los-muchachos-le-sommet-de-lile-768x540.webp 768w\" sizes=\"auto, (max-width: 1024px) 100vw, 1024px\" \/><figcaption class=\"wp-element-caption\">Observatoire du Roque de Los Muchachos<\/figcaption><\/figure>\n\n\n\n<div style=\"height:5px\" aria-hidden=\"true\" class=\"wp-block-spacer\"><\/div>\n\n\n\n<div class=\"wp-block-columns is-layout-flex wp-container-core-columns-is-layout-28f84493 wp-block-columns-is-layout-flex\">\n<div class=\"wp-block-column is-layout-flow wp-block-column-is-layout-flow\">\n<ul style=\"padding-top:var(--wp--preset--spacing--50);padding-right:var(--wp--preset--spacing--60);padding-bottom:var(--wp--preset--spacing--50);padding-left:var(--wp--preset--spacing--60)\" class=\"wp-block-list has-ast-global-color-7-background-color has-background\">\n<li style=\"padding-top:var(--wp--preset--spacing--20);padding-bottom:var(--wp--preset--spacing--20);font-size:18px\"><a href=\"#pour\">Pourquoi le Roque de los Muchachos est-il si sp\u00e9cial\u202f? \u2192<\/a><\/li>\n\n\n\n<li style=\"padding-top:var(--wp--preset--spacing--20);padding-bottom:var(--wp--preset--spacing--20);font-size:18px\"><a href=\"#conseils\">Conseils pratiques\u2192<\/a><\/li>\n\n\n\n<li style=\"padding-top:var(--wp--preset--spacing--20);padding-bottom:var(--wp--preset--spacing--20);font-size:18px\"><a href=\"#experience\">Une exp\u00e9rience inoubliable \u2192<\/a><\/li>\n\n\n\n<li style=\"padding-top:var(--wp--preset--spacing--20);padding-bottom:var(--wp--preset--spacing--20);font-size:18px\"><a href=\"#quevoir\">Que voir et faire au Roque de los Muchachos \u2192<\/a><\/li>\n\n\n\n<li style=\"padding-top:var(--wp--preset--spacing--20);padding-bottom:var(--wp--preset--spacing--20);font-size:18px\"><a href=\"#comment\">Comment arriver au Roque de los Muchachos ?\u2192<\/a><\/li>\n\n\n\n<li style=\"padding-top:var(--wp--preset--spacing--20);padding-bottom:var(--wp--preset--spacing--20);font-size:18px\"><a href=\"#roquemuchachos\">Carte Los Muchachos<\/a>\u2192<\/li>\n\n\n\n<li style=\"padding-top:var(--wp--preset--spacing--20);padding-bottom:var(--wp--preset--spacing--20);font-size:18px\"><a href=\"#faq\">Questions fr\u00e9quentes \u2192<\/a><\/li>\n<\/ul>\n<\/div>\n<\/div>\n<\/div>\n\n\n\n<div style=\"height:20px\" aria-hidden=\"true\" class=\"wp-block-spacer\"><\/div>\n\n\n\n<div id=\"quevoir\" class=\"inherit-container-width wp-block-group has-ast-global-color-6-background-color has-background is-layout-constrained wp-block-group-is-layout-constrained\" style=\"border-radius:15px\">\n<h2 class=\"wp-block-heading has-text-align-center has-ast-global-color-4-color has-ast-global-color-2-background-color has-text-color has-background\" id=\"pour\" style=\"padding-top:var(--wp--preset--spacing--30);padding-right:var(--wp--preset--spacing--30);padding-bottom:var(--wp--preset--spacing--30);padding-left:var(--wp--preset--spacing--30)\">Pourquoi le Roque de los Muchachos est-il si sp\u00e9cial\u202f?<\/h2>\n\n\n\n<div class=\"wp-block-columns is-layout-flex wp-container-core-columns-is-layout-28f84493 wp-block-columns-is-layout-flex\">\n<div class=\"wp-block-column is-layout-flow wp-block-column-is-layout-flow\">\n<ul style=\"font-size:18px\" class=\"wp-block-list has-ast-global-color-7-background-color has-background\">\n<li style=\"padding-top:var(--wp--preset--spacing--20);padding-bottom:var(--wp--preset--spacing--20)\"><strong>Altitude\u202f<\/strong>: 2\u202f426 m\u00e8tres au-dessus du niveau de la mer, toit de La Palma.<\/li>\n\n\n\n<li style=\"padding-top:var(--wp--preset--spacing--20);padding-bottom:var(--wp--preset--spacing--20)\"><strong>Vues panoramiques\u202f:<\/strong> sur la Caldera de Taburiente et l\u2019Atlantique, et par temps clair, sur Tenerife, La Gomera et El Hierro.<\/li>\n\n\n\n<li style=\"padding-top:var(--wp--preset--spacing--20);padding-bottom:var(--wp--preset--spacing--20)\"><strong>Ciel pur\u202f: <\/strong>l\u2019un des meilleurs sites au monde pour observer les \u00e9toiles.<\/li>\n\n\n\n<li style=\"padding-top:var(--wp--preset--spacing--20);padding-bottom:var(--wp--preset--spacing--20)\"><strong>Observatoire astrophysique\u202f:<\/strong> abrite des t\u00e9lescopes de renomm\u00e9e mondiale, dont le plus grand t\u00e9lescope optique-infrarouge du monde.<\/li>\n\n\n\n<li style=\"padding-top:var(--wp--preset--spacing--20);padding-bottom:var(--wp--preset--spacing--20)\"><strong>Accessibilit\u00e9\u202f<\/strong>: route goudronn\u00e9e jusqu\u2019au sommet et sentiers balis\u00e9s sur place.<\/li>\n<\/ul>\n<\/div>\n\n\n\n<div class=\"wp-block-column is-layout-flow wp-block-column-is-layout-flow\">\n<figure class=\"wp-block-image aligncenter size-large has-custom-border\"><img loading=\"lazy\" decoding=\"async\" width=\"1024\" height=\"576\" src=\"https:\/\/lapalmaisland.com\/fr\/wp-content\/uploads\/sites\/4\/2023\/11\/los-muchachos-la-palma-1024x576.webp\" alt=\"panorama du sommet\" class=\"wp-image-36\" style=\"border-radius:15px\" srcset=\"https:\/\/lapalmaisland.com\/fr\/wp-content\/uploads\/sites\/4\/2023\/11\/los-muchachos-la-palma-1024x576.webp 1024w, https:\/\/lapalmaisland.com\/fr\/wp-content\/uploads\/sites\/4\/2023\/11\/los-muchachos-la-palma-300x169.webp 300w, https:\/\/lapalmaisland.com\/fr\/wp-content\/uploads\/sites\/4\/2023\/11\/los-muchachos-la-palma-768x432.webp 768w, https:\/\/lapalmaisland.com\/fr\/wp-content\/uploads\/sites\/4\/2023\/11\/los-muchachos-la-palma-1536x864.webp 1536w, https:\/\/lapalmaisland.com\/fr\/wp-content\/uploads\/sites\/4\/2023\/11\/los-muchachos-la-palma-2048x1152.webp 2048w\" sizes=\"auto, (max-width: 1024px) 100vw, 1024px\" \/><figcaption class=\"wp-element-caption\">Vue sur la Caldeira de taburiente depuis le roque de los Muchachos<\/figcaption><\/figure>\n<\/div>\n<\/div>\n\n\n\n<h2 class=\"wp-block-heading has-text-align-center has-ast-global-color-4-color has-ast-global-color-2-background-color has-text-color has-background has-link-color wp-elements-24870c1e44911cd0f4b83815ce6d8d3e\" id=\"conseils\" style=\"padding-top:var(--wp--preset--spacing--30);padding-right:var(--wp--preset--spacing--30);padding-bottom:var(--wp--preset--spacing--30);padding-left:var(--wp--preset--spacing--30)\">Conseils pratiques<\/h2>\n\n\n\n<div class=\"wp-block-columns is-layout-flex wp-container-core-columns-is-layout-28f84493 wp-block-columns-is-layout-flex\">\n<div class=\"wp-block-column is-layout-flow wp-block-column-is-layout-flow\">\n<ul style=\"font-size:18px\" class=\"wp-block-list has-ast-global-color-7-background-color has-background\">\n<li style=\"padding-top:var(--wp--preset--spacing--20);padding-bottom:var(--wp--preset--spacing--20)\"><strong>Carburant\u202f: <\/strong>faites le plein avant la mont\u00e9e, il n\u2019y a pas de station-service en altitude.<\/li>\n\n\n\n<li style=\"padding-top:var(--wp--preset--spacing--20);padding-bottom:var(--wp--preset--spacing--20)\"><strong>Temps de trajet\u202f:<\/strong> comptez environ <strong>1h45 depuis Santa Cruz ou Los Llanos.<\/strong><\/li>\n\n\n\n<li style=\"padding-top:var(--wp--preset--spacing--20);padding-bottom:var(--wp--preset--spacing--20)\"><strong>V\u00eatements\u202f: <\/strong>m\u00eame en \u00e9t\u00e9, pr\u00e9voyez des v\u00eatements chauds, bonnet et gants, ainsi qu\u2019une cr\u00e8me solaire et un chapeau.<\/li>\n\n\n\n<li style=\"padding-top:var(--wp--preset--spacing--20);padding-bottom:var(--wp--preset--spacing--20)\"><strong>Nourriture\u202f: aucun restaurant en haut\u202f: pr\u00e9voyez de l\u2019eau et un encas.<\/strong><\/li>\n\n\n\n<li style=\"padding-top:var(--wp--preset--spacing--20);padding-bottom:var(--wp--preset--spacing--20)\"><strong>Webcams\u202f: <a href=\"https:\/\/apalmet.es\/webcams\/lapalma\">consultez-les avant votre d\u00e9part pour v\u00e9rifier la m\u00e9t\u00e9o<\/a><\/strong>.<\/li>\n\n\n\n<li style=\"padding-top:var(--wp--preset--spacing--20);padding-bottom:var(--wp--preset--spacing--20)\"><strong>S\u00e9curit\u00e9\u202f:<\/strong> restez sur les sentiers balis\u00e9s, surveillez vos enfants et soyez prudents en cas de vent ou brouillard.<\/li>\n\n\n\n<li style=\"padding-top:var(--wp--preset--spacing--20);padding-bottom:var(--wp--preset--spacing--20)\"><strong>Animaux\u202f: <\/strong>interdits car c\u2019est une zone prot\u00e9g\u00e9e.<\/li>\n\n\n\n<li style=\"padding-top:var(--wp--preset--spacing--20);padding-bottom:var(--wp--preset--spacing--20)\"><strong>Bus\u202f:<\/strong> <strong>pas de ligne r\u00e9guli\u00e8re<\/strong>\u202f: <a href=\"https:\/\/lapalmaisland.com\/fr\/la-palma-tour-en-bus\/\">r\u00e9servez une excursion guid\u00e9e<\/a> si vous n\u2019avez pas de voiture.<\/li>\n<\/ul>\n<\/div>\n\n\n\n<div class=\"wp-block-column is-layout-flow wp-block-column-is-layout-flow\">\n<figure class=\"wp-block-image aligncenter size-full has-custom-border\"><img loading=\"lazy\" decoding=\"async\" width=\"1024\" height=\"720\" src=\"https:\/\/lapalmaisland.com\/fr\/wp-content\/uploads\/sites\/4\/2023\/11\/muchachos-la-palma.webp\" alt=\"roches volcaniques roque de los muchachos\" class=\"wp-image-34\" style=\"border-radius:15px\" srcset=\"https:\/\/lapalmaisland.com\/fr\/wp-content\/uploads\/sites\/4\/2023\/11\/muchachos-la-palma.webp 1024w, https:\/\/lapalmaisland.com\/fr\/wp-content\/uploads\/sites\/4\/2023\/11\/muchachos-la-palma-300x211.webp 300w, https:\/\/lapalmaisland.com\/fr\/wp-content\/uploads\/sites\/4\/2023\/11\/muchachos-la-palma-768x540.webp 768w\" sizes=\"auto, (max-width: 1024px) 100vw, 1024px\" \/><figcaption class=\"wp-element-caption\">Cumbre de La Palma<\/figcaption><\/figure>\n<\/div>\n<\/div>\n\n\n\n<h2 class=\"wp-block-heading has-text-align-center has-ast-global-color-4-color has-ast-global-color-2-background-color has-text-color has-background has-link-color wp-elements-2b6f7f4e1e854943163d3981b41e99b7\" id=\"experience\" style=\"padding-top:var(--wp--preset--spacing--30);padding-right:var(--wp--preset--spacing--30);padding-bottom:var(--wp--preset--spacing--30);padding-left:var(--wp--preset--spacing--30)\">Une exp\u00e9rience inoubliable<\/h2>\n\n\n\n<div class=\"wp-block-columns is-layout-flex wp-container-core-columns-is-layout-28f84493 wp-block-columns-is-layout-flex\">\n<div class=\"wp-block-column is-layout-flow wp-block-column-is-layout-flow\">\n<p style=\"font-size:18px\">Grimper jusqu\u2019au Roque de los Muchachos est d\u00e9j\u00e0 une aventure. La <strong>route serpente entre pins, broussailles d\u2019altitude et roches volcaniques nues<\/strong>. Au sommet, le silence s\u2019impose naturellement\u202f: on contemple la mer de nuages en contrebas, le ciel limpide et l\u2019horizon sans fin.<\/p>\n\n\n\n<p style=\"font-size:18px\"><strong>Au printemps (mai-juin), la montagne se couvre de fleurs jaunes et roses gr\u00e2ce aux codesos, retamas et aux tajinastes g\u00e9ants qui se dressent le long de la route.<\/strong> L\u2019air embaume d\u2019un parfum doux et frais.<\/p>\n\n\n\n<p style=\"font-size:18px\">Si vous montez un soir d\u00e9gag\u00e9, vous pourrez peut-\u00eatre <strong>apercevoir le rayon vert<\/strong>, un ph\u00e9nom\u00e8ne optique rare qui se produit au <strong>coucher du soleil.<\/strong> La Palma est l\u2019un des rares endroits au monde o\u00f9 on peut l\u2019observer r\u00e9guli\u00e8rement.<\/p>\n<\/div>\n\n\n\n<div class=\"wp-block-column is-layout-flow wp-block-column-is-layout-flow\">\n<div class=\"wp-block-cover\"><img loading=\"lazy\" decoding=\"async\" width=\"1024\" height=\"720\" class=\"wp-block-cover__image-background wp-image-4137\" alt=\"fleur tajinaste la palma\" src=\"https:\/\/lapalmaisland.com\/fr\/wp-content\/uploads\/sites\/4\/2023\/11\/fleur-tajinaste.webp\" data-object-fit=\"cover\" srcset=\"https:\/\/lapalmaisland.com\/fr\/wp-content\/uploads\/sites\/4\/2023\/11\/fleur-tajinaste.webp 1024w, https:\/\/lapalmaisland.com\/fr\/wp-content\/uploads\/sites\/4\/2023\/11\/fleur-tajinaste-300x211.webp 300w, https:\/\/lapalmaisland.com\/fr\/wp-content\/uploads\/sites\/4\/2023\/11\/fleur-tajinaste-768x540.webp 768w\" sizes=\"auto, (max-width: 1024px) 100vw, 1024px\" \/><span aria-hidden=\"true\" class=\"wp-block-cover__background has-black-background-color has-background-dim-60 has-background-dim\"><\/span><div class=\"wp-block-cover__inner-container is-layout-flow wp-block-cover-is-layout-flow\">\n<p class=\"has-text-align-center has-ast-global-color-4-color has-text-color has-background has-link-color wp-elements-756a90fe07aaf3f22ce22cc6855f52d4\" style=\"background-color:#fcb900b0;padding-top:var(--wp--preset--spacing--30);padding-right:var(--wp--preset--spacing--30);padding-bottom:var(--wp--preset--spacing--30);padding-left:var(--wp--preset--spacing--30);font-size:25px\">Fleurs et Plantes<\/p>\n\n\n\n<p class=\"has-text-align-center has-ast-global-color-4-color has-text-color has-link-color wp-elements-3aa6c4b069d38042aed6dcb21245b03e\" style=\"font-size:18px\">D\u00e9couvrez la fascinante flore de La Palma : des fleurs et des plantes qui enrichissent les sommets d&#8217;ar\u00f4mes et de couleurs, tandis que des esp\u00e8ces tropicales ornent les c\u00f4tes.<\/p>\n\n\n\n<div class=\"wp-block-buttons is-content-justification-center is-layout-flex wp-container-core-buttons-is-layout-a89b3969 wp-block-buttons-is-layout-flex\">\n<div class=\"wp-block-button is-style-outline is-style-outline--1\"><a class=\"wp-block-button__link has-ast-global-color-4-color has-text-color has-link-color has-border-color has-ast-global-color-4-border-color has-custom-font-size wp-element-button\" href=\"https:\/\/lapalmaisland.com\/fr\/flore-la-palma\/\" style=\"border-width:3px;font-size:18px\">Fleurs et Plantes de l&#8217;\u00eele de La Palma<\/a><\/div>\n<\/div>\n<\/div><\/div>\n<\/div>\n<\/div>\n\n\n\n<div class=\"wp-block-columns is-layout-flex wp-container-core-columns-is-layout-28f84493 wp-block-columns-is-layout-flex\">\n<div class=\"wp-block-column is-layout-flow wp-block-column-is-layout-flow\">\n<div class=\"wp-block-columns is-layout-flex wp-container-core-columns-is-layout-28f84493 wp-block-columns-is-layout-flex\">\n<div class=\"wp-block-column is-layout-flow wp-block-column-is-layout-flow\">\n<p class=\"has-text-align-center has-ast-global-color-2-background-color has-background\"><strong><mark style=\"background-color:rgba(0, 0, 0, 0)\" class=\"has-inline-color has-ast-global-color-5-color\">TON<\/mark><\/strong> <strong><mark style=\"background-color:rgba(0, 0, 0, 0)\" class=\"has-inline-color has-ast-global-color-5-color\">EXP\u00c9RIENCE<\/mark> <mark style=\"background-color:rgba(0, 0, 0, 0);color:#fcb900\" class=\"has-inline-color\">BRILLE ICI<\/mark><\/strong><\/p>\n\n\n\n<p class=\"has-text-align-center\">Si tu as visit\u00e9 cet endroit, partage ton ressenti et laisse une trace de ton passage. Aide d\u2019autres voyageurs \u00e0 d\u00e9couvrir la beaut\u00e9 authentique de La Palma.<\/p>\n\n\n\n\n\n\n<p class=\"has-text-align-right has-small-font-size\">L\u2019\u00e9valuation est totalement anonyme.<\/p>\n<\/div>\n<\/div>\n<\/div>\n<\/div>\n\n\n\n<div style=\"height:10px\" aria-hidden=\"true\" class=\"wp-block-spacer\"><\/div>\n\n\n\n<h2 class=\"wp-block-heading has-text-align-center has-ast-global-color-4-color has-ast-global-color-2-background-color has-text-color has-background has-link-color wp-elements-64333a12ab4f758ea511f7e66cb4038d\" id=\"quevoir\" style=\"padding-top:var(--wp--preset--spacing--30);padding-right:var(--wp--preset--spacing--30);padding-bottom:var(--wp--preset--spacing--30);padding-left:var(--wp--preset--spacing--30)\">Que voir et faire au Roque de los Muchachos<\/h2>\n\n\n\n<h3 class=\"wp-block-heading has-text-align-center has-ast-global-color-4-color has-luminous-vivid-orange-background-color has-text-color has-background has-link-color wp-elements-111abb1356a3edb3ff17de98895bf622\" style=\"padding-top:var(--wp--preset--spacing--30);padding-right:var(--wp--preset--spacing--30);padding-bottom:var(--wp--preset--spacing--30);padding-left:var(--wp--preset--spacing--30)\">Miradors et sentiers<\/h3>\n\n\n\n<div class=\"wp-block-columns is-layout-flex wp-container-core-columns-is-layout-28f84493 wp-block-columns-is-layout-flex\">\n<div class=\"wp-block-column is-layout-flow wp-block-column-is-layout-flow\">\n<p style=\"font-size:18px\">Le sommet est entour\u00e9 de miradors naturels, dont celui de l\u2019<strong>Espig\u00f3n del Roque, accessible par un sentier facile depuis le parking.<\/strong> On se tient alors au bord d\u2019impressionnantes falaises offrant des <strong>vues vertigineuses sur la Caldera et la mer de nuages.<\/strong><\/p>\n\n\n\n<p style=\"font-size:18px\">Des sentiers balis\u00e9s parcourent la cr\u00eate, notamment le GR-131 (<a href=\"https:\/\/lapalmaisland.com\/fr\/la-cresteria-randonnee-la-palma\/\">La Crester\u00eda<\/a>), qui relie des sommets embl\u00e9matiques comme le <strong>Pico de la Cruz et le Pico de la Nieve.<\/strong> Pour les marcheurs moins aguerris, des sentiers circulaires plus courts partent du parking ou de l\u2019observatoire.<\/p>\n<\/div>\n\n\n\n<div class=\"wp-block-column is-layout-flow wp-block-column-is-layout-flow\">\n<figure class=\"wp-block-image aligncenter size-full has-custom-border\" style=\"margin-top:var(--wp--preset--spacing--50);margin-bottom:var(--wp--preset--spacing--50)\"><img loading=\"lazy\" decoding=\"async\" width=\"315\" height=\"250\" src=\"https:\/\/lapalmaisland.com\/fr\/wp-content\/uploads\/sites\/4\/2023\/11\/chemin-roque-de-los-muchachos.webp\" alt=\"chemin roque de los muchachos la palma\" class=\"wp-image-4140\" style=\"border-radius:15px\" srcset=\"https:\/\/lapalmaisland.com\/fr\/wp-content\/uploads\/sites\/4\/2023\/11\/chemin-roque-de-los-muchachos.webp 315w, https:\/\/lapalmaisland.com\/fr\/wp-content\/uploads\/sites\/4\/2023\/11\/chemin-roque-de-los-muchachos-300x238.webp 300w\" sizes=\"auto, (max-width: 315px) 100vw, 315px\" \/><\/figure>\n<\/div>\n<\/div>\n\n\n\n<h3 class=\"wp-block-heading has-text-align-center has-ast-global-color-4-color has-luminous-vivid-orange-background-color has-text-color has-background has-link-color wp-elements-4d065d73558d600ab986b83583fbf226\" style=\"padding-top:var(--wp--preset--spacing--30);padding-right:var(--wp--preset--spacing--30);padding-bottom:var(--wp--preset--spacing--30);padding-left:var(--wp--preset--spacing--30)\">Les t\u00e9lescopes\u202f: un portail vers l\u2019univers<\/h3>\n\n\n\n<p style=\"padding-top:var(--wp--preset--spacing--40);padding-bottom:var(--wp--preset--spacing--40);font-size:18px\">Le Roque de los Muchachos abrite l\u2019Observatoire astrophysique des Canaries (ORM), l\u2019<strong>un des plus importants du monde<\/strong>. Gr\u00e2ce \u00e0 un <strong>ciel exceptionnellement pur et sans pollution lumineuse, il est un centre de r\u00e9f\u00e9rence pour l\u2019astronomie internationale.<\/strong><\/p>\n\n\n\n<div class=\"wp-block-columns is-layout-flex wp-container-core-columns-is-layout-28f84493 wp-block-columns-is-layout-flex\">\n<div class=\"wp-block-column is-layout-flow wp-block-column-is-layout-flow\">\n<p style=\"font-size:18px\"><strong>On y trouve\u202f:<\/strong><\/p>\n\n\n\n<ul class=\"wp-block-list has-ast-global-color-7-background-color has-background\">\n<li style=\"padding-top:var(--wp--preset--spacing--20);padding-bottom:var(--wp--preset--spacing--20);font-size:18px\"><strong>Le Gran Telescopio Canarias <\/strong>(Grantecan), plus grand t\u00e9lescope optique-infrarouge du monde.<\/li>\n\n\n\n<li style=\"padding-top:var(--wp--preset--spacing--20);padding-bottom:var(--wp--preset--spacing--20);font-size:18px\"><strong>Le T\u00e9lescope Nazionale Galileo<\/strong>, vital pour la recherche italienne.<\/li>\n\n\n\n<li style=\"padding-top:var(--wp--preset--spacing--20);padding-bottom:var(--wp--preset--spacing--20);font-size:18px\"><strong>Le T\u00e9lescope solaire<\/strong> su\u00e9dois, qui observe le Soleil avec une pr\u00e9cision in\u00e9gal\u00e9e.<\/li>\n\n\n\n<li style=\"padding-top:var(--wp--preset--spacing--20);padding-bottom:var(--wp--preset--spacing--20);font-size:18px\"><strong>Les t\u00e9lescopes MAGIC<\/strong>, qui \u00e9tudient l\u2019univers en rayons gamma.<\/li>\n\n\n\n<li style=\"padding-top:var(--wp--preset--spacing--20);padding-bottom:var(--wp--preset--spacing--20);font-size:18px\"><strong>En tout, 16 t\u00e9lescopes actifs, op\u00e9r\u00e9s par 22 pays.<\/strong><\/li>\n<\/ul>\n\n\n\n<p style=\"padding-top:var(--wp--preset--spacing--40);padding-bottom:var(--wp--preset--spacing--40);font-size:18px\">Des <a href=\"https:\/\/lapalmaisland.com\/fr\/visiter-un-telescope-a-la-palma\/\">visites guid\u00e9es (\u00e0 r\u00e9server \u00e0 l\u2019avance) permettent de d\u00e9couvrir le fonctionnement du Grantecan<\/a> et d\u2019en apprendre plus sur la recherche men\u00e9e sur place.<\/p>\n<\/div>\n\n\n\n<div class=\"wp-block-column is-layout-flow wp-block-column-is-layout-flow\" style=\"padding-top:var(--wp--preset--spacing--50);padding-bottom:var(--wp--preset--spacing--50)\">\n<figure class=\"wp-block-image aligncenter size-full has-custom-border\" style=\"margin-top:var(--wp--preset--spacing--50);margin-bottom:var(--wp--preset--spacing--50)\"><img loading=\"lazy\" decoding=\"async\" width=\"1024\" height=\"720\" src=\"https:\/\/lapalmaisland.com\/fr\/wp-content\/uploads\/sites\/4\/2023\/11\/observatoire-du-roque-de-los-muchachos.webp\" alt=\"observatoire du roque de muchachos\" class=\"wp-image-35\" style=\"border-radius:15px\" srcset=\"https:\/\/lapalmaisland.com\/fr\/wp-content\/uploads\/sites\/4\/2023\/11\/observatoire-du-roque-de-los-muchachos.webp 1024w, https:\/\/lapalmaisland.com\/fr\/wp-content\/uploads\/sites\/4\/2023\/11\/observatoire-du-roque-de-los-muchachos-300x211.webp 300w, https:\/\/lapalmaisland.com\/fr\/wp-content\/uploads\/sites\/4\/2023\/11\/observatoire-du-roque-de-los-muchachos-768x540.webp 768w\" sizes=\"auto, (max-width: 1024px) 100vw, 1024px\" \/><figcaption class=\"wp-element-caption\">Roque de Los Muchachos Telescopios<\/figcaption><\/figure>\n<\/div>\n<\/div>\n\n\n\n<div class=\"wp-block-columns is-layout-flex wp-container-core-columns-is-layout-28f84493 wp-block-columns-is-layout-flex\">\n<div class=\"wp-block-column is-layout-flow wp-block-column-is-layout-flow\">\n<h3 class=\"wp-block-heading has-text-align-center has-ast-global-color-4-color has-luminous-vivid-orange-background-color has-text-color has-background has-link-color wp-elements-c74ec9ae1b063baffd2d1bb2112c7be9\" style=\"padding-top:var(--wp--preset--spacing--30);padding-right:var(--wp--preset--spacing--30);padding-bottom:var(--wp--preset--spacing--30);padding-left:var(--wp--preset--spacing--30)\">Nuit \u00e9toil\u00e9e<\/h3>\n\n\n\n<div class=\"wp-block-columns is-layout-flex wp-container-core-columns-is-layout-28f84493 wp-block-columns-is-layout-flex\">\n<div class=\"wp-block-column is-layout-flow wp-block-column-is-layout-flow\">\n<p style=\"font-size:18px\">Une fois la nuit tomb\u00e9e, le ciel du Roque se transforme en un plan\u00e9tarium naturel. De nombreuses <strong>excursions nocturnes permettent d\u2019observer constellations et galaxies avec l\u2019aide d\u2019un guide, pour une exp\u00e9rience magique.<\/strong><\/p>\n\n\n\n<p style=\"padding-top:var(--wp--preset--spacing--40);padding-bottom:var(--wp--preset--spacing--40);font-size:18px\">Pour mieux comprendre ce site, ne manquez pas le <a href=\"https:\/\/lapalmaisland.com\/fr\/centre-des-visiteurs-roque-de-los-muchachos\/\">Centre des visiteurs,<\/a> ouvert chaque matin. Il propose des expositions interactives sur l\u2019astronomie et la biodiversit\u00e9 locale, adapt\u00e9es \u00e0 tous les publics.<\/p>\n\n\n\n<figure class=\"wp-block-image aligncenter size-full has-custom-border\"><img loading=\"lazy\" decoding=\"async\" width=\"1024\" height=\"720\" src=\"https:\/\/lapalmaisland.com\/fr\/wp-content\/uploads\/sites\/4\/2024\/12\/centre-de-visiteurs-roque-de-los-muchachos.webp\" alt=\"centre astronomique de visiteurs\" class=\"wp-image-3977\" style=\"border-top-left-radius:15px;border-top-right-radius:15px;border-bottom-left-radius:15px;border-bottom-right-radius:15px\" srcset=\"https:\/\/lapalmaisland.com\/fr\/wp-content\/uploads\/sites\/4\/2024\/12\/centre-de-visiteurs-roque-de-los-muchachos.webp 1024w, https:\/\/lapalmaisland.com\/fr\/wp-content\/uploads\/sites\/4\/2024\/12\/centre-de-visiteurs-roque-de-los-muchachos-300x211.webp 300w, https:\/\/lapalmaisland.com\/fr\/wp-content\/uploads\/sites\/4\/2024\/12\/centre-de-visiteurs-roque-de-los-muchachos-768x540.webp 768w\" sizes=\"auto, (max-width: 1024px) 100vw, 1024px\" \/><figcaption class=\"wp-element-caption\">Centre des Visiteurs<\/figcaption><\/figure>\n<\/div>\n\n\n\n<div class=\"wp-block-column is-layout-flow wp-block-column-is-layout-flow\" style=\"padding-top:var(--wp--preset--spacing--40);padding-bottom:var(--wp--preset--spacing--40)\">\n<div style=\"min-height:375px; width:100%;\"><div data-gyg-href=\"https:\/\/widget.getyourguide.com\/default\/availability.frame\" data-gyg-tour-id=\"428879\" data-gyg-locale-code=\"en-US\" data-gyg-currency=\"EUR\" data-gyg-widget=\"availability\" data-gyg-variant=\"horizontal\" data-gyg-partner-id=\"ZQB611X\"><span>Loading&#8230;<a target=\"_blank\" rel=\"sponsored noopener\" href=\"https:\/\/www.getyourguide.com\/la-palma-l417\/\"><\/a><\/span><\/div><\/div>\n<\/div>\n<\/div>\n<\/div>\n<\/div>\n<\/div>\n\n\n\n<div style=\"height:20px\" aria-hidden=\"true\" class=\"wp-block-spacer\"><\/div>\n\n\n\n<div class=\"inherit-container-width wp-block-group has-ast-global-color-6-background-color has-background is-layout-constrained wp-block-group-is-layout-constrained\" style=\"border-radius:15px\">\n<h2 class=\"wp-block-heading has-text-align-center has-ast-global-color-4-color has-ast-global-color-2-background-color has-text-color has-background\" id=\"comment\" style=\"padding-top:var(--wp--preset--spacing--30);padding-right:var(--wp--preset--spacing--30);padding-bottom:var(--wp--preset--spacing--30);padding-left:var(--wp--preset--spacing--30)\">Comment arriver au Roque de los Muchachos ?<\/h2>\n\n\n\n<ul style=\"font-size:18px\" class=\"wp-block-list has-ast-global-color-7-background-color has-background\">\n<li style=\"padding-top:var(--wp--preset--spacing--20);padding-bottom:var(--wp--preset--spacing--20)\"><strong>En voiture :<\/strong> par la route LP-4 depuis Santa Cruz ou Garaf\u00eda. Comptez 36 km de route de montagne.<\/li>\n\n\n\n<li style=\"padding-top:var(--wp--preset--spacing--20);padding-bottom:var(--wp--preset--spacing--20)\"><strong>En excursion organis\u00e9e :<\/strong> plus confortable si vous ne souhaitez pas conduire et pour profiter des explications d\u2019un guide.<\/li>\n<\/ul>\n<\/div>\n\n\n\n<div style=\"height:20px\" aria-hidden=\"true\" class=\"wp-block-spacer\"><\/div>\n\n\n\n<div class=\"wp-block-columns has-ast-global-color-2-background-color has-background is-layout-flex wp-container-core-columns-is-layout-8d88fe0f wp-block-columns-is-layout-flex\" id=\"carte\" style=\"border-radius:15px;padding-top:var(--wp--preset--spacing--20);padding-bottom:var(--wp--preset--spacing--20)\">\n<div class=\"wp-block-column is-layout-flow wp-block-column-is-layout-flow\" style=\"padding-top:var(--wp--preset--spacing--30);padding-bottom:var(--wp--preset--spacing--30)\" id=\"roquemuchachos\">\n<div id=\"carte\" class=\"wp-block-group has-ast-global-color-4-color has-text-color has-large-font-size is-layout-constrained wp-block-group-is-layout-constrained\" style=\"padding-top:0;padding-bottom:0\">\n<h2 class=\"wp-block-heading has-text-align-center has-ast-global-color-5-color has-text-color has-link-color has-medium-font-size wp-elements-fa02949eb3f5e169573ece74598fa5c4\">Carte du Roque de los Muchachos<\/h2>\n\n\n\n<figure class=\"wp-block-image aligncenter size-large has-custom-border\"><a href=\"https:\/\/lapalmaisland.com\/fr\/map\/?marcador=roquedelosmuchachos\"><img loading=\"lazy\" decoding=\"async\" width=\"1024\" height=\"559\" src=\"https:\/\/lapalmaisland.com\/fr\/wp-content\/uploads\/sites\/4\/2023\/12\/La-Palma-carte-interactive-1024x559.webp\" alt=\"La-Palma-carte-interactive - Volcan Tajogaite\" class=\"wp-image-2456\" style=\"border-radius:15px\" srcset=\"https:\/\/lapalmaisland.com\/fr\/wp-content\/uploads\/sites\/4\/2023\/12\/La-Palma-carte-interactive-1024x559.webp 1024w, https:\/\/lapalmaisland.com\/fr\/wp-content\/uploads\/sites\/4\/2023\/12\/La-Palma-carte-interactive-300x164.webp 300w, https:\/\/lapalmaisland.com\/fr\/wp-content\/uploads\/sites\/4\/2023\/12\/La-Palma-carte-interactive-768x419.webp 768w, https:\/\/lapalmaisland.com\/fr\/wp-content\/uploads\/sites\/4\/2023\/12\/La-Palma-carte-interactive.webp 1100w\" sizes=\"auto, (max-width: 1024px) 100vw, 1024px\" \/><\/a><\/figure>\n<\/div>\n<\/div>\n<\/div>\n\n\n\n<div style=\"height:20px\" aria-hidden=\"true\" class=\"wp-block-spacer\"><\/div>\n\n\n\n<div class=\"wp-block-columns has-ast-global-color-6-background-color has-background is-layout-flex wp-container-core-columns-is-layout-28f84493 wp-block-columns-is-layout-flex\">\n<div class=\"wp-block-column is-layout-flow wp-block-column-is-layout-flow\">\n<h2 class=\"wp-block-heading has-text-align-center has-ast-global-color-4-color has-ast-global-color-3-background-color has-text-color has-background has-link-color wp-elements-8e872168c921cb1137ae1d20aa0983ec\" id=\"faq\" style=\"padding-top:var(--wp--preset--spacing--30);padding-right:var(--wp--preset--spacing--30);padding-bottom:var(--wp--preset--spacing--30);padding-left:var(--wp--preset--spacing--30)\">Questions fr\u00e9quentes<\/h2>\n\n\n<div class=\"wp-block-uagb-faq uagb-faq__outer-wrap uagb-block-e28f4a81 uagb-faq-icon-row uagb-faq-layout-grid uagb-faq-expand-first-true uagb-faq-inactive-other-true uagb-faq__wrap uagb-buttons-layout-wrap uagb-faq-equal-height     \" data-faqtoggle=\"true\" role=\"tablist\"><div class=\"wp-block-uagb-faq-child uagb-faq-child__outer-wrap uagb-faq-item uagb-block-f282694b \" role=\"tab\" tabindex=\"0\"><div class=\"uagb-faq-questions-button uagb-faq-questions\"><span class=\"uagb-question\"><strong>Peut-on monter avec des enfants\u202f?<\/strong><\/span><\/div><div class=\"uagb-faq-content\"><p>Oui, tant qu\u2019on les surveille et qu\u2019on reste prudents.<\/p><\/div><\/div><div class=\"wp-block-uagb-faq-child uagb-faq-child__outer-wrap uagb-faq-item uagb-block-28bc5c8b \" role=\"tab\" tabindex=\"0\"><div class=\"uagb-faq-questions-button uagb-faq-questions\"><span class=\"uagb-question\"><strong>Y a-t-il des toilettes\u202f?<\/strong><\/span><\/div><div class=\"uagb-faq-content\"><p>Oui, au Centre des visiteurs.<\/p><\/div><\/div><div class=\"wp-block-uagb-faq-child uagb-faq-child__outer-wrap uagb-faq-item uagb-block-b551aa1a \" id=\"playasseguras\"role=\"tab\" tabindex=\"0\"><div class=\"uagb-faq-questions-button uagb-faq-questions\"><span class=\"uagb-question\"><strong>Combien de temps faut-il pr\u00e9voir\u202f?<\/strong><\/span><\/div><div class=\"uagb-faq-content\"><p>Comptez au minimum 3h30 pour l\u2019aller-retour en voiture et la visite des miradors et du centre. Une journ\u00e9e compl\u00e8te si vous randonnez ou restez pour le coucher du soleil.<\/p><\/div><\/div><\/div><\/div>\n<\/div>\n\n\n\n<div style=\"height:30px\" aria-hidden=\"true\" class=\"wp-block-spacer\"><\/div>\n\n\n\n<div class=\"wp-block-uagb-social-share uagb-social-share__outer-wrap uagb-social-share__layout-horizontal uagb-block-4446023f\">\n<div class=\"wp-block-uagb-social-share-child uagb-ss-repeater uagb-ss__wrapper uagb-block-a042eff1\"><span class=\"uagb-ss__link\" data-href=\"https:\/\/www.facebook.com\/sharer.php?u=\" tabindex=\"0\" role=\"button\" aria-label=\"facebook\"><span class=\"uagb-ss__source-wrap\"><span class=\"uagb-ss__source-icon\"><svg xmlns=\"https:\/\/www.w3.org\/2000\/svg\" viewBox=\"0 0 512 512\"><path d=\"M504 256C504 119 393 8 256 8S8 119 8 256c0 123.8 90.69 226.4 209.3 245V327.7h-63V256h63v-54.64c0-62.15 37-96.48 93.67-96.48 27.14 0 55.52 4.84 55.52 4.84v61h-31.28c-30.8 0-40.41 19.12-40.41 38.73V256h68.78l-11 71.69h-57.78V501C413.3 482.4 504 379.8 504 256z\"><\/path><\/svg><\/span><\/span><\/span><\/div>\n\n\n\n<div class=\"wp-block-uagb-social-share-child uagb-ss-repeater uagb-ss__wrapper uagb-block-b37997d8\"><span class=\"uagb-ss__link\" data-href=\"https:\/\/twitter.com\/share?url=\" tabindex=\"0\" role=\"button\" aria-label=\"twitter\"><span class=\"uagb-ss__source-wrap\"><span class=\"uagb-ss__source-icon\"><svg xmlns=\"https:\/\/www.w3.org\/2000\/svg\" viewBox=\"0 0 448 512\"><path d=\"M400 32H48C21.5 32 0 53.5 0 80v352c0 26.5 21.5 48 48 48h352c26.5 0 48-21.5 48-48V80c0-26.5-21.5-48-48-48zm-48.9 158.8c.2 2.8 .2 5.7 .2 8.5 0 86.7-66 186.6-186.6 186.6-37.2 0-71.7-10.8-100.7-29.4 5.3 .6 10.4 .8 15.8 .8 30.7 0 58.9-10.4 81.4-28-28.8-.6-53-19.5-61.3-45.5 10.1 1.5 19.2 1.5 29.6-1.2-30-6.1-52.5-32.5-52.5-64.4v-.8c8.7 4.9 18.9 7.9 29.6 8.3a65.45 65.45 0 0 1 -29.2-54.6c0-12.2 3.2-23.4 8.9-33.1 32.3 39.8 80.8 65.8 135.2 68.6-9.3-44.5 24-80.6 64-80.6 18.9 0 35.9 7.9 47.9 20.7 14.8-2.8 29-8.3 41.6-15.8-4.9 15.2-15.2 28-28.8 36.1 13.2-1.4 26-5.1 37.8-10.2-8.9 13.1-20.1 24.7-32.9 34z\"><\/path><\/svg><\/span><\/span><\/span><\/div>\n\n\n\n<div class=\"wp-block-uagb-social-share-child uagb-ss-repeater uagb-ss__wrapper uagb-block-fdfff850\"><span class=\"uagb-ss__link\" data-href=\"https:\/\/pinterest.com\/pin\/create\/link\/?url=\" tabindex=\"0\" role=\"button\" aria-label=\"pinterest\"><span class=\"uagb-ss__source-wrap\"><span class=\"uagb-ss__source-icon\"><svg xmlns=\"https:\/\/www.w3.org\/2000\/svg\" viewBox=\"0 0 448 512\"><path d=\"M448 80v352c0 26.5-21.5 48-48 48H154.4c9.8-16.4 22.4-40 27.4-59.3 3-11.5 15.3-58.4 15.3-58.4 8 15.3 31.4 28.2 56.3 28.2 74.1 0 127.4-68.1 127.4-152.7 0-81.1-66.2-141.8-151.4-141.8-106 0-162.2 71.1-162.2 148.6 0 36 19.2 80.8 49.8 95.1 4.7 2.2 7.1 1.2 8.2-3.3 .8-3.4 5-20.1 6.8-27.8 .6-2.5 .3-4.6-1.7-7-10.1-12.3-18.3-34.9-18.3-56 0-54.2 41-106.6 110.9-106.6 60.3 0 102.6 41.1 102.6 99.9 0 66.4-33.5 112.4-77.2 112.4-24.1 0-42.1-19.9-36.4-44.4 6.9-29.2 20.3-60.7 20.3-81.8 0-53-75.5-45.7-75.5 25 0 21.7 7.3 36.5 7.3 36.5-31.4 132.8-36.1 134.5-29.6 192.6l2.2 .8H48c-26.5 0-48-21.5-48-48V80c0-26.5 21.5-48 48-48h352c26.5 0 48 21.5 48 48z\"><\/path><\/svg><\/span><\/span><\/span><\/div>\n\n\n\n<div class=\"wp-block-uagb-social-share-child uagb-ss-repeater uagb-ss__wrapper uagb-block-4b0c0f4f\"><span class=\"uagb-ss__link\" data-href=\"https:\/\/www.linkedin.com\/shareArticle?url=\" tabindex=\"0\" role=\"button\" aria-label=\"linkedin\"><span class=\"uagb-ss__source-wrap\"><span class=\"uagb-ss__source-icon\"><svg xmlns=\"https:\/\/www.w3.org\/2000\/svg\" viewBox=\"0 0 448 512\"><path d=\"M416 32H31.9C14.3 32 0 46.5 0 64.3v383.4C0 465.5 14.3 480 31.9 480H416c17.6 0 32-14.5 32-32.3V64.3c0-17.8-14.4-32.3-32-32.3zM135.4 416H69V202.2h66.5V416zm-33.2-243c-21.3 0-38.5-17.3-38.5-38.5S80.9 96 102.2 96c21.2 0 38.5 17.3 38.5 38.5 0 21.3-17.2 38.5-38.5 38.5zm282.1 243h-66.4V312c0-24.8-.5-56.7-34.5-56.7-34.6 0-39.9 27-39.9 54.9V416h-66.4V202.2h63.7v29.2h.9c8.9-16.8 30.6-34.5 62.9-34.5 67.2 0 79.7 44.3 79.7 101.9V416z\"><\/path><\/svg><\/span><\/span><\/span><\/div>\n\n\n\n<div class=\"wp-block-uagb-social-share-child uagb-ss-repeater uagb-ss__wrapper uagb-block-62523f5b\"><span class=\"uagb-ss__link\" data-href=\"https:\/\/telegram.me\/share\/url?url=\" tabindex=\"0\" role=\"button\" aria-label=\"telegram\"><span class=\"uagb-ss__source-wrap\"><span class=\"uagb-ss__source-icon\"><svg xmlns=\"https:\/\/www.w3.org\/2000\/svg\" viewBox=\"0 0 496 512\"><path d=\"M248 8C111 8 0 119 0 256S111 504 248 504 496 392.1 496 256 384.1 8 248 8zM362.1 176.7c-3.732 39.22-19.88 134.4-28.1 178.3-3.476 18.58-10.32 24.82-16.95 25.42-14.4 1.326-25.34-9.517-39.29-18.66-21.83-14.31-34.16-23.22-55.35-37.18-24.49-16.14-8.612-25 5.342-39.5 3.652-3.793 67.11-61.51 68.33-66.75 .153-.655 .3-3.1-1.154-4.384s-3.59-.849-5.135-.5q-3.283 .746-104.6 69.14-14.85 10.19-26.89 9.934c-8.855-.191-25.89-5.006-38.55-9.123-15.53-5.048-27.88-7.717-26.8-16.29q.84-6.7 18.45-13.7 108.4-47.25 144.6-62.3c68.87-28.65 83.18-33.62 92.51-33.79 2.052-.034 6.639 .474 9.61 2.885a10.45 10.45 0 0 1 3.53 6.716A43.76 43.76 0 0 1 362.1 176.7z\"><\/path><\/svg><\/span><\/span><\/span><\/div>\n\n\n\n<div class=\"wp-block-uagb-social-share-child uagb-ss-repeater uagb-ss__wrapper uagb-block-2d9c7c52\"><span class=\"uagb-ss__link\" data-href=\"https:\/\/api.whatsapp.com\/send?text=\" tabindex=\"0\" role=\"button\" aria-label=\"whatsapp\"><span class=\"uagb-ss__source-wrap\"><span class=\"uagb-ss__source-icon\"><svg xmlns=\"https:\/\/www.w3.org\/2000\/svg\" viewBox=\"0 0 448 512\"><path d=\"M380.9 97.1C339 55.1 283.2 32 223.9 32c-122.4 0-222 99.6-222 222 0 39.1 10.2 77.3 29.6 111L0 480l117.7-30.9c32.4 17.7 68.9 27 106.1 27h.1c122.3 0 224.1-99.6 224.1-222 0-59.3-25.2-115-67.1-157zm-157 341.6c-33.2 0-65.7-8.9-94-25.7l-6.7-4-69.8 18.3L72 359.2l-4.4-7c-18.5-29.4-28.2-63.3-28.2-98.2 0-101.7 82.8-184.5 184.6-184.5 49.3 0 95.6 19.2 130.4 54.1 34.8 34.9 56.2 81.2 56.1 130.5 0 101.8-84.9 184.6-186.6 184.6zm101.2-138.2c-5.5-2.8-32.8-16.2-37.9-18-5.1-1.9-8.8-2.8-12.5 2.8-3.7 5.6-14.3 18-17.6 21.8-3.2 3.7-6.5 4.2-12 1.4-32.6-16.3-54-29.1-75.5-66-5.7-9.8 5.7-9.1 16.3-30.3 1.8-3.7 .9-6.9-.5-9.7-1.4-2.8-12.5-30.1-17.1-41.2-4.5-10.8-9.1-9.3-12.5-9.5-3.2-.2-6.9-.2-10.6-.2-3.7 0-9.7 1.4-14.8 6.9-5.1 5.6-19.4 19-19.4 46.3 0 27.3 19.9 53.7 22.6 57.4 2.8 3.7 39.1 59.7 94.8 83.8 35.2 15.2 49 16.5 66.6 13.9 10.7-1.6 32.8-13.4 37.4-26.4 4.6-13 4.6-24.1 3.2-26.4-1.3-2.5-5-3.9-10.5-6.6z\"><\/path><\/svg><\/span><\/span><\/span><\/div>\n<\/div>\n","protected":false},"excerpt":{"rendered":"<p>Le Roque de los Muchachos, sommet majestueux de La Palma, offre des vues c\u00e9lestes et des aventures astronomiques inoubliables. D\u00e9couvrez ce tr\u00e9sor naturel.<\/p>\n","protected":false},"author":1,"featured_media":4135,"comment_status":"closed","ping_status":"open","sticky":false,"template":"","format":"standard","meta":{"_uag_custom_page_level_css":"","site-sidebar-layout":"default","site-content-layout":"","ast-site-content-layout":"default","site-content-style":"default","site-sidebar-style":"default","ast-global-header-display":"","ast-banner-title-visibility":"","ast-main-header-display":"","ast-hfb-above-header-display":"","ast-hfb-below-header-display":"","ast-hfb-mobile-header-display":"","site-post-title":"","ast-breadcrumbs-content":"","ast-featured-img":"disabled","footer-sml-layout":"","ast-disable-related-posts":"","theme-transparent-header-meta":"","adv-header-id-meta":"","stick-header-meta":"","header-above-stick-meta":"","header-main-stick-meta":"","header-below-stick-meta":"","astra-migrate-meta-layouts":"set","ast-page-background-enabled":"default","ast-page-background-meta":{"desktop":{"background-color":"var(--ast-global-color-4)","background-image":"","background-repeat":"repeat","background-position":"center center","background-size":"auto","background-attachment":"scroll","background-type":"","background-media":"","overlay-type":"","overlay-color":"","overlay-opacity":"","overlay-gradient":""},"tablet":{"background-color":"","background-image":"","background-repeat":"repeat","background-position":"center center","background-size":"auto","background-attachment":"scroll","background-type":"","background-media":"","overlay-type":"","overlay-color":"","overlay-opacity":"","overlay-gradient":""},"mobile":{"background-color":"","background-image":"","background-repeat":"repeat","background-position":"center center","background-size":"auto","background-attachment":"scroll","background-type":"","background-media":"","overlay-type":"","overlay-color":"","overlay-opacity":"","overlay-gradient":""}},"ast-content-background-meta":{"desktop":{"background-color":"var(--ast-global-color-5)","background-image":"","background-repeat":"repeat","background-position":"center center","background-size":"auto","background-attachment":"scroll","background-type":"","background-media":"","overlay-type":"","overlay-color":"","overlay-opacity":"","overlay-gradient":""},"tablet":{"background-color":"var(--ast-global-color-5)","background-image":"","background-repeat":"repeat","background-position":"center center","background-size":"auto","background-attachment":"scroll","background-type":"","background-media":"","overlay-type":"","overlay-color":"","overlay-opacity":"","overlay-gradient":""},"mobile":{"background-color":"var(--ast-global-color-5)","background-image":"","background-repeat":"repeat","background-position":"center center","background-size":"auto","background-attachment":"scroll","background-type":"","background-media":"","overlay-type":"","overlay-color":"","overlay-opacity":"","overlay-gradient":""}},"footnotes":""},"categories":[106],"tags":[],"class_list":["post-31","post","type-post","status-publish","format-standard","has-post-thumbnail","hentry","category-incontournables-la-palma"],"yoast_head":"<!-- This site is optimized with the Yoast SEO plugin v27.4 - https:\/\/yoast.com\/product\/yoast-seo-wordpress\/ -->\n<title>ROQUE DE LOS MUCHACHOS - Le point le plus \u00e9lev\u00e9 de l&#039;\u00eele<\/title>\n<meta name=\"description\" content=\"&quot;Le Roque de los Muchachos, sommet de La Palma, d\u00e9voile des paysages c\u00e9lestes et l&#039;observatoire qui le couronne, une merveille.\" \/>\n<meta name=\"robots\" content=\"index, follow, max-snippet:-1, max-image-preview:large, max-video-preview:-1\" \/>\n<link rel=\"canonical\" href=\"https:\/\/lapalmaisland.com\/fr\/roque-de-los-muchachos\/\" \/>\n<meta property=\"og:locale\" content=\"fr_FR\" \/>\n<meta property=\"og:type\" content=\"article\" \/>\n<meta property=\"og:title\" content=\"ROQUE DE LOS MUCHACHOS - Le point le plus \u00e9lev\u00e9 de l&#039;\u00eele\" \/>\n<meta property=\"og:description\" content=\"&quot;Le Roque de los Muchachos, sommet de La Palma, d\u00e9voile des paysages c\u00e9lestes et l&#039;observatoire qui le couronne, une merveille.\" \/>\n<meta property=\"og:url\" content=\"https:\/\/lapalmaisland.com\/fr\/roque-de-los-muchachos\/\" \/>\n<meta property=\"og:site_name\" content=\"La Palma \u00cele\" \/>\n<meta property=\"article:published_time\" content=\"2023-11-02T12:39:38+00:00\" \/>\n<meta property=\"article:modified_time\" content=\"2026-04-08T15:42:47+00:00\" \/>\n<meta property=\"og:image\" content=\"https:\/\/lapalmaisland.com\/fr\/wp-content\/uploads\/sites\/4\/2023\/11\/roque-de-los-muchachos-le-sommet-de-lile.webp\" \/>\n\t<meta property=\"og:image:width\" content=\"1024\" \/>\n\t<meta property=\"og:image:height\" content=\"720\" \/>\n\t<meta property=\"og:image:type\" content=\"image\/webp\" \/>\n<meta name=\"author\" content=\"La Palma island\" \/>\n<meta name=\"twitter:card\" content=\"summary_large_image\" \/>\n<meta name=\"twitter:label1\" content=\"\u00c9crit par\" \/>\n\t<meta name=\"twitter:data1\" content=\"La Palma island\" \/>\n\t<meta name=\"twitter:label2\" content=\"Dur\u00e9e de lecture estim\u00e9e\" \/>\n\t<meta name=\"twitter:data2\" content=\"7 minutes\" \/>\n<script type=\"application\/ld+json\" class=\"yoast-schema-graph\">{\"@context\":\"https:\\\/\\\/schema.org\",\"@graph\":[{\"@type\":\"Article\",\"@id\":\"https:\\\/\\\/lapalmaisland.com\\\/fr\\\/roque-de-los-muchachos\\\/#article\",\"isPartOf\":{\"@id\":\"https:\\\/\\\/lapalmaisland.com\\\/fr\\\/roque-de-los-muchachos\\\/\"},\"author\":{\"name\":\"La Palma island\",\"@id\":\"https:\\\/\\\/lapalmaisland.com\\\/fr\\\/#\\\/schema\\\/person\\\/d22befbeabeee2669fa56b89d4a34675\"},\"headline\":\"Roque de Los Muchachos\",\"datePublished\":\"2023-11-02T12:39:38+00:00\",\"dateModified\":\"2026-04-08T15:42:47+00:00\",\"mainEntityOfPage\":{\"@id\":\"https:\\\/\\\/lapalmaisland.com\\\/fr\\\/roque-de-los-muchachos\\\/\"},\"wordCount\":955,\"publisher\":{\"@id\":\"https:\\\/\\\/lapalmaisland.com\\\/fr\\\/#organization\"},\"image\":{\"@id\":\"https:\\\/\\\/lapalmaisland.com\\\/fr\\\/roque-de-los-muchachos\\\/#primaryimage\"},\"thumbnailUrl\":\"https:\\\/\\\/lapalmaisland.com\\\/fr\\\/wp-content\\\/uploads\\\/sites\\\/4\\\/2023\\\/11\\\/roque-de-los-muchachos-le-sommet-de-lile.webp\",\"articleSection\":[\"Incontournables La Palma\"],\"inLanguage\":\"fr-FR\"},{\"@type\":\"WebPage\",\"@id\":\"https:\\\/\\\/lapalmaisland.com\\\/fr\\\/roque-de-los-muchachos\\\/\",\"url\":\"https:\\\/\\\/lapalmaisland.com\\\/fr\\\/roque-de-los-muchachos\\\/\",\"name\":\"ROQUE DE LOS MUCHACHOS - Le point le plus \u00e9lev\u00e9 de l'\u00eele\",\"isPartOf\":{\"@id\":\"https:\\\/\\\/lapalmaisland.com\\\/fr\\\/#website\"},\"primaryImageOfPage\":{\"@id\":\"https:\\\/\\\/lapalmaisland.com\\\/fr\\\/roque-de-los-muchachos\\\/#primaryimage\"},\"image\":{\"@id\":\"https:\\\/\\\/lapalmaisland.com\\\/fr\\\/roque-de-los-muchachos\\\/#primaryimage\"},\"thumbnailUrl\":\"https:\\\/\\\/lapalmaisland.com\\\/fr\\\/wp-content\\\/uploads\\\/sites\\\/4\\\/2023\\\/11\\\/roque-de-los-muchachos-le-sommet-de-lile.webp\",\"datePublished\":\"2023-11-02T12:39:38+00:00\",\"dateModified\":\"2026-04-08T15:42:47+00:00\",\"description\":\"\\\"Le Roque de los Muchachos, sommet de La Palma, d\u00e9voile des paysages c\u00e9lestes et l'observatoire qui le couronne, une merveille.\",\"breadcrumb\":{\"@id\":\"https:\\\/\\\/lapalmaisland.com\\\/fr\\\/roque-de-los-muchachos\\\/#breadcrumb\"},\"inLanguage\":\"fr-FR\",\"potentialAction\":[{\"@type\":\"ReadAction\",\"target\":[\"https:\\\/\\\/lapalmaisland.com\\\/fr\\\/roque-de-los-muchachos\\\/\"]}]},{\"@type\":\"ImageObject\",\"inLanguage\":\"fr-FR\",\"@id\":\"https:\\\/\\\/lapalmaisland.com\\\/fr\\\/roque-de-los-muchachos\\\/#primaryimage\",\"url\":\"https:\\\/\\\/lapalmaisland.com\\\/fr\\\/wp-content\\\/uploads\\\/sites\\\/4\\\/2023\\\/11\\\/roque-de-los-muchachos-le-sommet-de-lile.webp\",\"contentUrl\":\"https:\\\/\\\/lapalmaisland.com\\\/fr\\\/wp-content\\\/uploads\\\/sites\\\/4\\\/2023\\\/11\\\/roque-de-los-muchachos-le-sommet-de-lile.webp\",\"width\":1024,\"height\":720,\"caption\":\"le sommet de l'\u00eele de la palma roque de los muchachos\"},{\"@type\":\"BreadcrumbList\",\"@id\":\"https:\\\/\\\/lapalmaisland.com\\\/fr\\\/roque-de-los-muchachos\\\/#breadcrumb\",\"itemListElement\":[{\"@type\":\"ListItem\",\"position\":1,\"name\":\"Portada\",\"item\":\"https:\\\/\\\/lapalmaisland.com\\\/fr\\\/\"},{\"@type\":\"ListItem\",\"position\":2,\"name\":\"Roque de Los Muchachos\"}]},{\"@type\":\"WebSite\",\"@id\":\"https:\\\/\\\/lapalmaisland.com\\\/fr\\\/#website\",\"url\":\"https:\\\/\\\/lapalmaisland.com\\\/fr\\\/\",\"name\":\"La Palma \u00cele\",\"description\":\"D\u00e9couvrez l&#039;\u00eele fascinante de La Palma : informations \u00e0 jour, guide touristique et activit\u00e9s pour une exp\u00e9rience inoubliable.\",\"publisher\":{\"@id\":\"https:\\\/\\\/lapalmaisland.com\\\/fr\\\/#organization\"},\"potentialAction\":[{\"@type\":\"SearchAction\",\"target\":{\"@type\":\"EntryPoint\",\"urlTemplate\":\"https:\\\/\\\/lapalmaisland.com\\\/fr\\\/?s={search_term_string}\"},\"query-input\":{\"@type\":\"PropertyValueSpecification\",\"valueRequired\":true,\"valueName\":\"search_term_string\"}}],\"inLanguage\":\"fr-FR\"},{\"@type\":\"Organization\",\"@id\":\"https:\\\/\\\/lapalmaisland.com\\\/fr\\\/#organization\",\"name\":\"La Palma \u00cele\",\"url\":\"https:\\\/\\\/lapalmaisland.com\\\/fr\\\/\",\"logo\":{\"@type\":\"ImageObject\",\"inLanguage\":\"fr-FR\",\"@id\":\"https:\\\/\\\/lapalmaisland.com\\\/fr\\\/#\\\/schema\\\/logo\\\/image\\\/\",\"url\":\"https:\\\/\\\/lapalmaisland.com\\\/fr\\\/wp-content\\\/uploads\\\/sites\\\/4\\\/2023\\\/11\\\/cropped-cropped-cropped-La-palma-island.png\",\"contentUrl\":\"https:\\\/\\\/lapalmaisland.com\\\/fr\\\/wp-content\\\/uploads\\\/sites\\\/4\\\/2023\\\/11\\\/cropped-cropped-cropped-La-palma-island.png\",\"width\":180,\"height\":60,\"caption\":\"La Palma \u00cele\"},\"image\":{\"@id\":\"https:\\\/\\\/lapalmaisland.com\\\/fr\\\/#\\\/schema\\\/logo\\\/image\\\/\"}},{\"@type\":\"Person\",\"@id\":\"https:\\\/\\\/lapalmaisland.com\\\/fr\\\/#\\\/schema\\\/person\\\/d22befbeabeee2669fa56b89d4a34675\",\"name\":\"La Palma island\",\"image\":{\"@type\":\"ImageObject\",\"inLanguage\":\"fr-FR\",\"@id\":\"https:\\\/\\\/secure.gravatar.com\\\/avatar\\\/025502d7548db870a6a8074e517c7452eb7e227815b3d3e45ea91b7415ee1c53?s=96&d=mm&r=g\",\"url\":\"https:\\\/\\\/secure.gravatar.com\\\/avatar\\\/025502d7548db870a6a8074e517c7452eb7e227815b3d3e45ea91b7415ee1c53?s=96&d=mm&r=g\",\"contentUrl\":\"https:\\\/\\\/secure.gravatar.com\\\/avatar\\\/025502d7548db870a6a8074e517c7452eb7e227815b3d3e45ea91b7415ee1c53?s=96&d=mm&r=g\",\"caption\":\"La Palma island\"},\"sameAs\":[\"https:\\\/\\\/lapalmaisland.com\"]}]}<\/script>\n<!-- \/ Yoast SEO plugin. -->","yoast_head_json":{"title":"ROQUE DE LOS MUCHACHOS - Le point le plus \u00e9lev\u00e9 de l'\u00eele","description":"\"Le Roque de los Muchachos, sommet de La Palma, d\u00e9voile des paysages c\u00e9lestes et l'observatoire qui le couronne, une merveille.","robots":{"index":"index","follow":"follow","max-snippet":"max-snippet:-1","max-image-preview":"max-image-preview:large","max-video-preview":"max-video-preview:-1"},"canonical":"https:\/\/lapalmaisland.com\/fr\/roque-de-los-muchachos\/","og_locale":"fr_FR","og_type":"article","og_title":"ROQUE DE LOS MUCHACHOS - Le point le plus \u00e9lev\u00e9 de l'\u00eele","og_description":"\"Le Roque de los Muchachos, sommet de La Palma, d\u00e9voile des paysages c\u00e9lestes et l'observatoire qui le couronne, une merveille.","og_url":"https:\/\/lapalmaisland.com\/fr\/roque-de-los-muchachos\/","og_site_name":"La Palma \u00cele","article_published_time":"2023-11-02T12:39:38+00:00","article_modified_time":"2026-04-08T15:42:47+00:00","og_image":[{"width":1024,"height":720,"url":"https:\/\/lapalmaisland.com\/fr\/wp-content\/uploads\/sites\/4\/2023\/11\/roque-de-los-muchachos-le-sommet-de-lile.webp","type":"image\/webp"}],"author":"La Palma island","twitter_card":"summary_large_image","twitter_misc":{"\u00c9crit par":"La Palma island","Dur\u00e9e de lecture estim\u00e9e":"7 minutes"},"schema":{"@context":"https:\/\/schema.org","@graph":[{"@type":"Article","@id":"https:\/\/lapalmaisland.com\/fr\/roque-de-los-muchachos\/#article","isPartOf":{"@id":"https:\/\/lapalmaisland.com\/fr\/roque-de-los-muchachos\/"},"author":{"name":"La Palma island","@id":"https:\/\/lapalmaisland.com\/fr\/#\/schema\/person\/d22befbeabeee2669fa56b89d4a34675"},"headline":"Roque de Los Muchachos","datePublished":"2023-11-02T12:39:38+00:00","dateModified":"2026-04-08T15:42:47+00:00","mainEntityOfPage":{"@id":"https:\/\/lapalmaisland.com\/fr\/roque-de-los-muchachos\/"},"wordCount":955,"publisher":{"@id":"https:\/\/lapalmaisland.com\/fr\/#organization"},"image":{"@id":"https:\/\/lapalmaisland.com\/fr\/roque-de-los-muchachos\/#primaryimage"},"thumbnailUrl":"https:\/\/lapalmaisland.com\/fr\/wp-content\/uploads\/sites\/4\/2023\/11\/roque-de-los-muchachos-le-sommet-de-lile.webp","articleSection":["Incontournables La Palma"],"inLanguage":"fr-FR"},{"@type":"WebPage","@id":"https:\/\/lapalmaisland.com\/fr\/roque-de-los-muchachos\/","url":"https:\/\/lapalmaisland.com\/fr\/roque-de-los-muchachos\/","name":"ROQUE DE LOS MUCHACHOS - Le point le plus \u00e9lev\u00e9 de l'\u00eele","isPartOf":{"@id":"https:\/\/lapalmaisland.com\/fr\/#website"},"primaryImageOfPage":{"@id":"https:\/\/lapalmaisland.com\/fr\/roque-de-los-muchachos\/#primaryimage"},"image":{"@id":"https:\/\/lapalmaisland.com\/fr\/roque-de-los-muchachos\/#primaryimage"},"thumbnailUrl":"https:\/\/lapalmaisland.com\/fr\/wp-content\/uploads\/sites\/4\/2023\/11\/roque-de-los-muchachos-le-sommet-de-lile.webp","datePublished":"2023-11-02T12:39:38+00:00","dateModified":"2026-04-08T15:42:47+00:00","description":"\"Le Roque de los Muchachos, sommet de La Palma, d\u00e9voile des paysages c\u00e9lestes et l'observatoire qui le couronne, une merveille.","breadcrumb":{"@id":"https:\/\/lapalmaisland.com\/fr\/roque-de-los-muchachos\/#breadcrumb"},"inLanguage":"fr-FR","potentialAction":[{"@type":"ReadAction","target":["https:\/\/lapalmaisland.com\/fr\/roque-de-los-muchachos\/"]}]},{"@type":"ImageObject","inLanguage":"fr-FR","@id":"https:\/\/lapalmaisland.com\/fr\/roque-de-los-muchachos\/#primaryimage","url":"https:\/\/lapalmaisland.com\/fr\/wp-content\/uploads\/sites\/4\/2023\/11\/roque-de-los-muchachos-le-sommet-de-lile.webp","contentUrl":"https:\/\/lapalmaisland.com\/fr\/wp-content\/uploads\/sites\/4\/2023\/11\/roque-de-los-muchachos-le-sommet-de-lile.webp","width":1024,"height":720,"caption":"le sommet de l'\u00eele de la palma roque de los muchachos"},{"@type":"BreadcrumbList","@id":"https:\/\/lapalmaisland.com\/fr\/roque-de-los-muchachos\/#breadcrumb","itemListElement":[{"@type":"ListItem","position":1,"name":"Portada","item":"https:\/\/lapalmaisland.com\/fr\/"},{"@type":"ListItem","position":2,"name":"Roque de Los Muchachos"}]},{"@type":"WebSite","@id":"https:\/\/lapalmaisland.com\/fr\/#website","url":"https:\/\/lapalmaisland.com\/fr\/","name":"La Palma \u00cele","description":"D\u00e9couvrez l&#039;\u00eele fascinante de La Palma : informations \u00e0 jour, guide touristique et activit\u00e9s pour une exp\u00e9rience inoubliable.","publisher":{"@id":"https:\/\/lapalmaisland.com\/fr\/#organization"},"potentialAction":[{"@type":"SearchAction","target":{"@type":"EntryPoint","urlTemplate":"https:\/\/lapalmaisland.com\/fr\/?s={search_term_string}"},"query-input":{"@type":"PropertyValueSpecification","valueRequired":true,"valueName":"search_term_string"}}],"inLanguage":"fr-FR"},{"@type":"Organization","@id":"https:\/\/lapalmaisland.com\/fr\/#organization","name":"La Palma \u00cele","url":"https:\/\/lapalmaisland.com\/fr\/","logo":{"@type":"ImageObject","inLanguage":"fr-FR","@id":"https:\/\/lapalmaisland.com\/fr\/#\/schema\/logo\/image\/","url":"https:\/\/lapalmaisland.com\/fr\/wp-content\/uploads\/sites\/4\/2023\/11\/cropped-cropped-cropped-La-palma-island.png","contentUrl":"https:\/\/lapalmaisland.com\/fr\/wp-content\/uploads\/sites\/4\/2023\/11\/cropped-cropped-cropped-La-palma-island.png","width":180,"height":60,"caption":"La Palma \u00cele"},"image":{"@id":"https:\/\/lapalmaisland.com\/fr\/#\/schema\/logo\/image\/"}},{"@type":"Person","@id":"https:\/\/lapalmaisland.com\/fr\/#\/schema\/person\/d22befbeabeee2669fa56b89d4a34675","name":"La Palma island","image":{"@type":"ImageObject","inLanguage":"fr-FR","@id":"https:\/\/secure.gravatar.com\/avatar\/025502d7548db870a6a8074e517c7452eb7e227815b3d3e45ea91b7415ee1c53?s=96&d=mm&r=g","url":"https:\/\/secure.gravatar.com\/avatar\/025502d7548db870a6a8074e517c7452eb7e227815b3d3e45ea91b7415ee1c53?s=96&d=mm&r=g","contentUrl":"https:\/\/secure.gravatar.com\/avatar\/025502d7548db870a6a8074e517c7452eb7e227815b3d3e45ea91b7415ee1c53?s=96&d=mm&r=g","caption":"La Palma island"},"sameAs":["https:\/\/lapalmaisland.com"]}]}},"uagb_featured_image_src":{"full":["https:\/\/lapalmaisland.com\/fr\/wp-content\/uploads\/sites\/4\/2023\/11\/roque-de-los-muchachos-le-sommet-de-lile.webp",1024,720,false],"thumbnail":["https:\/\/lapalmaisland.com\/fr\/wp-content\/uploads\/sites\/4\/2023\/11\/roque-de-los-muchachos-le-sommet-de-lile-150x150.webp",150,150,true],"medium":["https:\/\/lapalmaisland.com\/fr\/wp-content\/uploads\/sites\/4\/2023\/11\/roque-de-los-muchachos-le-sommet-de-lile-300x211.webp",300,211,true],"medium_large":["https:\/\/lapalmaisland.com\/fr\/wp-content\/uploads\/sites\/4\/2023\/11\/roque-de-los-muchachos-le-sommet-de-lile-768x540.webp",768,540,true],"large":["https:\/\/lapalmaisland.com\/fr\/wp-content\/uploads\/sites\/4\/2023\/11\/roque-de-los-muchachos-le-sommet-de-lile.webp",1024,720,false],"1536x1536":["https:\/\/lapalmaisland.com\/fr\/wp-content\/uploads\/sites\/4\/2023\/11\/roque-de-los-muchachos-le-sommet-de-lile.webp",1024,720,false],"2048x2048":["https:\/\/lapalmaisland.com\/fr\/wp-content\/uploads\/sites\/4\/2023\/11\/roque-de-los-muchachos-le-sommet-de-lile.webp",1024,720,false]},"uagb_author_info":{"display_name":"La Palma island","author_link":"https:\/\/lapalmaisland.com\/fr\/author\/alewebtenerife\/"},"uagb_comment_info":0,"uagb_excerpt":"Le Roque de los Muchachos, sommet majestueux de La Palma, offre des vues c\u00e9lestes et des aventures astronomiques inoubliables. D\u00e9couvrez ce tr\u00e9sor naturel.","_links":{"self":[{"href":"https:\/\/lapalmaisland.com\/fr\/wp-json\/wp\/v2\/posts\/31","targetHints":{"allow":["GET"]}}],"collection":[{"href":"https:\/\/lapalmaisland.com\/fr\/wp-json\/wp\/v2\/posts"}],"about":[{"href":"https:\/\/lapalmaisland.com\/fr\/wp-json\/wp\/v2\/types\/post"}],"author":[{"embeddable":true,"href":"https:\/\/lapalmaisland.com\/fr\/wp-json\/wp\/v2\/users\/1"}],"replies":[{"embeddable":true,"href":"https:\/\/lapalmaisland.com\/fr\/wp-json\/wp\/v2\/comments?post=31"}],"version-history":[{"count":33,"href":"https:\/\/lapalmaisland.com\/fr\/wp-json\/wp\/v2\/posts\/31\/revisions"}],"predecessor-version":[{"id":6301,"href":"https:\/\/lapalmaisland.com\/fr\/wp-json\/wp\/v2\/posts\/31\/revisions\/6301"}],"wp:featuredmedia":[{"embeddable":true,"href":"https:\/\/lapalmaisland.com\/fr\/wp-json\/wp\/v2\/media\/4135"}],"wp:attachment":[{"href":"https:\/\/lapalmaisland.com\/fr\/wp-json\/wp\/v2\/media?parent=31"}],"wp:term":[{"taxonomy":"category","embeddable":true,"href":"https:\/\/lapalmaisland.com\/fr\/wp-json\/wp\/v2\/categories?post=31"},{"taxonomy":"post_tag","embeddable":true,"href":"https:\/\/lapalmaisland.com\/fr\/wp-json\/wp\/v2\/tags?post=31"}],"curies":[{"name":"wp","href":"https:\/\/api.w.org\/{rel}","templated":true}]}}