{"id":311,"date":"2023-11-13T17:49:17","date_gmt":"2023-11-13T17:49:17","guid":{"rendered":"https:\/\/lapalmaisland.com\/fr\/?p=311"},"modified":"2025-08-10T13:23:45","modified_gmt":"2025-08-10T13:23:45","slug":"isla-bonita-love-festival","status":"publish","type":"post","link":"https:\/\/lapalmaisland.com\/fr\/isla-bonita-love-festival\/","title":{"rendered":"Isla Bonita Love Festival"},"content":{"rendered":"\n<div class=\"inherit-container-width wp-block-group has-ast-global-color-6-background-color has-background is-layout-constrained wp-block-group-is-layout-constrained\" style=\"border-radius:15px\">\n<p style=\"font-size:18px\"><strong>Chaque juillet, La Palma se pare des couleurs de l\u2019arc-en-ciel. <\/strong>L\u2019Isla Bonita Love Festival envahit Puerto de <a href=\"https:\/\/lapalmaisland.com\/fr\/tazacorte-la-palma\/\">Tazacorte<\/a>, au bord de la plage, avec un m\u00e9lange vibrant de musique, d\u2019activisme et de fiert\u00e9. C\u2019est une c\u00e9l\u00e9bration passionn\u00e9e de l\u2019amour libre, de l\u2019\u00e9galit\u00e9 et de la diversit\u00e9, faisant de l\u2019\u00eele une destination <strong>LGTBIQ+<\/strong> incontournable.<\/p>\n\n\n\n<figure class=\"wp-block-image aligncenter size-full has-custom-border is-resized\"><img loading=\"lazy\" decoding=\"async\" width=\"1024\" height=\"720\" src=\"https:\/\/lapalmaisland.com\/fr\/wp-content\/uploads\/sites\/4\/2023\/11\/fete-de-lamour.webp\" alt=\"f\u00eate de l'amour a tazacorte\" class=\"wp-image-4312\" style=\"border-radius:15px\" srcset=\"https:\/\/lapalmaisland.com\/fr\/wp-content\/uploads\/sites\/4\/2023\/11\/fete-de-lamour.webp 1024w, https:\/\/lapalmaisland.com\/fr\/wp-content\/uploads\/sites\/4\/2023\/11\/fete-de-lamour-300x211.webp 300w, https:\/\/lapalmaisland.com\/fr\/wp-content\/uploads\/sites\/4\/2023\/11\/fete-de-lamour-768x540.webp 768w\" sizes=\"auto, (max-width: 1024px) 100vw, 1024px\" \/><\/figure>\n<\/div>\n\n\n\n<div style=\"height:20px\" aria-hidden=\"true\" class=\"wp-block-spacer\"><\/div>\n\n\n\n<div class=\"inherit-container-width wp-block-group has-ast-global-color-6-background-color has-background is-layout-constrained wp-block-group-is-layout-constrained\" style=\"border-radius:15px\">\n<h2 class=\"wp-block-heading has-text-align-center has-ast-global-color-4-color has-ast-global-color-2-background-color has-text-color has-background\" style=\"padding-top:var(--wp--preset--spacing--30);padding-right:var(--wp--preset--spacing--30);padding-bottom:var(--wp--preset--spacing--30);padding-left:var(--wp--preset--spacing--30)\">Isla Bonita Love festival: Un m\u00e9ga concert d\u2019\u00e9toiles et d\u2019engagement<\/h2>\n\n\n\n<p style=\"font-size:18px\">Le<strong> c\u0153ur du festival est un m\u00e9ga concert de plus de dix heures<\/strong>. Des artistes comme Ricky Martin, Martin Garrix ou Chanel ont marqu\u00e9 les derni\u00e8res \u00e9ditions. Plus qu\u2019un spectacle, c\u2019est une alliance entre musique, visibilit\u00e9 et libert\u00e9 affective.<strong> En 2024, il a \u00e9t\u00e9 \u00e9lu meilleur festival musical des Canaries par LOS40 Canarias.<\/strong><\/p>\n\n\n\n<h2 class=\"wp-block-heading has-text-align-center has-ast-global-color-4-color has-ast-global-color-2-background-color has-text-color has-background has-link-color wp-elements-e0fc276b38aaeebe146bac1ba85d203a\" style=\"padding-top:var(--wp--preset--spacing--30);padding-right:var(--wp--preset--spacing--30);padding-bottom:var(--wp--preset--spacing--30);padding-left:var(--wp--preset--spacing--30)\">Une semaine de conscience et de rencontres<\/h2>\n\n\n\n<p style=\"font-size:18px\"><strong>La f\u00eate ne se limite pas au concert.<\/strong> La Semaine Sociale qui pr\u00e9c\u00e8de propose conf\u00e9rences, ateliers, journ\u00e9es juridiques et \u00e9v\u00e9nements culturels. L\u2019objectif est de promouvoir la justice, l\u2019\u00e9galit\u00e9 et le respect des diverses formes d\u2019amour. <strong>En 2025, le festival a marqu\u00e9 l\u2019histoire.<\/strong> Plus de 8 700 personnes ont d\u00e9fil\u00e9 lors de la marche des fiert\u00e9s, renfor\u00e7ant la visibilit\u00e9 LGTBIQ+ sur La Palma.<\/p>\n<\/div>\n\n\n\n<div style=\"height:30px\" aria-hidden=\"true\" class=\"wp-block-spacer\"><\/div>\n\n\n\n<div class=\"wp-block-uagb-social-share uagb-social-share__outer-wrap uagb-social-share__layout-horizontal uagb-block-4446023f\">\n<div class=\"wp-block-uagb-social-share-child uagb-ss-repeater uagb-ss__wrapper uagb-block-a042eff1\"><span class=\"uagb-ss__link\" data-href=\"https:\/\/www.facebook.com\/sharer.php?u=\" tabindex=\"0\" role=\"button\" aria-label=\"facebook\"><span class=\"uagb-ss__source-wrap\"><span class=\"uagb-ss__source-icon\"><svg xmlns=\"https:\/\/www.w3.org\/2000\/svg\" viewBox=\"0 0 512 512\"><path d=\"M504 256C504 119 393 8 256 8S8 119 8 256c0 123.8 90.69 226.4 209.3 245V327.7h-63V256h63v-54.64c0-62.15 37-96.48 93.67-96.48 27.14 0 55.52 4.84 55.52 4.84v61h-31.28c-30.8 0-40.41 19.12-40.41 38.73V256h68.78l-11 71.69h-57.78V501C413.3 482.4 504 379.8 504 256z\"><\/path><\/svg><\/span><\/span><\/span><\/div>\n\n\n\n<div class=\"wp-block-uagb-social-share-child uagb-ss-repeater uagb-ss__wrapper uagb-block-b37997d8\"><span class=\"uagb-ss__link\" data-href=\"https:\/\/twitter.com\/share?url=\" tabindex=\"0\" role=\"button\" aria-label=\"twitter\"><span class=\"uagb-ss__source-wrap\"><span class=\"uagb-ss__source-icon\"><svg xmlns=\"https:\/\/www.w3.org\/2000\/svg\" viewBox=\"0 0 448 512\"><path d=\"M400 32H48C21.5 32 0 53.5 0 80v352c0 26.5 21.5 48 48 48h352c26.5 0 48-21.5 48-48V80c0-26.5-21.5-48-48-48zm-48.9 158.8c.2 2.8 .2 5.7 .2 8.5 0 86.7-66 186.6-186.6 186.6-37.2 0-71.7-10.8-100.7-29.4 5.3 .6 10.4 .8 15.8 .8 30.7 0 58.9-10.4 81.4-28-28.8-.6-53-19.5-61.3-45.5 10.1 1.5 19.2 1.5 29.6-1.2-30-6.1-52.5-32.5-52.5-64.4v-.8c8.7 4.9 18.9 7.9 29.6 8.3a65.45 65.45 0 0 1 -29.2-54.6c0-12.2 3.2-23.4 8.9-33.1 32.3 39.8 80.8 65.8 135.2 68.6-9.3-44.5 24-80.6 64-80.6 18.9 0 35.9 7.9 47.9 20.7 14.8-2.8 29-8.3 41.6-15.8-4.9 15.2-15.2 28-28.8 36.1 13.2-1.4 26-5.1 37.8-10.2-8.9 13.1-20.1 24.7-32.9 34z\"><\/path><\/svg><\/span><\/span><\/span><\/div>\n\n\n\n<div class=\"wp-block-uagb-social-share-child uagb-ss-repeater uagb-ss__wrapper uagb-block-fdfff850\"><span class=\"uagb-ss__link\" data-href=\"https:\/\/pinterest.com\/pin\/create\/link\/?url=\" tabindex=\"0\" role=\"button\" aria-label=\"pinterest\"><span class=\"uagb-ss__source-wrap\"><span class=\"uagb-ss__source-icon\"><svg xmlns=\"https:\/\/www.w3.org\/2000\/svg\" viewBox=\"0 0 448 512\"><path d=\"M448 80v352c0 26.5-21.5 48-48 48H154.4c9.8-16.4 22.4-40 27.4-59.3 3-11.5 15.3-58.4 15.3-58.4 8 15.3 31.4 28.2 56.3 28.2 74.1 0 127.4-68.1 127.4-152.7 0-81.1-66.2-141.8-151.4-141.8-106 0-162.2 71.1-162.2 148.6 0 36 19.2 80.8 49.8 95.1 4.7 2.2 7.1 1.2 8.2-3.3 .8-3.4 5-20.1 6.8-27.8 .6-2.5 .3-4.6-1.7-7-10.1-12.3-18.3-34.9-18.3-56 0-54.2 41-106.6 110.9-106.6 60.3 0 102.6 41.1 102.6 99.9 0 66.4-33.5 112.4-77.2 112.4-24.1 0-42.1-19.9-36.4-44.4 6.9-29.2 20.3-60.7 20.3-81.8 0-53-75.5-45.7-75.5 25 0 21.7 7.3 36.5 7.3 36.5-31.4 132.8-36.1 134.5-29.6 192.6l2.2 .8H48c-26.5 0-48-21.5-48-48V80c0-26.5 21.5-48 48-48h352c26.5 0 48 21.5 48 48z\"><\/path><\/svg><\/span><\/span><\/span><\/div>\n\n\n\n<div class=\"wp-block-uagb-social-share-child uagb-ss-repeater uagb-ss__wrapper uagb-block-4b0c0f4f\"><span class=\"uagb-ss__link\" data-href=\"https:\/\/www.linkedin.com\/shareArticle?url=\" tabindex=\"0\" role=\"button\" aria-label=\"linkedin\"><span class=\"uagb-ss__source-wrap\"><span class=\"uagb-ss__source-icon\"><svg xmlns=\"https:\/\/www.w3.org\/2000\/svg\" viewBox=\"0 0 448 512\"><path d=\"M416 32H31.9C14.3 32 0 46.5 0 64.3v383.4C0 465.5 14.3 480 31.9 480H416c17.6 0 32-14.5 32-32.3V64.3c0-17.8-14.4-32.3-32-32.3zM135.4 416H69V202.2h66.5V416zm-33.2-243c-21.3 0-38.5-17.3-38.5-38.5S80.9 96 102.2 96c21.2 0 38.5 17.3 38.5 38.5 0 21.3-17.2 38.5-38.5 38.5zm282.1 243h-66.4V312c0-24.8-.5-56.7-34.5-56.7-34.6 0-39.9 27-39.9 54.9V416h-66.4V202.2h63.7v29.2h.9c8.9-16.8 30.6-34.5 62.9-34.5 67.2 0 79.7 44.3 79.7 101.9V416z\"><\/path><\/svg><\/span><\/span><\/span><\/div>\n\n\n\n<div class=\"wp-block-uagb-social-share-child uagb-ss-repeater uagb-ss__wrapper uagb-block-62523f5b\"><span class=\"uagb-ss__link\" data-href=\"https:\/\/telegram.me\/share\/url?url=\" tabindex=\"0\" role=\"button\" aria-label=\"telegram\"><span class=\"uagb-ss__source-wrap\"><span class=\"uagb-ss__source-icon\"><svg xmlns=\"https:\/\/www.w3.org\/2000\/svg\" viewBox=\"0 0 496 512\"><path d=\"M248 8C111 8 0 119 0 256S111 504 248 504 496 392.1 496 256 384.1 8 248 8zM362.1 176.7c-3.732 39.22-19.88 134.4-28.1 178.3-3.476 18.58-10.32 24.82-16.95 25.42-14.4 1.326-25.34-9.517-39.29-18.66-21.83-14.31-34.16-23.22-55.35-37.18-24.49-16.14-8.612-25 5.342-39.5 3.652-3.793 67.11-61.51 68.33-66.75 .153-.655 .3-3.1-1.154-4.384s-3.59-.849-5.135-.5q-3.283 .746-104.6 69.14-14.85 10.19-26.89 9.934c-8.855-.191-25.89-5.006-38.55-9.123-15.53-5.048-27.88-7.717-26.8-16.29q.84-6.7 18.45-13.7 108.4-47.25 144.6-62.3c68.87-28.65 83.18-33.62 92.51-33.79 2.052-.034 6.639 .474 9.61 2.885a10.45 10.45 0 0 1 3.53 6.716A43.76 43.76 0 0 1 362.1 176.7z\"><\/path><\/svg><\/span><\/span><\/span><\/div>\n\n\n\n<div class=\"wp-block-uagb-social-share-child uagb-ss-repeater uagb-ss__wrapper uagb-block-2d9c7c52\"><span class=\"uagb-ss__link\" data-href=\"https:\/\/api.whatsapp.com\/send?text=\" tabindex=\"0\" role=\"button\" aria-label=\"whatsapp\"><span class=\"uagb-ss__source-wrap\"><span class=\"uagb-ss__source-icon\"><svg xmlns=\"https:\/\/www.w3.org\/2000\/svg\" viewBox=\"0 0 448 512\"><path d=\"M380.9 97.1C339 55.1 283.2 32 223.9 32c-122.4 0-222 99.6-222 222 0 39.1 10.2 77.3 29.6 111L0 480l117.7-30.9c32.4 17.7 68.9 27 106.1 27h.1c122.3 0 224.1-99.6 224.1-222 0-59.3-25.2-115-67.1-157zm-157 341.6c-33.2 0-65.7-8.9-94-25.7l-6.7-4-69.8 18.3L72 359.2l-4.4-7c-18.5-29.4-28.2-63.3-28.2-98.2 0-101.7 82.8-184.5 184.6-184.5 49.3 0 95.6 19.2 130.4 54.1 34.8 34.9 56.2 81.2 56.1 130.5 0 101.8-84.9 184.6-186.6 184.6zm101.2-138.2c-5.5-2.8-32.8-16.2-37.9-18-5.1-1.9-8.8-2.8-12.5 2.8-3.7 5.6-14.3 18-17.6 21.8-3.2 3.7-6.5 4.2-12 1.4-32.6-16.3-54-29.1-75.5-66-5.7-9.8 5.7-9.1 16.3-30.3 1.8-3.7 .9-6.9-.5-9.7-1.4-2.8-12.5-30.1-17.1-41.2-4.5-10.8-9.1-9.3-12.5-9.5-3.2-.2-6.9-.2-10.6-.2-3.7 0-9.7 1.4-14.8 6.9-5.1 5.6-19.4 19-19.4 46.3 0 27.3 19.9 53.7 22.6 57.4 2.8 3.7 39.1 59.7 94.8 83.8 35.2 15.2 49 16.5 66.6 13.9 10.7-1.6 32.8-13.4 37.4-26.4 4.6-13 4.6-24.1 3.2-26.4-1.3-2.5-5-3.9-10.5-6.6z\"><\/path><\/svg><\/span><\/span><\/span><\/div>\n<\/div>\n","protected":false},"excerpt":{"rendered":"<p>Vivez l&#8217;effervescence de l&#8217;Isla Bonita Love Music Festival \u00e0 La Palma, c\u00e9l\u00e9bration de diversit\u00e9, musique et solidarit\u00e9 inoubliables.<\/p>\n","protected":false},"author":1,"featured_media":4312,"comment_status":"closed","ping_status":"open","sticky":false,"template":"","format":"standard","meta":{"_uag_custom_page_level_css":"","site-sidebar-layout":"default","site-content-layout":"","ast-site-content-layout":"default","site-content-style":"default","site-sidebar-style":"default","ast-global-header-display":"","ast-banner-title-visibility":"","ast-main-header-display":"","ast-hfb-above-header-display":"","ast-hfb-below-header-display":"","ast-hfb-mobile-header-display":"","site-post-title":"","ast-breadcrumbs-content":"","ast-featured-img":"disabled","footer-sml-layout":"","ast-disable-related-posts":"","theme-transparent-header-meta":"","adv-header-id-meta":"","stick-header-meta":"","header-above-stick-meta":"","header-main-stick-meta":"","header-below-stick-meta":"","astra-migrate-meta-layouts":"set","ast-page-background-enabled":"default","ast-page-background-meta":{"desktop":{"background-color":"var(--ast-global-color-4)","background-image":"","background-repeat":"repeat","background-position":"center center","background-size":"auto","background-attachment":"scroll","background-type":"","background-media":"","overlay-type":"","overlay-color":"","overlay-opacity":"","overlay-gradient":""},"tablet":{"background-color":"","background-image":"","background-repeat":"repeat","background-position":"center center","background-size":"auto","background-attachment":"scroll","background-type":"","background-media":"","overlay-type":"","overlay-color":"","overlay-opacity":"","overlay-gradient":""},"mobile":{"background-color":"","background-image":"","background-repeat":"repeat","background-position":"center center","background-size":"auto","background-attachment":"scroll","background-type":"","background-media":"","overlay-type":"","overlay-color":"","overlay-opacity":"","overlay-gradient":""}},"ast-content-background-meta":{"desktop":{"background-color":"var(--ast-global-color-5)","background-image":"","background-repeat":"repeat","background-position":"center center","background-size":"auto","background-attachment":"scroll","background-type":"","background-media":"","overlay-type":"","overlay-color":"","overlay-opacity":"","overlay-gradient":""},"tablet":{"background-color":"var(--ast-global-color-5)","background-image":"","background-repeat":"repeat","background-position":"center center","background-size":"auto","background-attachment":"scroll","background-type":"","background-media":"","overlay-type":"","overlay-color":"","overlay-opacity":"","overlay-gradient":""},"mobile":{"background-color":"var(--ast-global-color-5)","background-image":"","background-repeat":"repeat","background-position":"center center","background-size":"auto","background-attachment":"scroll","background-type":"","background-media":"","overlay-type":"","overlay-color":"","overlay-opacity":"","overlay-gradient":""}},"footnotes":""},"categories":[112],"tags":[],"class_list":["post-311","post","type-post","status-publish","format-standard","has-post-thumbnail","hentry","category-fetes-et-evenements"],"yoast_head":"<!-- This site is optimized with the Yoast SEO plugin v27.4 - https:\/\/yoast.com\/product\/yoast-seo-wordpress\/ -->\n<title>ISLA BONITA LOVE FESTIVAL Musique, fiert\u00e9 et libert\u00e9<\/title>\n<meta name=\"description\" content=\"Isla Bonita Love Festival: une explosion de couleurs et de sons \u00e0 La Palma, un hymne \u00e0 l&#039;amour et \u00e0 la libert\u00e9.\" \/>\n<meta name=\"robots\" content=\"index, follow, max-snippet:-1, max-image-preview:large, max-video-preview:-1\" \/>\n<link rel=\"canonical\" href=\"https:\/\/lapalmaisland.com\/fr\/isla-bonita-love-festival\/\" \/>\n<meta property=\"og:locale\" content=\"fr_FR\" \/>\n<meta property=\"og:type\" content=\"article\" \/>\n<meta property=\"og:title\" content=\"ISLA BONITA LOVE FESTIVAL Musique, fiert\u00e9 et libert\u00e9\" \/>\n<meta property=\"og:description\" content=\"Isla Bonita Love Festival: une explosion de couleurs et de sons \u00e0 La Palma, un hymne \u00e0 l&#039;amour et \u00e0 la libert\u00e9.\" \/>\n<meta property=\"og:url\" content=\"https:\/\/lapalmaisland.com\/fr\/isla-bonita-love-festival\/\" \/>\n<meta property=\"og:site_name\" content=\"La Palma \u00cele\" \/>\n<meta property=\"article:published_time\" content=\"2023-11-13T17:49:17+00:00\" \/>\n<meta property=\"article:modified_time\" content=\"2025-08-10T13:23:45+00:00\" \/>\n<meta property=\"og:image\" content=\"https:\/\/lapalmaisland.com\/fr\/wp-content\/uploads\/sites\/4\/2023\/11\/fete-de-lamour.webp\" \/>\n\t<meta property=\"og:image:width\" content=\"1024\" \/>\n\t<meta property=\"og:image:height\" content=\"720\" \/>\n\t<meta property=\"og:image:type\" content=\"image\/webp\" \/>\n<meta name=\"author\" content=\"La Palma island\" \/>\n<meta name=\"twitter:card\" content=\"summary_large_image\" \/>\n<meta name=\"twitter:label1\" content=\"\u00c9crit par\" \/>\n\t<meta name=\"twitter:data1\" content=\"La Palma island\" \/>\n\t<meta name=\"twitter:label2\" content=\"Dur\u00e9e de lecture estim\u00e9e\" \/>\n\t<meta name=\"twitter:data2\" content=\"2 minutes\" \/>\n<script type=\"application\/ld+json\" class=\"yoast-schema-graph\">{\"@context\":\"https:\\\/\\\/schema.org\",\"@graph\":[{\"@type\":\"Article\",\"@id\":\"https:\\\/\\\/lapalmaisland.com\\\/fr\\\/isla-bonita-love-festival\\\/#article\",\"isPartOf\":{\"@id\":\"https:\\\/\\\/lapalmaisland.com\\\/fr\\\/isla-bonita-love-festival\\\/\"},\"author\":{\"name\":\"La Palma island\",\"@id\":\"https:\\\/\\\/lapalmaisland.com\\\/fr\\\/#\\\/schema\\\/person\\\/d22befbeabeee2669fa56b89d4a34675\"},\"headline\":\"Isla Bonita Love Festival\",\"datePublished\":\"2023-11-13T17:49:17+00:00\",\"dateModified\":\"2025-08-10T13:23:45+00:00\",\"mainEntityOfPage\":{\"@id\":\"https:\\\/\\\/lapalmaisland.com\\\/fr\\\/isla-bonita-love-festival\\\/\"},\"wordCount\":217,\"publisher\":{\"@id\":\"https:\\\/\\\/lapalmaisland.com\\\/fr\\\/#organization\"},\"image\":{\"@id\":\"https:\\\/\\\/lapalmaisland.com\\\/fr\\\/isla-bonita-love-festival\\\/#primaryimage\"},\"thumbnailUrl\":\"https:\\\/\\\/lapalmaisland.com\\\/fr\\\/wp-content\\\/uploads\\\/sites\\\/4\\\/2023\\\/11\\\/fete-de-lamour.webp\",\"articleSection\":[\"F\u00eates et \u00e9v\u00e9nements\"],\"inLanguage\":\"fr-FR\"},{\"@type\":\"WebPage\",\"@id\":\"https:\\\/\\\/lapalmaisland.com\\\/fr\\\/isla-bonita-love-festival\\\/\",\"url\":\"https:\\\/\\\/lapalmaisland.com\\\/fr\\\/isla-bonita-love-festival\\\/\",\"name\":\"ISLA BONITA LOVE FESTIVAL Musique, fiert\u00e9 et libert\u00e9\",\"isPartOf\":{\"@id\":\"https:\\\/\\\/lapalmaisland.com\\\/fr\\\/#website\"},\"primaryImageOfPage\":{\"@id\":\"https:\\\/\\\/lapalmaisland.com\\\/fr\\\/isla-bonita-love-festival\\\/#primaryimage\"},\"image\":{\"@id\":\"https:\\\/\\\/lapalmaisland.com\\\/fr\\\/isla-bonita-love-festival\\\/#primaryimage\"},\"thumbnailUrl\":\"https:\\\/\\\/lapalmaisland.com\\\/fr\\\/wp-content\\\/uploads\\\/sites\\\/4\\\/2023\\\/11\\\/fete-de-lamour.webp\",\"datePublished\":\"2023-11-13T17:49:17+00:00\",\"dateModified\":\"2025-08-10T13:23:45+00:00\",\"description\":\"Isla Bonita Love Festival: une explosion de couleurs et de sons \u00e0 La Palma, un hymne \u00e0 l'amour et \u00e0 la libert\u00e9.\",\"breadcrumb\":{\"@id\":\"https:\\\/\\\/lapalmaisland.com\\\/fr\\\/isla-bonita-love-festival\\\/#breadcrumb\"},\"inLanguage\":\"fr-FR\",\"potentialAction\":[{\"@type\":\"ReadAction\",\"target\":[\"https:\\\/\\\/lapalmaisland.com\\\/fr\\\/isla-bonita-love-festival\\\/\"]}]},{\"@type\":\"ImageObject\",\"inLanguage\":\"fr-FR\",\"@id\":\"https:\\\/\\\/lapalmaisland.com\\\/fr\\\/isla-bonita-love-festival\\\/#primaryimage\",\"url\":\"https:\\\/\\\/lapalmaisland.com\\\/fr\\\/wp-content\\\/uploads\\\/sites\\\/4\\\/2023\\\/11\\\/fete-de-lamour.webp\",\"contentUrl\":\"https:\\\/\\\/lapalmaisland.com\\\/fr\\\/wp-content\\\/uploads\\\/sites\\\/4\\\/2023\\\/11\\\/fete-de-lamour.webp\",\"width\":1024,\"height\":720,\"caption\":\"f\u00eate de l'amour a tazacorte\"},{\"@type\":\"BreadcrumbList\",\"@id\":\"https:\\\/\\\/lapalmaisland.com\\\/fr\\\/isla-bonita-love-festival\\\/#breadcrumb\",\"itemListElement\":[{\"@type\":\"ListItem\",\"position\":1,\"name\":\"Portada\",\"item\":\"https:\\\/\\\/lapalmaisland.com\\\/fr\\\/\"},{\"@type\":\"ListItem\",\"position\":2,\"name\":\"Isla Bonita Love Festival\"}]},{\"@type\":\"WebSite\",\"@id\":\"https:\\\/\\\/lapalmaisland.com\\\/fr\\\/#website\",\"url\":\"https:\\\/\\\/lapalmaisland.com\\\/fr\\\/\",\"name\":\"La Palma \u00cele\",\"description\":\"D\u00e9couvrez l&#039;\u00eele fascinante de La Palma : informations \u00e0 jour, guide touristique et activit\u00e9s pour une exp\u00e9rience inoubliable.\",\"publisher\":{\"@id\":\"https:\\\/\\\/lapalmaisland.com\\\/fr\\\/#organization\"},\"potentialAction\":[{\"@type\":\"SearchAction\",\"target\":{\"@type\":\"EntryPoint\",\"urlTemplate\":\"https:\\\/\\\/lapalmaisland.com\\\/fr\\\/?s={search_term_string}\"},\"query-input\":{\"@type\":\"PropertyValueSpecification\",\"valueRequired\":true,\"valueName\":\"search_term_string\"}}],\"inLanguage\":\"fr-FR\"},{\"@type\":\"Organization\",\"@id\":\"https:\\\/\\\/lapalmaisland.com\\\/fr\\\/#organization\",\"name\":\"La Palma \u00cele\",\"url\":\"https:\\\/\\\/lapalmaisland.com\\\/fr\\\/\",\"logo\":{\"@type\":\"ImageObject\",\"inLanguage\":\"fr-FR\",\"@id\":\"https:\\\/\\\/lapalmaisland.com\\\/fr\\\/#\\\/schema\\\/logo\\\/image\\\/\",\"url\":\"https:\\\/\\\/lapalmaisland.com\\\/fr\\\/wp-content\\\/uploads\\\/sites\\\/4\\\/2023\\\/11\\\/cropped-cropped-cropped-La-palma-island.png\",\"contentUrl\":\"https:\\\/\\\/lapalmaisland.com\\\/fr\\\/wp-content\\\/uploads\\\/sites\\\/4\\\/2023\\\/11\\\/cropped-cropped-cropped-La-palma-island.png\",\"width\":180,\"height\":60,\"caption\":\"La Palma \u00cele\"},\"image\":{\"@id\":\"https:\\\/\\\/lapalmaisland.com\\\/fr\\\/#\\\/schema\\\/logo\\\/image\\\/\"}},{\"@type\":\"Person\",\"@id\":\"https:\\\/\\\/lapalmaisland.com\\\/fr\\\/#\\\/schema\\\/person\\\/d22befbeabeee2669fa56b89d4a34675\",\"name\":\"La Palma island\",\"image\":{\"@type\":\"ImageObject\",\"inLanguage\":\"fr-FR\",\"@id\":\"https:\\\/\\\/secure.gravatar.com\\\/avatar\\\/025502d7548db870a6a8074e517c7452eb7e227815b3d3e45ea91b7415ee1c53?s=96&d=mm&r=g\",\"url\":\"https:\\\/\\\/secure.gravatar.com\\\/avatar\\\/025502d7548db870a6a8074e517c7452eb7e227815b3d3e45ea91b7415ee1c53?s=96&d=mm&r=g\",\"contentUrl\":\"https:\\\/\\\/secure.gravatar.com\\\/avatar\\\/025502d7548db870a6a8074e517c7452eb7e227815b3d3e45ea91b7415ee1c53?s=96&d=mm&r=g\",\"caption\":\"La Palma island\"},\"sameAs\":[\"https:\\\/\\\/lapalmaisland.com\"]}]}<\/script>\n<!-- \/ Yoast SEO plugin. -->","yoast_head_json":{"title":"ISLA BONITA LOVE FESTIVAL Musique, fiert\u00e9 et libert\u00e9","description":"Isla Bonita Love Festival: une explosion de couleurs et de sons \u00e0 La Palma, un hymne \u00e0 l'amour et \u00e0 la libert\u00e9.","robots":{"index":"index","follow":"follow","max-snippet":"max-snippet:-1","max-image-preview":"max-image-preview:large","max-video-preview":"max-video-preview:-1"},"canonical":"https:\/\/lapalmaisland.com\/fr\/isla-bonita-love-festival\/","og_locale":"fr_FR","og_type":"article","og_title":"ISLA BONITA LOVE FESTIVAL Musique, fiert\u00e9 et libert\u00e9","og_description":"Isla Bonita Love Festival: une explosion de couleurs et de sons \u00e0 La Palma, un hymne \u00e0 l'amour et \u00e0 la libert\u00e9.","og_url":"https:\/\/lapalmaisland.com\/fr\/isla-bonita-love-festival\/","og_site_name":"La Palma \u00cele","article_published_time":"2023-11-13T17:49:17+00:00","article_modified_time":"2025-08-10T13:23:45+00:00","og_image":[{"width":1024,"height":720,"url":"https:\/\/lapalmaisland.com\/fr\/wp-content\/uploads\/sites\/4\/2023\/11\/fete-de-lamour.webp","type":"image\/webp"}],"author":"La Palma island","twitter_card":"summary_large_image","twitter_misc":{"\u00c9crit par":"La Palma island","Dur\u00e9e de lecture estim\u00e9e":"2 minutes"},"schema":{"@context":"https:\/\/schema.org","@graph":[{"@type":"Article","@id":"https:\/\/lapalmaisland.com\/fr\/isla-bonita-love-festival\/#article","isPartOf":{"@id":"https:\/\/lapalmaisland.com\/fr\/isla-bonita-love-festival\/"},"author":{"name":"La Palma island","@id":"https:\/\/lapalmaisland.com\/fr\/#\/schema\/person\/d22befbeabeee2669fa56b89d4a34675"},"headline":"Isla Bonita Love Festival","datePublished":"2023-11-13T17:49:17+00:00","dateModified":"2025-08-10T13:23:45+00:00","mainEntityOfPage":{"@id":"https:\/\/lapalmaisland.com\/fr\/isla-bonita-love-festival\/"},"wordCount":217,"publisher":{"@id":"https:\/\/lapalmaisland.com\/fr\/#organization"},"image":{"@id":"https:\/\/lapalmaisland.com\/fr\/isla-bonita-love-festival\/#primaryimage"},"thumbnailUrl":"https:\/\/lapalmaisland.com\/fr\/wp-content\/uploads\/sites\/4\/2023\/11\/fete-de-lamour.webp","articleSection":["F\u00eates et \u00e9v\u00e9nements"],"inLanguage":"fr-FR"},{"@type":"WebPage","@id":"https:\/\/lapalmaisland.com\/fr\/isla-bonita-love-festival\/","url":"https:\/\/lapalmaisland.com\/fr\/isla-bonita-love-festival\/","name":"ISLA BONITA LOVE FESTIVAL Musique, fiert\u00e9 et libert\u00e9","isPartOf":{"@id":"https:\/\/lapalmaisland.com\/fr\/#website"},"primaryImageOfPage":{"@id":"https:\/\/lapalmaisland.com\/fr\/isla-bonita-love-festival\/#primaryimage"},"image":{"@id":"https:\/\/lapalmaisland.com\/fr\/isla-bonita-love-festival\/#primaryimage"},"thumbnailUrl":"https:\/\/lapalmaisland.com\/fr\/wp-content\/uploads\/sites\/4\/2023\/11\/fete-de-lamour.webp","datePublished":"2023-11-13T17:49:17+00:00","dateModified":"2025-08-10T13:23:45+00:00","description":"Isla Bonita Love Festival: une explosion de couleurs et de sons \u00e0 La Palma, un hymne \u00e0 l'amour et \u00e0 la libert\u00e9.","breadcrumb":{"@id":"https:\/\/lapalmaisland.com\/fr\/isla-bonita-love-festival\/#breadcrumb"},"inLanguage":"fr-FR","potentialAction":[{"@type":"ReadAction","target":["https:\/\/lapalmaisland.com\/fr\/isla-bonita-love-festival\/"]}]},{"@type":"ImageObject","inLanguage":"fr-FR","@id":"https:\/\/lapalmaisland.com\/fr\/isla-bonita-love-festival\/#primaryimage","url":"https:\/\/lapalmaisland.com\/fr\/wp-content\/uploads\/sites\/4\/2023\/11\/fete-de-lamour.webp","contentUrl":"https:\/\/lapalmaisland.com\/fr\/wp-content\/uploads\/sites\/4\/2023\/11\/fete-de-lamour.webp","width":1024,"height":720,"caption":"f\u00eate de l'amour a tazacorte"},{"@type":"BreadcrumbList","@id":"https:\/\/lapalmaisland.com\/fr\/isla-bonita-love-festival\/#breadcrumb","itemListElement":[{"@type":"ListItem","position":1,"name":"Portada","item":"https:\/\/lapalmaisland.com\/fr\/"},{"@type":"ListItem","position":2,"name":"Isla Bonita Love Festival"}]},{"@type":"WebSite","@id":"https:\/\/lapalmaisland.com\/fr\/#website","url":"https:\/\/lapalmaisland.com\/fr\/","name":"La Palma \u00cele","description":"D\u00e9couvrez l&#039;\u00eele fascinante de La Palma : informations \u00e0 jour, guide touristique et activit\u00e9s pour une exp\u00e9rience inoubliable.","publisher":{"@id":"https:\/\/lapalmaisland.com\/fr\/#organization"},"potentialAction":[{"@type":"SearchAction","target":{"@type":"EntryPoint","urlTemplate":"https:\/\/lapalmaisland.com\/fr\/?s={search_term_string}"},"query-input":{"@type":"PropertyValueSpecification","valueRequired":true,"valueName":"search_term_string"}}],"inLanguage":"fr-FR"},{"@type":"Organization","@id":"https:\/\/lapalmaisland.com\/fr\/#organization","name":"La Palma \u00cele","url":"https:\/\/lapalmaisland.com\/fr\/","logo":{"@type":"ImageObject","inLanguage":"fr-FR","@id":"https:\/\/lapalmaisland.com\/fr\/#\/schema\/logo\/image\/","url":"https:\/\/lapalmaisland.com\/fr\/wp-content\/uploads\/sites\/4\/2023\/11\/cropped-cropped-cropped-La-palma-island.png","contentUrl":"https:\/\/lapalmaisland.com\/fr\/wp-content\/uploads\/sites\/4\/2023\/11\/cropped-cropped-cropped-La-palma-island.png","width":180,"height":60,"caption":"La Palma \u00cele"},"image":{"@id":"https:\/\/lapalmaisland.com\/fr\/#\/schema\/logo\/image\/"}},{"@type":"Person","@id":"https:\/\/lapalmaisland.com\/fr\/#\/schema\/person\/d22befbeabeee2669fa56b89d4a34675","name":"La Palma island","image":{"@type":"ImageObject","inLanguage":"fr-FR","@id":"https:\/\/secure.gravatar.com\/avatar\/025502d7548db870a6a8074e517c7452eb7e227815b3d3e45ea91b7415ee1c53?s=96&d=mm&r=g","url":"https:\/\/secure.gravatar.com\/avatar\/025502d7548db870a6a8074e517c7452eb7e227815b3d3e45ea91b7415ee1c53?s=96&d=mm&r=g","contentUrl":"https:\/\/secure.gravatar.com\/avatar\/025502d7548db870a6a8074e517c7452eb7e227815b3d3e45ea91b7415ee1c53?s=96&d=mm&r=g","caption":"La Palma island"},"sameAs":["https:\/\/lapalmaisland.com"]}]}},"uagb_featured_image_src":{"full":["https:\/\/lapalmaisland.com\/fr\/wp-content\/uploads\/sites\/4\/2023\/11\/fete-de-lamour.webp",1024,720,false],"thumbnail":["https:\/\/lapalmaisland.com\/fr\/wp-content\/uploads\/sites\/4\/2023\/11\/fete-de-lamour-150x150.webp",150,150,true],"medium":["https:\/\/lapalmaisland.com\/fr\/wp-content\/uploads\/sites\/4\/2023\/11\/fete-de-lamour-300x211.webp",300,211,true],"medium_large":["https:\/\/lapalmaisland.com\/fr\/wp-content\/uploads\/sites\/4\/2023\/11\/fete-de-lamour-768x540.webp",768,540,true],"large":["https:\/\/lapalmaisland.com\/fr\/wp-content\/uploads\/sites\/4\/2023\/11\/fete-de-lamour.webp",1024,720,false],"1536x1536":["https:\/\/lapalmaisland.com\/fr\/wp-content\/uploads\/sites\/4\/2023\/11\/fete-de-lamour.webp",1024,720,false],"2048x2048":["https:\/\/lapalmaisland.com\/fr\/wp-content\/uploads\/sites\/4\/2023\/11\/fete-de-lamour.webp",1024,720,false]},"uagb_author_info":{"display_name":"La Palma island","author_link":"https:\/\/lapalmaisland.com\/fr\/author\/alewebtenerife\/"},"uagb_comment_info":0,"uagb_excerpt":"Vivez l'effervescence de l'Isla Bonita Love Music Festival \u00e0 La Palma, c\u00e9l\u00e9bration de diversit\u00e9, musique et solidarit\u00e9 inoubliables.","_links":{"self":[{"href":"https:\/\/lapalmaisland.com\/fr\/wp-json\/wp\/v2\/posts\/311","targetHints":{"allow":["GET"]}}],"collection":[{"href":"https:\/\/lapalmaisland.com\/fr\/wp-json\/wp\/v2\/posts"}],"about":[{"href":"https:\/\/lapalmaisland.com\/fr\/wp-json\/wp\/v2\/types\/post"}],"author":[{"embeddable":true,"href":"https:\/\/lapalmaisland.com\/fr\/wp-json\/wp\/v2\/users\/1"}],"replies":[{"embeddable":true,"href":"https:\/\/lapalmaisland.com\/fr\/wp-json\/wp\/v2\/comments?post=311"}],"version-history":[{"count":7,"href":"https:\/\/lapalmaisland.com\/fr\/wp-json\/wp\/v2\/posts\/311\/revisions"}],"predecessor-version":[{"id":5216,"href":"https:\/\/lapalmaisland.com\/fr\/wp-json\/wp\/v2\/posts\/311\/revisions\/5216"}],"wp:featuredmedia":[{"embeddable":true,"href":"https:\/\/lapalmaisland.com\/fr\/wp-json\/wp\/v2\/media\/4312"}],"wp:attachment":[{"href":"https:\/\/lapalmaisland.com\/fr\/wp-json\/wp\/v2\/media?parent=311"}],"wp:term":[{"taxonomy":"category","embeddable":true,"href":"https:\/\/lapalmaisland.com\/fr\/wp-json\/wp\/v2\/categories?post=311"},{"taxonomy":"post_tag","embeddable":true,"href":"https:\/\/lapalmaisland.com\/fr\/wp-json\/wp\/v2\/tags?post=311"}],"curies":[{"name":"wp","href":"https:\/\/api.w.org\/{rel}","templated":true}]}}