{"id":639,"date":"2023-11-27T21:32:10","date_gmt":"2023-11-27T21:32:10","guid":{"rendered":"https:\/\/lapalmaisland.com\/fr\/?p=639"},"modified":"2025-11-09T21:06:12","modified_gmt":"2025-11-09T21:06:12","slug":"aller-a-la-palma-canaries","status":"publish","type":"post","link":"https:\/\/lapalmaisland.com\/fr\/aller-a-la-palma-canaries\/","title":{"rendered":"Aller \u00e0 La Palma Canaries"},"content":{"rendered":"\n<div class=\"inherit-container-width wp-block-group has-ast-global-color-6-background-color has-background is-layout-constrained wp-block-group-is-layout-constrained\" style=\"border-radius:15px\">\n<p style=\"font-size:18px\">D\u00e9couvrez les meilleures options pour voyager \u00e0 La Palma, depuis les vols directs jusqu\u2019aux liaisons maritimes. Apprenez comment rejoindre facilement ce paradis canarien et pr\u00e9parez votre prochaine aventure sur la magnifique Isla Bonita.<\/p>\n\n\n\n<ul class=\"wp-block-list has-ast-global-color-3-color has-ast-global-color-7-background-color has-text-color has-background has-link-color wp-elements-2e1a10cde76b58045e2f54ba9c172ed2\">\n<li style=\"padding-top:var(--wp--preset--spacing--20);padding-right:0;padding-bottom:var(--wp--preset--spacing--20);padding-left:0\"><a href=\"#avion\"><strong>Aller a La Palma en Avion<\/strong><\/a><\/li>\n\n\n\n<li style=\"padding-top:var(--wp--preset--spacing--20);padding-right:0;padding-bottom:var(--wp--preset--spacing--20);padding-left:0\"><a href=\"#bateau\"><strong>Aller a La Palma en Bateau<\/strong><\/a><\/li>\n\n\n\n<li style=\"padding-top:var(--wp--preset--spacing--20);padding-right:0;padding-bottom:var(--wp--preset--spacing--20);padding-left:0\"><a href=\"#croisiere\"><strong>Aller \u00e0 La Palma en croisi\u00e8re<\/strong><\/a><\/li>\n<\/ul>\n\n\n\n<h2 class=\"wp-block-heading has-text-align-center has-ast-global-color-4-color has-ast-global-color-2-background-color has-text-color has-background has-link-color wp-elements-ba49e8ade3c57f9fa9d868d9e0ac6613\" id=\"avion\" style=\"padding-top:var(--wp--preset--spacing--30);padding-right:var(--wp--preset--spacing--30);padding-bottom:var(--wp--preset--spacing--30);padding-left:var(--wp--preset--spacing--30)\">Voler vers La Palma : des connexions directes et confortables toute l\u2019ann\u00e9e<\/h2>\n\n\n\n<p style=\"font-size:18px\">Voyager \u00e0 La Palma est plus simple qu\u2019il n\u2019y para\u00eet. <strong>L\u2019\u00eele dispose d\u2019excellentes liaisons a\u00e9riennes avec le reste de l\u2019archipel, la p\u00e9ninsule Ib\u00e9rique et plusieurs villes europ\u00e9ennes.<\/strong><br>Que vous veniez pour quelques jours ou pour un long s\u00e9jour, vous trouverez des vols fr\u00e9quents, confortables et aux horaires flexibles tout au long de l\u2019ann\u00e9e.<\/p>\n\n\n\n<div class=\"wp-block-columns is-layout-flex wp-container-core-columns-is-layout-28f84493 wp-block-columns-is-layout-flex\">\n<div class=\"wp-block-column is-layout-flow wp-block-column-is-layout-flow\">\n<h3 class=\"wp-block-heading has-text-align-center has-ast-global-color-4-color has-luminous-vivid-orange-background-color has-text-color has-background has-link-color wp-elements-e293b6b16b791ed784d96ebfabd998d2\" style=\"padding-top:var(--wp--preset--spacing--30);padding-right:var(--wp--preset--spacing--30);padding-bottom:var(--wp--preset--spacing--30);padding-left:var(--wp--preset--spacing--30)\">Depuis les \u00eeles Canaries<\/h3>\n\n\n\n<p style=\"font-size:18px\">La Palma est <strong>parfaitement connect\u00e9e aux autres \u00eeles de l\u2019archipel<\/strong>.<br>Les compagnies <strong>Binter Canarias et Canaryfly assurent des vols quotidiens entre Tenerife Nord<\/strong> (Los Rodeos) et La Palma, pour un trajet d\u2019environ <strong>30 minutes<\/strong>.<\/p>\n\n\n\n<p style=\"font-size:18px\">Il existe \u00e9galement des liaisons r\u00e9guli\u00e8res avec <strong>Tenerife Sud, Gran Canaria et, en \u00e9t\u00e9, avec Lanzarote et Fuerteventura.<\/strong><br>Ces trajets courts sont id\u00e9aux pour ceux qui souhaitent combiner plusieurs \u00eeles lors d\u2019un m\u00eame voyage.<\/p>\n\n\n\n<p class=\"has-ast-global-color-7-background-color has-background\" style=\"font-size:18px\"><strong>Conseil : <\/strong>Tenerife Nord propose g\u00e9n\u00e9ralement les vols les plus fr\u00e9quents et les plus \u00e9conomiques vers La Palma.<\/p>\n<\/div>\n\n\n\n<div class=\"wp-block-column is-layout-flow wp-block-column-is-layout-flow\" style=\"padding-top:var(--wp--preset--spacing--40);padding-right:0;padding-bottom:var(--wp--preset--spacing--40);padding-left:0\">\n<figure class=\"wp-block-image size-full has-custom-border\"><img loading=\"lazy\" decoding=\"async\" width=\"1024\" height=\"720\" src=\"https:\/\/lapalmaisland.com\/fr\/wp-content\/uploads\/sites\/4\/2023\/11\/compagnie-aerienne-binter.webp\" alt=\"binter\" class=\"wp-image-4353\" style=\"border-radius:15px\" srcset=\"https:\/\/lapalmaisland.com\/fr\/wp-content\/uploads\/sites\/4\/2023\/11\/compagnie-aerienne-binter.webp 1024w, https:\/\/lapalmaisland.com\/fr\/wp-content\/uploads\/sites\/4\/2023\/11\/compagnie-aerienne-binter-300x211.webp 300w, https:\/\/lapalmaisland.com\/fr\/wp-content\/uploads\/sites\/4\/2023\/11\/compagnie-aerienne-binter-768x540.webp 768w\" sizes=\"auto, (max-width: 1024px) 100vw, 1024px\" \/><\/figure>\n<\/div>\n<\/div>\n\n\n\n<div class=\"wp-block-columns is-layout-flex wp-container-core-columns-is-layout-28f84493 wp-block-columns-is-layout-flex\">\n<div class=\"wp-block-column is-layout-flow wp-block-column-is-layout-flow\">\n<h3 class=\"wp-block-heading has-text-align-center has-ast-global-color-4-color has-luminous-vivid-orange-background-color has-text-color has-background has-link-color wp-elements-c7aff5b424b506e543a8bc4035e383c0\" style=\"padding-top:var(--wp--preset--spacing--30);padding-right:var(--wp--preset--spacing--30);padding-bottom:var(--wp--preset--spacing--30);padding-left:var(--wp--preset--spacing--30)\">Depuis la p\u00e9ninsule Ib\u00e9rique<\/h3>\n\n\n\n<p style=\"font-size:18px\">Rejoindre La Palma depuis la p\u00e9ninsule est rapide et simple.<br><strong>Depuis Madrid, la compagnie Iberia Express assure des vols directs quotidiens toute l\u2019ann\u00e9e<\/strong>, et depuis<strong> Barcelone<\/strong>, vous pouvez \u00e9galement voler directement avec Vueling ou Iberia.<\/p>\n\n\n\n<p style=\"font-size:18px\">Si vous partez d\u2019une autre ville espagnole, une <strong>courte escale \u00e0 Madrid, Barcelone, Tenerife ou Gran Canaria <\/strong>suffit.<br>Les vols directs depuis la p\u00e9ninsule durent environ <strong>3 heures<\/strong>, avec plusieurs options hebdomadaires selon la saison.<\/p>\n\n\n\n<p class=\"has-ast-global-color-7-background-color has-background\" style=\"padding-top:var(--wp--preset--spacing--30);padding-bottom:var(--wp--preset--spacing--30);font-size:18px\"><strong>Astuce voyageur : <\/strong>r\u00e9servez \u00e0 l\u2019avance pour b\u00e9n\u00e9ficier des meilleurs tarifs et horaires.<\/p>\n<\/div>\n\n\n\n<div class=\"wp-block-column is-layout-flow wp-block-column-is-layout-flow\">\n<figure class=\"wp-block-image aligncenter size-full has-custom-border is-style-default\" style=\"margin-top:var(--wp--preset--spacing--40);margin-bottom:var(--wp--preset--spacing--40)\"><img loading=\"lazy\" decoding=\"async\" width=\"1024\" height=\"682\" src=\"https:\/\/lapalmaisland.com\/fr\/wp-content\/uploads\/sites\/4\/2023\/11\/compagnie-aerienne-iberia-express.webp\" alt=\"iberia\" class=\"wp-image-4354\" style=\"border-radius:15px\" srcset=\"https:\/\/lapalmaisland.com\/fr\/wp-content\/uploads\/sites\/4\/2023\/11\/compagnie-aerienne-iberia-express.webp 1024w, https:\/\/lapalmaisland.com\/fr\/wp-content\/uploads\/sites\/4\/2023\/11\/compagnie-aerienne-iberia-express-300x200.webp 300w, https:\/\/lapalmaisland.com\/fr\/wp-content\/uploads\/sites\/4\/2023\/11\/compagnie-aerienne-iberia-express-768x512.webp 768w\" sizes=\"auto, (max-width: 1024px) 100vw, 1024px\" \/><\/figure>\n<\/div>\n<\/div>\n\n\n\n<div class=\"wp-block-columns is-layout-flex wp-container-core-columns-is-layout-28f84493 wp-block-columns-is-layout-flex\">\n<div class=\"wp-block-column is-layout-flow wp-block-column-is-layout-flow\">\n<h2 class=\"wp-block-heading has-text-align-center has-ast-global-color-4-color has-ast-global-color-2-background-color has-text-color has-background has-link-color wp-elements-1de5e1d59977f5d5d42bb5605a04fe70\" style=\"padding-top:var(--wp--preset--spacing--30);padding-right:var(--wp--preset--spacing--30);padding-bottom:var(--wp--preset--spacing--30);padding-left:var(--wp--preset--spacing--30)\">Depuis l\u2019\u00e9tranger<\/h2>\n\n\n\n<div class=\"wp-block-columns is-layout-flex wp-container-core-columns-is-layout-28f84493 wp-block-columns-is-layout-flex\">\n<div class=\"wp-block-column is-layout-flow wp-block-column-is-layout-flow\">\n<p style=\"padding-top:var(--wp--preset--spacing--40);padding-bottom:var(--wp--preset--spacing--40);font-size:18px\">La Palma accueille \u00e9galement des vols internationaux, surtout en hiver, lorsque le climat doux de l\u2019\u00eele attire de nombreux visiteurs europ\u00e9ens.<br>Des compagnies comme TUI, <a href=\"https:\/\/www.anrdoezrs.net\/click-101189301-15736752\">Condor<\/a>, Transavia, EasyJet, Edelweiss Air ou Luxair assurent des liaisons directes avec diff\u00e9rentes villes europ\u00e9ennes.<\/p>\n<\/div>\n\n\n\n<div class=\"wp-block-column is-layout-flow wp-block-column-is-layout-flow\">\n<figure class=\"wp-block-image aligncenter size-full has-custom-border is-style-default\"><img loading=\"lazy\" decoding=\"async\" width=\"1024\" height=\"682\" src=\"https:\/\/lapalmaisland.com\/fr\/wp-content\/uploads\/sites\/4\/2023\/11\/compagnie-aerienne-condor.webp\" alt=\"condor\" class=\"wp-image-4355\" style=\"border-radius:15px\" srcset=\"https:\/\/lapalmaisland.com\/fr\/wp-content\/uploads\/sites\/4\/2023\/11\/compagnie-aerienne-condor.webp 1024w, https:\/\/lapalmaisland.com\/fr\/wp-content\/uploads\/sites\/4\/2023\/11\/compagnie-aerienne-condor-300x200.webp 300w, https:\/\/lapalmaisland.com\/fr\/wp-content\/uploads\/sites\/4\/2023\/11\/compagnie-aerienne-condor-768x512.webp 768w\" sizes=\"auto, (max-width: 1024px) 100vw, 1024px\" \/><\/figure>\n<\/div>\n<\/div>\n\n\n\n<h3 class=\"wp-block-heading has-text-align-center has-ast-global-color-4-color has-ast-global-color-2-background-color has-text-color has-background has-link-color wp-elements-dd8a5d187bf36dc6326062892d3b4014\" style=\"padding-top:var(--wp--preset--spacing--30);padding-right:var(--wp--preset--spacing--30);padding-bottom:var(--wp--preset--spacing--30);padding-left:var(--wp--preset--spacing--30)\">Principales liaisons hivernales <\/h3>\n\n\n\n<ul style=\"font-size:18px\" class=\"wp-block-list has-ast-global-color-7-background-color has-background\">\n<li style=\"padding-top:var(--wp--preset--spacing--20);padding-bottom:var(--wp--preset--spacing--20)\"><strong>Allemagne :<\/strong> Berlin, D\u00fcsseldorf, Francfort, Hambourg, Munich, Stuttgart<\/li>\n\n\n\n<li style=\"padding-top:var(--wp--preset--spacing--20);padding-bottom:var(--wp--preset--spacing--20)\"><strong>Royaume-Uni :<\/strong> Londres, Manchester<\/li>\n\n\n\n<li style=\"padding-top:var(--wp--preset--spacing--20);padding-bottom:var(--wp--preset--spacing--20)\"><strong>Pays-Bas :<\/strong> Amsterdam<\/li>\n\n\n\n<li style=\"padding-top:var(--wp--preset--spacing--20);padding-bottom:var(--wp--preset--spacing--20)\"><strong>Danemark : <\/strong>Billund, Copenhague<\/li>\n\n\n\n<li style=\"padding-top:var(--wp--preset--spacing--20);padding-bottom:var(--wp--preset--spacing--20)\"><strong>Luxembourg :<\/strong> Luxembourg<\/li>\n\n\n\n<li style=\"padding-top:var(--wp--preset--spacing--20);padding-bottom:var(--wp--preset--spacing--20)\"><strong>Suisse : <\/strong>Zurich<\/li>\n\n\n\n<li style=\"padding-top:var(--wp--preset--spacing--20);padding-bottom:var(--wp--preset--spacing--20)\"><strong>Pologne :<\/strong> Katowice<\/li>\n\n\n\n<li style=\"padding-top:var(--wp--preset--spacing--20);padding-bottom:var(--wp--preset--spacing--20)\"><strong>R\u00e9publique tch\u00e8que : <\/strong>Prague<\/li>\n<\/ul>\n\n\n\n<p style=\"font-size:18px\">Ces connexions facilitent l\u2019acc\u00e8s \u00e0 la \u201cIsla Bonita\u201d depuis la majeure partie de l\u2019Europe, faisant de La Palma une destination de r\u00eave pour les amoureux de nature, de calme et d\u2019authenticit\u00e9.<\/p>\n\n\n\n<h2 class=\"wp-block-heading has-text-align-center has-ast-global-color-4-color has-ast-global-color-2-background-color has-text-color has-background has-link-color wp-elements-1f234d367c87fc1461873796c0036ab3\" id=\"aeroport\" style=\"padding-top:var(--wp--preset--spacing--30);padding-right:var(--wp--preset--spacing--30);padding-bottom:var(--wp--preset--spacing--30);padding-left:var(--wp--preset--spacing--30)\">A\u00e9roport de La Palma (SPC)<\/h2>\n\n\n\n<p style=\"font-size:18px\"><strong>L\u2019a\u00e9roport de La Palma est situ\u00e9 dans la commune de <a href=\"https:\/\/lapalmaisland.com\/fr\/villa-de-mazo-la-palm\/\">Villa de Mazo<\/a><\/strong>, \u00e0 seulement quelques minutes de la capitale.<br>Petit, moderne et fonctionnel, il garantit une arriv\u00e9e ou un d\u00e9part simple et rapide.<\/p>\n\n\n\n<p style=\"font-size:18px\">\u00c0 l\u2019int\u00e9rieur, vous trouverez des caf\u00e9t\u00e9rias, des boutiques, une pharmacie, une librairie et des services de location de voitures.<br>Une connexion Wi-Fi gratuite et un parking se trouvent \u00e0 proximit\u00e9 imm\u00e9diate du terminal.<br>Gr\u00e2ce \u00e0 sa taille et \u00e0 son efficacit\u00e9, c\u2019est l\u2019un des a\u00e9roports les plus agr\u00e9ables des Canaries.<\/p>\n\n\n\n<h3 class=\"wp-block-heading has-text-align-center has-ast-global-color-4-color has-ast-global-color-2-background-color has-text-color has-background has-link-color wp-elements-160457e34fa8d0b189b103811b497935\" style=\"padding-top:var(--wp--preset--spacing--30);padding-right:var(--wp--preset--spacing--30);padding-bottom:var(--wp--preset--spacing--30);padding-left:var(--wp--preset--spacing--30)\">Distances depuis l\u2019a\u00e9roport de La Palma (SPC)<\/h3>\n\n\n\n<figure class=\"wp-block-table\"><table class=\"has-ast-global-color-4-background-color has-background has-fixed-layout\"><thead><tr><th><strong>Municipalit\u00e9 \/ Localit\u00e9<\/strong><\/th><th><strong>Distance depuis l\u2019a\u00e9roport<\/strong><\/th><\/tr><\/thead><tbody><tr><td><strong>Villa de Mazo (village)<\/strong><\/td><td>9 km<\/td><\/tr><tr><td><strong>Santa Cruz de La Palma<\/strong><\/td><td>8,2 km<\/td><\/tr><tr><td><strong>Bre\u00f1a Baja (Los Cancajos)<\/strong><\/td><td>2,9 km<\/td><\/tr><tr><td><strong>Bre\u00f1a Baja (village)<\/strong><\/td><td>7 km<\/td><\/tr><tr><td><strong>Bre\u00f1a Alta<\/strong><\/td><td>7,5 km<\/td><\/tr><tr><td><strong>Puntallana<\/strong><\/td><td>16 km<\/td><\/tr><tr><td><strong>San Andr\u00e9s y Sauces<\/strong><\/td><td>29 km<\/td><\/tr><tr><td><strong>Barlovento<\/strong><\/td><td>40 km<\/td><\/tr><tr><td><strong>El Paso<\/strong><\/td><td>26 km<\/td><\/tr><tr><td><strong>Los Llanos de Aridane<\/strong><\/td><td>26 km<\/td><\/tr><tr><td><strong>Puerto Naos<\/strong><\/td><td>39 km<\/td><\/tr><tr><td><strong>Tazacorte<\/strong><\/td><td>34 km<\/td><\/tr><tr><td><strong>Fuencaliente<\/strong><\/td><td>23 km<\/td><\/tr><tr><td><strong>Tijarafe<\/strong><\/td><td>49 km<\/td><\/tr><tr><td><strong>Puntagorda<\/strong><\/td><td>58 km<\/td><\/tr><tr><td><strong>Garaf\u00eda<\/strong><\/td><td>76 km<\/td><\/tr><\/tbody><\/table><\/figure>\n\n\n\n<h2 class=\"wp-block-heading has-text-align-center has-ast-global-color-4-color has-ast-global-color-2-background-color has-text-color has-background has-link-color wp-elements-c40476d75b80abb8709b50f97c44bec8\" style=\"padding-top:var(--wp--preset--spacing--30);padding-right:var(--wp--preset--spacing--30);padding-bottom:var(--wp--preset--spacing--30);padding-left:var(--wp--preset--spacing--30)\">Voyager \u00e0 La Palma en bateau<\/h2>\n\n\n\n<div class=\"wp-block-columns is-layout-flex wp-container-core-columns-is-layout-28f84493 wp-block-columns-is-layout-flex\">\n<div class=\"wp-block-column is-layout-flow wp-block-column-is-layout-flow\">\n<p style=\"padding-top:var(--wp--preset--spacing--50);padding-bottom:var(--wp--preset--spacing--50);font-size:18px\">Voyager par la mer est une option paisible et pleine de charme pour rejoindre l\u2019\u00eele.<br>Les <strong>compagnies Naviera Armas Transmediterr\u00e1nea et Fred. Olsen <\/strong>Express assurent des liaisons r\u00e9guli\u00e8res entre La Palma, la p\u00e9ninsule et les autres \u00eeles.<\/p>\n<\/div>\n\n\n\n<div class=\"wp-block-column is-layout-flow wp-block-column-is-layout-flow\">\n<div style='text-align:center;'><script>function loadScript(url, callback){var script=document.createElement('script'); script.type='text\/javascript'; if (script.readyState){script.onreadystatechange=function(){if (script.readyState=='loaded' || script.readyState=='complete'){script.onreadystatechange=null; callback();}};}else{script.onload=function(){callback();};}script.src=url; document.getElementsByTagName('head')[0].appendChild(script);}loadScript('https:\/\/www.civitatis.com\/f\/js\/vendor\/iframeResizer.min.js', function(){iFrameResize({checkOrigin:false,initCallback:function(iframe){setTimeout(function(){var resizeEvent = window.document.createEvent('UIEvents'); resizeEvent.initUIEvent('resize', true, false, window, 0); iframe.dispatchEvent(resizeEvent);});}})})<\/script><iframe class='civitatis-iframe' src='https:\/\/www.civitatis.com\/widget-activities\/?affiliated=102666&#038;display=comfort&#038;cant=1&#038;lang=es&#038;currency=EUR&#038;activities=155250&#038;transfer=0&#038;cmp=Widget_ES&#038;width=100%&#038;hideButton=1&#038;centerContent=1&#038;typeSelection=manual&#038;color=1e293b&#038;typography=Montserrat&#038;removeBackground=0&#038;showShadow=0&#038;roundedButtons=0' width='100%'  frameborder='0' data-maxwidth='100%' style='max-width: 100%' ><\/iframe><\/div>\n<\/div>\n<\/div>\n\n\n\n<div class=\"wp-block-columns is-layout-flex wp-container-core-columns-is-layout-28f84493 wp-block-columns-is-layout-flex\">\n<div class=\"wp-block-column is-layout-flow wp-block-column-is-layout-flow\">\n<h3 class=\"wp-block-heading has-text-align-center has-ast-global-color-4-color has-luminous-vivid-orange-background-color has-text-color has-background has-link-color wp-elements-a55282e09d36327a7b8c4617317c1131\" style=\"padding-top:var(--wp--preset--spacing--30);padding-right:var(--wp--preset--spacing--30);padding-bottom:var(--wp--preset--spacing--30);padding-left:var(--wp--preset--spacing--30)\">Depuis la p\u00e9ninsule (C\u00e1diz)<\/h3>\n\n\n\n<p style=\"font-size:18px\">La liaison <strong>C\u00e1diz \u2013 Santa Cruz de La Palma<\/strong> est la seule route maritime directe entre La Palma et l\u2019Espagne continentale.<br>La travers\u00e9e dure environ deux jours et dix heures, avec des arr\u00eats interm\u00e9diaires \u00e0 Lanzarote et Gran Canaria.<\/p>\n\n\n\n<p style=\"font-size:18px\">Bien que longue, cette travers\u00e9e permet de profiter du voyage atlantique et convient parfaitement \u00e0 ceux qui voyagent avec leur voiture ou qui recherchent une exp\u00e9rience diff\u00e9rente.<br>Ce service hebdomadaire transporte aussi bien des passagers que des marchandises.<\/p>\n<\/div>\n\n\n\n<div class=\"wp-block-column is-layout-flow wp-block-column-is-layout-flow\">\n<figure class=\"wp-block-image aligncenter size-full has-custom-border is-style-default\"><img loading=\"lazy\" decoding=\"async\" width=\"1024\" height=\"670\" src=\"https:\/\/lapalmaisland.com\/fr\/wp-content\/uploads\/sites\/4\/2023\/11\/compagnie-maritime-transmediterranea.webp\" alt=\"transmediterranea ferry\" class=\"wp-image-4358\" style=\"border-radius:15px\" srcset=\"https:\/\/lapalmaisland.com\/fr\/wp-content\/uploads\/sites\/4\/2023\/11\/compagnie-maritime-transmediterranea.webp 1024w, https:\/\/lapalmaisland.com\/fr\/wp-content\/uploads\/sites\/4\/2023\/11\/compagnie-maritime-transmediterranea-300x196.webp 300w, https:\/\/lapalmaisland.com\/fr\/wp-content\/uploads\/sites\/4\/2023\/11\/compagnie-maritime-transmediterranea-768x503.webp 768w\" sizes=\"auto, (max-width: 1024px) 100vw, 1024px\" \/><\/figure>\n<\/div>\n<\/div>\n<\/div>\n<\/div>\n\n\n\n<div class=\"wp-block-columns is-layout-flex wp-container-core-columns-is-layout-28f84493 wp-block-columns-is-layout-flex\">\n<div class=\"wp-block-column has-ast-global-color-6-background-color has-background is-layout-flow wp-block-column-is-layout-flow\">\n<div class=\"wp-block-columns is-layout-flex wp-container-core-columns-is-layout-28f84493 wp-block-columns-is-layout-flex\">\n<div class=\"wp-block-column is-layout-flow wp-block-column-is-layout-flow\">\n<div class=\"wp-block-columns is-layout-flex wp-container-core-columns-is-layout-28f84493 wp-block-columns-is-layout-flex\">\n<div class=\"wp-block-column is-layout-flow wp-block-column-is-layout-flow\">\n<h3 class=\"wp-block-heading has-text-align-center has-ast-global-color-4-color has-luminous-vivid-orange-background-color has-text-color has-background has-link-color wp-elements-ea7aa8f5d013c1486fc367458f4387ae\" style=\"padding-top:var(--wp--preset--spacing--30);padding-right:var(--wp--preset--spacing--30);padding-bottom:var(--wp--preset--spacing--30);padding-left:var(--wp--preset--spacing--30)\">Depuis les autres \u00eeles Canaries<\/h3>\n\n\n\n<p style=\"font-size:18px\">Rejoindre La Palma depuis les \u00eeles voisines est rapide et simple.<br><strong>Les ferries relient Tenerife, La Gomera et Gran Canaria \u00e0 Santa Cruz de La Palma tout au long de l\u2019ann\u00e9e.<\/strong><\/p>\n\n\n\n<p style=\"font-size:18px\"><strong>Depuis Los Cristianos (Tenerife Sud)<\/strong>, plusieurs ferries partent chaque jour, pour un trajet moyen de <strong>2 h 30<\/strong> avec les services rapides.<br>Depuis Santa Cruz de Tenerife, le voyage est plus long (entre 6 et 7 heures) et propos\u00e9 une fois par semaine.<\/p>\n\n\n\n<p style=\"font-size:18px\">Les compagnies Fred. Olsen Express, Naviera Armas et Trasmediterr\u00e1nea assurent ces liaisons interinsulaires, avec des horaires confortables et d\u2019excellents services \u00e0 bord.<\/p>\n<\/div>\n\n\n\n<div class=\"wp-block-column is-layout-flow wp-block-column-is-layout-flow\">\n<figure class=\"wp-block-image aligncenter size-full has-custom-border is-style-default\"><img loading=\"lazy\" decoding=\"async\" width=\"1024\" height=\"464\" src=\"https:\/\/lapalmaisland.com\/fr\/wp-content\/uploads\/sites\/4\/2023\/11\/fred-olsen-compagnie-maritime.webp\" alt=\"fred olsen\" class=\"wp-image-4359\" style=\"border-radius:15px\" srcset=\"https:\/\/lapalmaisland.com\/fr\/wp-content\/uploads\/sites\/4\/2023\/11\/fred-olsen-compagnie-maritime.webp 1024w, https:\/\/lapalmaisland.com\/fr\/wp-content\/uploads\/sites\/4\/2023\/11\/fred-olsen-compagnie-maritime-300x136.webp 300w, https:\/\/lapalmaisland.com\/fr\/wp-content\/uploads\/sites\/4\/2023\/11\/fred-olsen-compagnie-maritime-768x348.webp 768w\" sizes=\"auto, (max-width: 1024px) 100vw, 1024px\" \/><\/figure>\n\n\n\n<div style=\"height:10px\" aria-hidden=\"true\" class=\"wp-block-spacer\"><\/div>\n\n\n\n<p style=\"font-size:18px\"><strong>Conseil :<\/strong> Les ferries permettent de voyager avec une voiture, ce qui est id\u00e9al pour explorer l\u2019\u00eele librement. Les tarifs sont souvent plus avantageux que l\u2019avion, surtout en haute saison.<\/p>\n<\/div>\n<\/div>\n<\/div>\n<\/div>\n\n\n\n<h2 class=\"wp-block-heading has-text-align-center has-ast-global-color-4-color has-ast-global-color-2-background-color has-text-color has-background has-link-color wp-elements-d4732412142c54bdb2b05c755384b8a5\" id=\"port\" style=\"padding-top:var(--wp--preset--spacing--30);padding-right:var(--wp--preset--spacing--30);padding-bottom:var(--wp--preset--spacing--30);padding-left:var(--wp--preset--spacing--30)\">Port de Santa Cruz de La Palma<\/h2>\n\n\n\n<div class=\"wp-block-columns is-layout-flex wp-container-core-columns-is-layout-28f84493 wp-block-columns-is-layout-flex\">\n<div class=\"wp-block-column is-layout-flow wp-block-column-is-layout-flow\">\n<p style=\"font-size:18px\"><strong>Le port de <a href=\"https:\/\/lapalmaisland.com\/fr\/santa-cruz-de-la-palma\/\">Santa Cruz de La Palma<\/a> se trouve \u00e0 quelques pas du centre historique et de l\u2019avenue maritime<\/strong>.<br>On y trouve des guichets, des restaurants, des caf\u00e9s et des locations de voitures, ainsi qu\u2019un petit port de plaisance \u00e0 c\u00f4t\u00e9 de la <a href=\"https:\/\/lapalmaisland.com\/fr\/bajamar-la-palma-plage\/\">plage de Bajamar<\/a>.<\/p>\n\n\n\n<p style=\"font-size:18px\">C\u2019est \u00e9galement un point strat\u00e9gique pour le trafic maritime, les ferries et les croisi\u00e8res.<br>En hiver et au printemps, de nombreux navires animent la ville et accueillent des milliers de visiteurs.<\/p>\n<\/div>\n\n\n\n<div class=\"wp-block-column is-layout-flow wp-block-column-is-layout-flow\">\n<figure class=\"wp-block-image size-full is-resized has-custom-border\"><img loading=\"lazy\" decoding=\"async\" width=\"1024\" height=\"670\" src=\"https:\/\/lapalmaisland.com\/fr\/wp-content\/uploads\/sites\/4\/2023\/11\/croisiere-a-Santa-Cruz.webp\" alt=\"croisi\u00e8re \u00e0 Santa Cruz de la palma\" class=\"wp-image-4362\" style=\"border-radius:15px;width:1104px;height:auto\" srcset=\"https:\/\/lapalmaisland.com\/fr\/wp-content\/uploads\/sites\/4\/2023\/11\/croisiere-a-Santa-Cruz.webp 1024w, https:\/\/lapalmaisland.com\/fr\/wp-content\/uploads\/sites\/4\/2023\/11\/croisiere-a-Santa-Cruz-300x196.webp 300w, https:\/\/lapalmaisland.com\/fr\/wp-content\/uploads\/sites\/4\/2023\/11\/croisiere-a-Santa-Cruz-768x503.webp 768w\" sizes=\"auto, (max-width: 1024px) 100vw, 1024px\" \/><\/figure>\n<\/div>\n<\/div>\n\n\n\n<div class=\"wp-block-columns is-layout-flex wp-container-core-columns-is-layout-28f84493 wp-block-columns-is-layout-flex\">\n<div class=\"wp-block-column has-ast-global-color-6-background-color has-background is-layout-flow wp-block-column-is-layout-flow\">\n<div style=\"height:10px\" aria-hidden=\"true\" class=\"wp-block-spacer\"><\/div>\n<\/div>\n<\/div>\n\n\n\n<div class=\"wp-block-columns is-layout-flex wp-container-core-columns-is-layout-28f84493 wp-block-columns-is-layout-flex\">\n<div class=\"wp-block-column has-light-green-cyan-background-color has-background is-layout-flow wp-block-column-is-layout-flow\">\n<h3 class=\"wp-block-heading has-text-align-center has-ast-global-color-4-color has-ast-global-color-2-background-color has-text-color has-background has-link-color wp-elements-1a68b5c5b4ef4a905fbc676678c2eb8a\" style=\"padding-top:var(--wp--preset--spacing--30);padding-right:var(--wp--preset--spacing--30);padding-bottom:var(--wp--preset--spacing--30);padding-left:var(--wp--preset--spacing--30)\">Meilleures offres d&#8217;h\u00e9bergement touristique \u00e0 La Palma<\/h3>\n\n\n\n<p style=\"padding-top:0;padding-right:var(--wp--preset--spacing--30);padding-bottom:0;padding-left:var(--wp--preset--spacing--30);font-size:18px\">D\u00e9couvrez une large gamme d&#8217;h\u00e9bergements touristiques \u00e0 La Palma, adapt\u00e9s \u00e0 tous les go\u00fbts et tous les budgets ! <strong>O\u00f9 s\u00e9journer \u00e0 La Palma ? Trouvez l&#8217;h\u00e9bergement id\u00e9al en fonction du type de vacances que vous souhaitez vivre et de vos ressources<\/strong>. Avec sa grande diversit\u00e9 de microclimats, il est essentiel de choisir la zone parfaite pour vous. Explorez La Palma et choisissez le lieu qui correspond \u00e0 vos attentes pour un s\u00e9jour inoubliable !<\/p>\n\n\n\n<figure class=\"wp-block-image aligncenter size-full\" style=\"margin-top:var(--wp--preset--spacing--70);margin-bottom:var(--wp--preset--spacing--70)\"><a href=\"https:\/\/lapalmaisland.com\/fr\/sejour-a-la-palma\/\"><img loading=\"lazy\" decoding=\"async\" width=\"728\" height=\"250\" src=\"https:\/\/lapalmaisland.com\/fr\/wp-content\/uploads\/sites\/4\/2023\/11\/Meilleures-offres-dhebergement-touristique-a-La-Palma.webp\" alt=\"Meilleures offres d'h\u00e9bergement touristique La Palma\" class=\"wp-image-3269\" srcset=\"https:\/\/lapalmaisland.com\/fr\/wp-content\/uploads\/sites\/4\/2023\/11\/Meilleures-offres-dhebergement-touristique-a-La-Palma.webp 728w, https:\/\/lapalmaisland.com\/fr\/wp-content\/uploads\/sites\/4\/2023\/11\/Meilleures-offres-dhebergement-touristique-a-La-Palma-300x103.webp 300w\" sizes=\"auto, (max-width: 728px) 100vw, 728px\" \/><\/a><\/figure>\n<\/div>\n<\/div>\n\n\n\n<div style=\"height:20px\" aria-hidden=\"true\" class=\"wp-block-spacer\"><\/div>\n\n\n\n<h2 class=\"wp-block-heading has-text-align-center has-ast-global-color-4-color has-ast-global-color-2-background-color has-text-color has-background has-link-color wp-elements-2516e64140ed694a019c1e980030eac3\" style=\"padding-top:var(--wp--preset--spacing--30);padding-right:var(--wp--preset--spacing--30);padding-bottom:var(--wp--preset--spacing--30);padding-left:var(--wp--preset--spacing--30)\">Arriver \u00e0 La Palma en croisi\u00e8re<\/h2>\n\n\n\n<p style=\"font-size:18px\">Arriver \u00e0 La Palma en croisi\u00e8re est une mani\u00e8re agr\u00e9able et pittoresque de d\u00e9couvrir l\u2019\u00eele, m\u00eame le temps d\u2019une journ\u00e9e.<br><strong>Entre octobre et avril, le port de Santa Cruz de La Palma re\u00e7oit les navires de compagnies comme AIDA, Costa, Mein Schiff, MSC, TUI Cruises ou Ventura.<\/strong><\/p>\n\n\n\n<p style=\"font-size:18px\">Pendant cette p\u00e9riode, la capitale s\u2019anime : terrasses ensoleill\u00e9es, ambiance conviviale et visiteurs charm\u00e9s par le charme local.<\/p>\n\n\n\n<p style=\"font-size:18px\">Si vous arrivez en croisi\u00e8re, profitez de la proximit\u00e9 du port : en quelques minutes, vous pouvez rejoindre le centre historique \u00e0 pied et d\u00e9couvrir ses rues pav\u00e9es, ses balcons en bois et ses places pleines de vie.<br>Ne manquez pas l\u2019Avenue Maritime ni les c\u00e9l\u00e8bres Balcons de La Palma, parmi les lieux les plus photographi\u00e9s des Canaries.<\/p>\n\n\n\n<h2 class=\"wp-block-heading has-text-align-center has-ast-global-color-4-color has-ast-global-color-2-background-color has-text-color has-background has-link-color wp-elements-94fd065040d8620389a0cb897642b0f4\" style=\"padding-top:var(--wp--preset--spacing--30);padding-right:var(--wp--preset--spacing--30);padding-bottom:var(--wp--preset--spacing--30);padding-left:var(--wp--preset--spacing--30)\">Excursions depuis le port<\/h2>\n\n\n\n<p style=\"font-size:18px\">Pour les voyageurs d\u00e9sireux d\u2019en voir plus, plusieurs excursions organis\u00e9es permettent de d\u00e9couvrir les principaux tr\u00e9sors de l\u2019\u00eele :<\/p>\n\n\n\n<div class=\"wp-block-columns is-layout-flex wp-container-core-columns-is-layout-28f84493 wp-block-columns-is-layout-flex\">\n<div class=\"wp-block-column is-layout-flow wp-block-column-is-layout-flow\">\n<ul style=\"padding-top:var(--wp--preset--spacing--30);padding-right:var(--wp--preset--spacing--70);padding-bottom:var(--wp--preset--spacing--30);padding-left:var(--wp--preset--spacing--70);font-size:18px\" class=\"wp-block-list has-ast-global-color-7-background-color has-background\">\n<li style=\"padding-top:var(--wp--preset--spacing--20);padding-bottom:var(--wp--preset--spacing--20)\"><strong><a href=\"https:\/\/lapalmaisland.com\/fr\/volcan-la-palma-tajogaite\/\">Le volcan Tajogaite, n\u00e9 en 2021<\/a><\/strong><\/li>\n\n\n\n<li style=\"padding-top:var(--wp--preset--spacing--20);padding-bottom:var(--wp--preset--spacing--20)\"><strong><a href=\"https:\/\/lapalmaisland.com\/fr\/salinas-de-fuencaliente\/\">Les salines et le phare de Fuencaliente<\/a><\/strong>, \u00e0 l\u2019extr\u00eame sud<\/li>\n\n\n\n<li style=\"padding-top:var(--wp--preset--spacing--20);padding-bottom:var(--wp--preset--spacing--20)\"><strong><a href=\"https:\/\/lapalmaisland.com\/fr\/charco-azul-la-palma\/\">Le Charco Azul<\/a> et la <a href=\"https:\/\/lapalmaisland.com\/fr\/los-tilos-foret-et-cascade-la-palma\/\">Cascade de Los Tilos<\/a><\/strong>, au nord verdoyant<\/li>\n\n\n\n<li><strong>Vous pouvez aussi explorer par vous-m\u00eame<\/strong> : partager un taxi avec d\u2019autres passagers ou r\u00e9server une excursion priv\u00e9e offre plus de libert\u00e9 et reste \u00e9conomique.<br>En quelques heures, vous comprendrez pourquoi La Palma est appel\u00e9e \u201cLa Isla Bonita\u201d.<\/li>\n<\/ul>\n<\/div>\n\n\n\n<div class=\"wp-block-column is-layout-flow wp-block-column-is-layout-flow\">\n<div class=\"wp-block-cover aligncenter\"><img loading=\"lazy\" decoding=\"async\" width=\"1100\" height=\"400\" class=\"wp-block-cover__image-background wp-image-4360\" alt=\"vue sur santa cruz la palma\" src=\"https:\/\/lapalmaisland.com\/fr\/wp-content\/uploads\/sites\/4\/2023\/11\/vue-sur-santa-cruz-de-la-palma.jpg\" data-object-fit=\"cover\" srcset=\"https:\/\/lapalmaisland.com\/fr\/wp-content\/uploads\/sites\/4\/2023\/11\/vue-sur-santa-cruz-de-la-palma.jpg 1100w, https:\/\/lapalmaisland.com\/fr\/wp-content\/uploads\/sites\/4\/2023\/11\/vue-sur-santa-cruz-de-la-palma-300x109.jpg 300w, https:\/\/lapalmaisland.com\/fr\/wp-content\/uploads\/sites\/4\/2023\/11\/vue-sur-santa-cruz-de-la-palma-1024x372.jpg 1024w, https:\/\/lapalmaisland.com\/fr\/wp-content\/uploads\/sites\/4\/2023\/11\/vue-sur-santa-cruz-de-la-palma-768x279.jpg 768w\" sizes=\"auto, (max-width: 1100px) 100vw, 1100px\" \/><span aria-hidden=\"true\" class=\"wp-block-cover__background has-black-background-color has-background-dim\"><\/span><div class=\"wp-block-cover__inner-container is-layout-flow wp-block-cover-is-layout-flow\">\n<p class=\"has-text-align-center has-ast-global-color-4-color has-text-color has-background has-link-color wp-elements-bd82f062cb23335c07939feea849b7ee\" style=\"background-color:#fcb900b0;padding-top:var(--wp--preset--spacing--30);padding-right:var(--wp--preset--spacing--40);padding-bottom:var(--wp--preset--spacing--30);padding-left:var(--wp--preset--spacing--40);font-size:25px;line-height:1\">Excursion guid\u00e9e pour visiter La Palma depuis Tenerife<\/p>\n\n\n\n<p class=\"has-text-align-center has-ast-global-color-4-color has-text-color has-background has-link-color wp-elements-e7f3fec6a45b197a0e965c3937d7e613\" style=\"background-color:#32415499;font-size:18px\">R\u00e9servez une excursion guid\u00e9e d&#8217;une journ\u00e9e pour visiter La Palma depuis Tenerife<\/p>\n\n\n\n<div class=\"wp-block-buttons is-content-justification-center is-layout-flex wp-container-core-buttons-is-layout-a89b3969 wp-block-buttons-is-layout-flex\">\n<div class=\"wp-block-button is-style-outline is-style-outline--1\"><a class=\"wp-block-button__link has-ast-global-color-4-color has-text-color has-background has-link-color has-border-color has-ast-global-color-4-border-color has-custom-font-size wp-element-button\" href=\"https:\/\/lapalmaisland.com\/fr\/excursion-la-palma-depuis-tenerife\/\" style=\"border-width:3px;background-color:#32415499;font-size:18px\">Voir Tour<\/a><\/div>\n<\/div>\n<\/div><\/div>\n<\/div>\n<\/div>\n\n\n\n<h2 class=\"wp-block-heading has-text-align-center has-ast-global-color-4-color has-ast-global-color-2-background-color has-text-color has-background has-link-color wp-elements-4eff99fffffde7a7ac1f64adde542560\" style=\"padding-top:var(--wp--preset--spacing--30);padding-right:var(--wp--preset--spacing--30);padding-bottom:var(--wp--preset--spacing--30);padding-left:var(--wp--preset--spacing--30)\">Conseils pratiques pour votre voyage \u00e0 La Palma<\/h2>\n\n\n\n<ul style=\"font-size:18px\" class=\"wp-block-list has-ast-global-color-7-background-color has-background\">\n<li style=\"padding-top:var(--wp--preset--spacing--20);padding-bottom:var(--wp--preset--spacing--20)\"><strong>R\u00e9servez \u00e0 l\u2019avance vos vols interinsulaires :<\/strong> les prix augmentent en haute saison.<\/li>\n\n\n\n<li style=\"padding-top:var(--wp--preset--spacing--20);padding-bottom:var(--wp--preset--spacing--20)\"><strong>Tenerife Sud est la meilleure option pour les voyageurs internationaux, avec deux vols quotidiens vers La Palma<\/strong>.<\/li>\n\n\n\n<li style=\"padding-top:var(--wp--preset--spacing--20);padding-bottom:var(--wp--preset--spacing--20)\">Depuis la p\u00e9ninsule, la correspondance via <strong>Tenerife Nord est souvent la plus pratique, avec des vols fr\u00e9quents<\/strong>.<\/li>\n\n\n\n<li style=\"padding-top:var(--wp--preset--spacing--20);padding-bottom:var(--wp--preset--spacing--20)\">\u00c0 l\u2019arriv\u00e9e, <strong>louez une voiture pour explorer librement l\u2019\u00eele.<\/strong> Des<strong> taxis, transferts et bus relient l\u2019a\u00e9roport \u00e0 Los Cancajos et Santa Cruz de La Palma toutes les 30 minutes.<\/strong><\/li>\n\n\n\n<li style=\"padding-top:var(--wp--preset--spacing--20);padding-bottom:var(--wp--preset--spacing--20)\">En<strong> ferry, pensez \u00e0 prendre un m\u00e9dicament contre le mal de mer par pr\u00e9caution.<\/strong><\/li>\n\n\n\n<li style=\"padding-top:var(--wp--preset--spacing--20);padding-bottom:var(--wp--preset--spacing--20)\">Si vous venez en <strong>croisi\u00e8re pour une journ\u00e9e, \u00e9vitez de monter au Roque de Los Muchachos<\/strong> (plus de 3 heures aller-retour). Choisissez des itin\u00e9raires plus proches pour profiter sans stress.<\/li>\n<\/ul>\n\n\n\n<h2 class=\"wp-block-heading has-text-align-center has-ast-global-color-4-color has-ast-global-color-2-background-color has-text-color has-background has-link-color wp-elements-8d8330265ab103f8a2bad8afc541df50\" style=\"padding-top:var(--wp--preset--spacing--30);padding-right:var(--wp--preset--spacing--30);padding-bottom:var(--wp--preset--spacing--30);padding-left:var(--wp--preset--spacing--30)\">Arriver \u00e0 La Palma : le d\u00e9but d\u2019une aventure inoubliable<\/h2>\n\n\n\n<div class=\"wp-block-columns is-layout-flex wp-container-core-columns-is-layout-28f84493 wp-block-columns-is-layout-flex\">\n<div class=\"wp-block-column is-layout-flow wp-block-column-is-layout-flow\">\n<p style=\"font-size:18px\">Arriver \u00e0 La Palma n\u2019est que le commencement.<br><strong>Le v\u00e9ritable voyage commence lorsque vous respirez son air pur et ressentez la s\u00e9r\u00e9nit\u00e9 de ses paysages volcaniques.<\/strong><\/p>\n\n\n\n<p style=\"font-size:18px\">Ici, chaque route m\u00e8ne \u00e0 la mer ou \u00e0 la montagne, et tout est \u00e0 port\u00e9e de main.<br>La Palma se d\u00e9couvre sans h\u00e2te, en savourant chaque virage, chaque village et chaque coucher de soleil.<\/p>\n\n\n\n<p style=\"font-size:18px\">Que vous arriviez en avion, en bateau ou en croisi\u00e8re, vous comprendrez vite pourquoi on appelle cet endroit \u201cLa Isla Bonita\u201d.<br>Sa nature, ses habitants et sa tranquillit\u00e9 vous feront tomber amoureux de l\u2019\u00eele.<\/p>\n<\/div>\n\n\n\n<div class=\"wp-block-column is-layout-flow wp-block-column-is-layout-flow\">\n<div class=\"wp-block-cover\"><img loading=\"lazy\" decoding=\"async\" width=\"1024\" height=\"720\" class=\"wp-block-cover__image-background wp-image-4357\" alt=\"brena alta point de vue\" src=\"https:\/\/lapalmaisland.com\/fr\/wp-content\/uploads\/sites\/4\/2023\/11\/Territoire-communal-brena-alta.jpg\" data-object-fit=\"cover\" srcset=\"https:\/\/lapalmaisland.com\/fr\/wp-content\/uploads\/sites\/4\/2023\/11\/Territoire-communal-brena-alta.jpg 1024w, https:\/\/lapalmaisland.com\/fr\/wp-content\/uploads\/sites\/4\/2023\/11\/Territoire-communal-brena-alta-300x211.jpg 300w, https:\/\/lapalmaisland.com\/fr\/wp-content\/uploads\/sites\/4\/2023\/11\/Territoire-communal-brena-alta-768x540.jpg 768w\" sizes=\"auto, (max-width: 1024px) 100vw, 1024px\" \/><span aria-hidden=\"true\" class=\"wp-block-cover__background has-black-background-color has-background-dim-40 has-background-dim\"><\/span><div class=\"wp-block-cover__inner-container is-layout-flow wp-block-cover-is-layout-flow\">\n<p class=\"has-text-align-center has-ast-global-color-4-color has-text-color has-background has-link-color wp-elements-1e68cc135ab797c126b24fbc1db47339\" style=\"background-color:#fcb900b0;padding-top:var(--wp--preset--spacing--40);padding-right:var(--wp--preset--spacing--40);padding-bottom:var(--wp--preset--spacing--40);padding-left:var(--wp--preset--spacing--40);font-size:25px;letter-spacing:1.3px;line-height:1.2\">Tous les municipalit\u00e9s de La Palma<\/p>\n\n\n\n<p class=\"has-text-align-center has-ast-global-color-4-color has-text-color has-background has-link-color wp-elements-7ef4b3dc6924191cefe2f56b31279871\" style=\"background-color:#3241549c;font-size:18px\">La Palma compte 14 municipalit\u00e9s, chacune avec ses propres caract\u00e9ristiques. D\u00e9couvrez-les et choisissez celle qui convient le mieux \u00e0 vos vacances sur la belle \u00eele.<\/p>\n\n\n\n<div class=\"wp-block-buttons is-content-justification-center is-layout-flex wp-container-core-buttons-is-layout-a89b3969 wp-block-buttons-is-layout-flex\">\n<div class=\"wp-block-button is-style-outline is-style-outline--2\"><a class=\"wp-block-button__link has-ast-global-color-4-color has-text-color has-background has-link-color has-border-color has-ast-global-color-4-border-color has-custom-font-size wp-element-button\" href=\"https:\/\/lapalmaisland.com\/fr\/municipalites-de-la-palma\/\" style=\"border-width:3px;background-color:#32415491;font-size:18px\">Toutes les Municipalit\u00e9s<\/a><\/div>\n<\/div>\n<\/div><\/div>\n<\/div>\n<\/div>\n<\/div>\n<\/div>\n<\/div>\n\n\n\n<div style=\"height:30px\" aria-hidden=\"true\" class=\"wp-block-spacer\"><\/div>\n\n\n\n<div class=\"wp-block-uagb-social-share uagb-social-share__outer-wrap uagb-social-share__layout-horizontal uagb-block-4446023f\">\n<div class=\"wp-block-uagb-social-share-child uagb-ss-repeater uagb-ss__wrapper uagb-block-a042eff1\"><span class=\"uagb-ss__link\" data-href=\"https:\/\/www.facebook.com\/sharer.php?u=\" tabindex=\"0\" role=\"button\" aria-label=\"facebook\"><span class=\"uagb-ss__source-wrap\"><span class=\"uagb-ss__source-icon\"><svg xmlns=\"https:\/\/www.w3.org\/2000\/svg\" viewBox=\"0 0 512 512\"><path d=\"M504 256C504 119 393 8 256 8S8 119 8 256c0 123.8 90.69 226.4 209.3 245V327.7h-63V256h63v-54.64c0-62.15 37-96.48 93.67-96.48 27.14 0 55.52 4.84 55.52 4.84v61h-31.28c-30.8 0-40.41 19.12-40.41 38.73V256h68.78l-11 71.69h-57.78V501C413.3 482.4 504 379.8 504 256z\"><\/path><\/svg><\/span><\/span><\/span><\/div>\n\n\n\n<div class=\"wp-block-uagb-social-share-child uagb-ss-repeater uagb-ss__wrapper uagb-block-b37997d8\"><span class=\"uagb-ss__link\" data-href=\"https:\/\/twitter.com\/share?url=\" tabindex=\"0\" role=\"button\" aria-label=\"twitter\"><span class=\"uagb-ss__source-wrap\"><span class=\"uagb-ss__source-icon\"><svg xmlns=\"https:\/\/www.w3.org\/2000\/svg\" viewBox=\"0 0 448 512\"><path d=\"M400 32H48C21.5 32 0 53.5 0 80v352c0 26.5 21.5 48 48 48h352c26.5 0 48-21.5 48-48V80c0-26.5-21.5-48-48-48zm-48.9 158.8c.2 2.8 .2 5.7 .2 8.5 0 86.7-66 186.6-186.6 186.6-37.2 0-71.7-10.8-100.7-29.4 5.3 .6 10.4 .8 15.8 .8 30.7 0 58.9-10.4 81.4-28-28.8-.6-53-19.5-61.3-45.5 10.1 1.5 19.2 1.5 29.6-1.2-30-6.1-52.5-32.5-52.5-64.4v-.8c8.7 4.9 18.9 7.9 29.6 8.3a65.45 65.45 0 0 1 -29.2-54.6c0-12.2 3.2-23.4 8.9-33.1 32.3 39.8 80.8 65.8 135.2 68.6-9.3-44.5 24-80.6 64-80.6 18.9 0 35.9 7.9 47.9 20.7 14.8-2.8 29-8.3 41.6-15.8-4.9 15.2-15.2 28-28.8 36.1 13.2-1.4 26-5.1 37.8-10.2-8.9 13.1-20.1 24.7-32.9 34z\"><\/path><\/svg><\/span><\/span><\/span><\/div>\n\n\n\n<div class=\"wp-block-uagb-social-share-child uagb-ss-repeater uagb-ss__wrapper uagb-block-fdfff850\"><span class=\"uagb-ss__link\" data-href=\"https:\/\/pinterest.com\/pin\/create\/link\/?url=\" tabindex=\"0\" role=\"button\" aria-label=\"pinterest\"><span class=\"uagb-ss__source-wrap\"><span class=\"uagb-ss__source-icon\"><svg xmlns=\"https:\/\/www.w3.org\/2000\/svg\" viewBox=\"0 0 448 512\"><path d=\"M448 80v352c0 26.5-21.5 48-48 48H154.4c9.8-16.4 22.4-40 27.4-59.3 3-11.5 15.3-58.4 15.3-58.4 8 15.3 31.4 28.2 56.3 28.2 74.1 0 127.4-68.1 127.4-152.7 0-81.1-66.2-141.8-151.4-141.8-106 0-162.2 71.1-162.2 148.6 0 36 19.2 80.8 49.8 95.1 4.7 2.2 7.1 1.2 8.2-3.3 .8-3.4 5-20.1 6.8-27.8 .6-2.5 .3-4.6-1.7-7-10.1-12.3-18.3-34.9-18.3-56 0-54.2 41-106.6 110.9-106.6 60.3 0 102.6 41.1 102.6 99.9 0 66.4-33.5 112.4-77.2 112.4-24.1 0-42.1-19.9-36.4-44.4 6.9-29.2 20.3-60.7 20.3-81.8 0-53-75.5-45.7-75.5 25 0 21.7 7.3 36.5 7.3 36.5-31.4 132.8-36.1 134.5-29.6 192.6l2.2 .8H48c-26.5 0-48-21.5-48-48V80c0-26.5 21.5-48 48-48h352c26.5 0 48 21.5 48 48z\"><\/path><\/svg><\/span><\/span><\/span><\/div>\n\n\n\n<div class=\"wp-block-uagb-social-share-child uagb-ss-repeater uagb-ss__wrapper uagb-block-4b0c0f4f\"><span class=\"uagb-ss__link\" data-href=\"https:\/\/www.linkedin.com\/shareArticle?url=\" tabindex=\"0\" role=\"button\" aria-label=\"linkedin\"><span class=\"uagb-ss__source-wrap\"><span class=\"uagb-ss__source-icon\"><svg xmlns=\"https:\/\/www.w3.org\/2000\/svg\" viewBox=\"0 0 448 512\"><path d=\"M416 32H31.9C14.3 32 0 46.5 0 64.3v383.4C0 465.5 14.3 480 31.9 480H416c17.6 0 32-14.5 32-32.3V64.3c0-17.8-14.4-32.3-32-32.3zM135.4 416H69V202.2h66.5V416zm-33.2-243c-21.3 0-38.5-17.3-38.5-38.5S80.9 96 102.2 96c21.2 0 38.5 17.3 38.5 38.5 0 21.3-17.2 38.5-38.5 38.5zm282.1 243h-66.4V312c0-24.8-.5-56.7-34.5-56.7-34.6 0-39.9 27-39.9 54.9V416h-66.4V202.2h63.7v29.2h.9c8.9-16.8 30.6-34.5 62.9-34.5 67.2 0 79.7 44.3 79.7 101.9V416z\"><\/path><\/svg><\/span><\/span><\/span><\/div>\n\n\n\n<div class=\"wp-block-uagb-social-share-child uagb-ss-repeater uagb-ss__wrapper uagb-block-62523f5b\"><span class=\"uagb-ss__link\" data-href=\"https:\/\/telegram.me\/share\/url?url=\" tabindex=\"0\" role=\"button\" aria-label=\"telegram\"><span class=\"uagb-ss__source-wrap\"><span class=\"uagb-ss__source-icon\"><svg xmlns=\"https:\/\/www.w3.org\/2000\/svg\" viewBox=\"0 0 496 512\"><path d=\"M248 8C111 8 0 119 0 256S111 504 248 504 496 392.1 496 256 384.1 8 248 8zM362.1 176.7c-3.732 39.22-19.88 134.4-28.1 178.3-3.476 18.58-10.32 24.82-16.95 25.42-14.4 1.326-25.34-9.517-39.29-18.66-21.83-14.31-34.16-23.22-55.35-37.18-24.49-16.14-8.612-25 5.342-39.5 3.652-3.793 67.11-61.51 68.33-66.75 .153-.655 .3-3.1-1.154-4.384s-3.59-.849-5.135-.5q-3.283 .746-104.6 69.14-14.85 10.19-26.89 9.934c-8.855-.191-25.89-5.006-38.55-9.123-15.53-5.048-27.88-7.717-26.8-16.29q.84-6.7 18.45-13.7 108.4-47.25 144.6-62.3c68.87-28.65 83.18-33.62 92.51-33.79 2.052-.034 6.639 .474 9.61 2.885a10.45 10.45 0 0 1 3.53 6.716A43.76 43.76 0 0 1 362.1 176.7z\"><\/path><\/svg><\/span><\/span><\/span><\/div>\n\n\n\n<div class=\"wp-block-uagb-social-share-child uagb-ss-repeater uagb-ss__wrapper uagb-block-2d9c7c52\"><span class=\"uagb-ss__link\" data-href=\"https:\/\/api.whatsapp.com\/send?text=\" tabindex=\"0\" role=\"button\" aria-label=\"whatsapp\"><span class=\"uagb-ss__source-wrap\"><span class=\"uagb-ss__source-icon\"><svg xmlns=\"https:\/\/www.w3.org\/2000\/svg\" viewBox=\"0 0 448 512\"><path d=\"M380.9 97.1C339 55.1 283.2 32 223.9 32c-122.4 0-222 99.6-222 222 0 39.1 10.2 77.3 29.6 111L0 480l117.7-30.9c32.4 17.7 68.9 27 106.1 27h.1c122.3 0 224.1-99.6 224.1-222 0-59.3-25.2-115-67.1-157zm-157 341.6c-33.2 0-65.7-8.9-94-25.7l-6.7-4-69.8 18.3L72 359.2l-4.4-7c-18.5-29.4-28.2-63.3-28.2-98.2 0-101.7 82.8-184.5 184.6-184.5 49.3 0 95.6 19.2 130.4 54.1 34.8 34.9 56.2 81.2 56.1 130.5 0 101.8-84.9 184.6-186.6 184.6zm101.2-138.2c-5.5-2.8-32.8-16.2-37.9-18-5.1-1.9-8.8-2.8-12.5 2.8-3.7 5.6-14.3 18-17.6 21.8-3.2 3.7-6.5 4.2-12 1.4-32.6-16.3-54-29.1-75.5-66-5.7-9.8 5.7-9.1 16.3-30.3 1.8-3.7 .9-6.9-.5-9.7-1.4-2.8-12.5-30.1-17.1-41.2-4.5-10.8-9.1-9.3-12.5-9.5-3.2-.2-6.9-.2-10.6-.2-3.7 0-9.7 1.4-14.8 6.9-5.1 5.6-19.4 19-19.4 46.3 0 27.3 19.9 53.7 22.6 57.4 2.8 3.7 39.1 59.7 94.8 83.8 35.2 15.2 49 16.5 66.6 13.9 10.7-1.6 32.8-13.4 37.4-26.4 4.6-13 4.6-24.1 3.2-26.4-1.3-2.5-5-3.9-10.5-6.6z\"><\/path><\/svg><\/span><\/span><\/span><\/div>\n<\/div>\n","protected":false},"excerpt":{"rendered":"<p>D\u00e9couvrez comment aller \u00e0 La Palma Canaries : vols directs, astuces de voyage et joyaux cach\u00e9s de cette \u00eele magnifique.<\/p>\n","protected":false},"author":1,"featured_media":4354,"comment_status":"closed","ping_status":"open","sticky":false,"template":"","format":"standard","meta":{"_uag_custom_page_level_css":"","site-sidebar-layout":"default","site-content-layout":"","ast-site-content-layout":"default","site-content-style":"default","site-sidebar-style":"default","ast-global-header-display":"","ast-banner-title-visibility":"","ast-main-header-display":"","ast-hfb-above-header-display":"","ast-hfb-below-header-display":"","ast-hfb-mobile-header-display":"","site-post-title":"","ast-breadcrumbs-content":"","ast-featured-img":"disabled","footer-sml-layout":"","ast-disable-related-posts":"","theme-transparent-header-meta":"","adv-header-id-meta":"","stick-header-meta":"","header-above-stick-meta":"","header-main-stick-meta":"","header-below-stick-meta":"","astra-migrate-meta-layouts":"set","ast-page-background-enabled":"default","ast-page-background-meta":{"desktop":{"background-color":"var(--ast-global-color-4)","background-image":"","background-repeat":"repeat","background-position":"center center","background-size":"auto","background-attachment":"scroll","background-type":"","background-media":"","overlay-type":"","overlay-color":"","overlay-opacity":"","overlay-gradient":""},"tablet":{"background-color":"","background-image":"","background-repeat":"repeat","background-position":"center center","background-size":"auto","background-attachment":"scroll","background-type":"","background-media":"","overlay-type":"","overlay-color":"","overlay-opacity":"","overlay-gradient":""},"mobile":{"background-color":"","background-image":"","background-repeat":"repeat","background-position":"center center","background-size":"auto","background-attachment":"scroll","background-type":"","background-media":"","overlay-type":"","overlay-color":"","overlay-opacity":"","overlay-gradient":""}},"ast-content-background-meta":{"desktop":{"background-color":"var(--ast-global-color-5)","background-image":"","background-repeat":"repeat","background-position":"center center","background-size":"auto","background-attachment":"scroll","background-type":"","background-media":"","overlay-type":"","overlay-color":"","overlay-opacity":"","overlay-gradient":""},"tablet":{"background-color":"var(--ast-global-color-5)","background-image":"","background-repeat":"repeat","background-position":"center center","background-size":"auto","background-attachment":"scroll","background-type":"","background-media":"","overlay-type":"","overlay-color":"","overlay-opacity":"","overlay-gradient":""},"mobile":{"background-color":"var(--ast-global-color-5)","background-image":"","background-repeat":"repeat","background-position":"center center","background-size":"auto","background-attachment":"scroll","background-type":"","background-media":"","overlay-type":"","overlay-color":"","overlay-opacity":"","overlay-gradient":""}},"footnotes":""},"categories":[124],"tags":[],"class_list":["post-639","post","type-post","status-publish","format-standard","has-post-thumbnail","hentry","category-sur-la-palma"],"yoast_head":"<!-- This site is optimized with the Yoast SEO plugin v27.5 - https:\/\/yoast.com\/product\/yoast-seo-wordpress\/ -->\n<title>ALLER \u00c0 LA PALMA CANARIES<\/title>\n<meta name=\"description\" content=\"D\u00e9couvrez comment rejoindre facilement La Palma en avion, en ferry ou en croisi\u00e8re et pr\u00e9parez votre voyage vers la magnifique Isla Bonita.\" \/>\n<meta name=\"robots\" content=\"index, follow, max-snippet:-1, max-image-preview:large, max-video-preview:-1\" \/>\n<link rel=\"canonical\" href=\"https:\/\/lapalmaisland.com\/fr\/aller-a-la-palma-canaries\/\" \/>\n<meta property=\"og:locale\" content=\"fr_FR\" \/>\n<meta property=\"og:type\" content=\"article\" \/>\n<meta property=\"og:title\" content=\"ALLER \u00c0 LA PALMA CANARIES\" \/>\n<meta property=\"og:description\" content=\"D\u00e9couvrez comment rejoindre facilement La Palma en avion, en ferry ou en croisi\u00e8re et pr\u00e9parez votre voyage vers la magnifique Isla Bonita.\" \/>\n<meta property=\"og:url\" content=\"https:\/\/lapalmaisland.com\/fr\/aller-a-la-palma-canaries\/\" \/>\n<meta property=\"og:site_name\" content=\"La Palma \u00cele\" \/>\n<meta property=\"article:published_time\" content=\"2023-11-27T21:32:10+00:00\" \/>\n<meta property=\"article:modified_time\" content=\"2025-11-09T21:06:12+00:00\" \/>\n<meta property=\"og:image\" content=\"https:\/\/lapalmaisland.com\/fr\/wp-content\/uploads\/sites\/4\/2023\/11\/compagnie-aerienne-iberia-express.webp\" \/>\n\t<meta property=\"og:image:width\" content=\"1024\" \/>\n\t<meta property=\"og:image:height\" content=\"682\" \/>\n\t<meta property=\"og:image:type\" content=\"image\/webp\" \/>\n<meta name=\"author\" content=\"La Palma island\" \/>\n<meta name=\"twitter:card\" content=\"summary_large_image\" \/>\n<meta name=\"twitter:label1\" content=\"\u00c9crit par\" \/>\n\t<meta name=\"twitter:data1\" content=\"La Palma island\" \/>\n\t<meta name=\"twitter:label2\" content=\"Dur\u00e9e de lecture estim\u00e9e\" \/>\n\t<meta name=\"twitter:data2\" content=\"10 minutes\" \/>\n<script type=\"application\/ld+json\" class=\"yoast-schema-graph\">{\"@context\":\"https:\\\/\\\/schema.org\",\"@graph\":[{\"@type\":\"Article\",\"@id\":\"https:\\\/\\\/lapalmaisland.com\\\/fr\\\/aller-a-la-palma-canaries\\\/#article\",\"isPartOf\":{\"@id\":\"https:\\\/\\\/lapalmaisland.com\\\/fr\\\/aller-a-la-palma-canaries\\\/\"},\"author\":{\"name\":\"La Palma island\",\"@id\":\"https:\\\/\\\/lapalmaisland.com\\\/fr\\\/#\\\/schema\\\/person\\\/d22befbeabeee2669fa56b89d4a34675\"},\"headline\":\"Aller \u00e0 La Palma Canaries\",\"datePublished\":\"2023-11-27T21:32:10+00:00\",\"dateModified\":\"2025-11-09T21:06:12+00:00\",\"mainEntityOfPage\":{\"@id\":\"https:\\\/\\\/lapalmaisland.com\\\/fr\\\/aller-a-la-palma-canaries\\\/\"},\"wordCount\":1608,\"publisher\":{\"@id\":\"https:\\\/\\\/lapalmaisland.com\\\/fr\\\/#organization\"},\"image\":{\"@id\":\"https:\\\/\\\/lapalmaisland.com\\\/fr\\\/aller-a-la-palma-canaries\\\/#primaryimage\"},\"thumbnailUrl\":\"https:\\\/\\\/lapalmaisland.com\\\/fr\\\/wp-content\\\/uploads\\\/sites\\\/4\\\/2023\\\/11\\\/compagnie-aerienne-iberia-express.webp\",\"articleSection\":[\"Sur La Palma\"],\"inLanguage\":\"fr-FR\"},{\"@type\":\"WebPage\",\"@id\":\"https:\\\/\\\/lapalmaisland.com\\\/fr\\\/aller-a-la-palma-canaries\\\/\",\"url\":\"https:\\\/\\\/lapalmaisland.com\\\/fr\\\/aller-a-la-palma-canaries\\\/\",\"name\":\"ALLER \u00c0 LA PALMA CANARIES\",\"isPartOf\":{\"@id\":\"https:\\\/\\\/lapalmaisland.com\\\/fr\\\/#website\"},\"primaryImageOfPage\":{\"@id\":\"https:\\\/\\\/lapalmaisland.com\\\/fr\\\/aller-a-la-palma-canaries\\\/#primaryimage\"},\"image\":{\"@id\":\"https:\\\/\\\/lapalmaisland.com\\\/fr\\\/aller-a-la-palma-canaries\\\/#primaryimage\"},\"thumbnailUrl\":\"https:\\\/\\\/lapalmaisland.com\\\/fr\\\/wp-content\\\/uploads\\\/sites\\\/4\\\/2023\\\/11\\\/compagnie-aerienne-iberia-express.webp\",\"datePublished\":\"2023-11-27T21:32:10+00:00\",\"dateModified\":\"2025-11-09T21:06:12+00:00\",\"description\":\"D\u00e9couvrez comment rejoindre facilement La Palma en avion, en ferry ou en croisi\u00e8re et pr\u00e9parez votre voyage vers la magnifique Isla Bonita.\",\"breadcrumb\":{\"@id\":\"https:\\\/\\\/lapalmaisland.com\\\/fr\\\/aller-a-la-palma-canaries\\\/#breadcrumb\"},\"inLanguage\":\"fr-FR\",\"potentialAction\":[{\"@type\":\"ReadAction\",\"target\":[\"https:\\\/\\\/lapalmaisland.com\\\/fr\\\/aller-a-la-palma-canaries\\\/\"]}]},{\"@type\":\"ImageObject\",\"inLanguage\":\"fr-FR\",\"@id\":\"https:\\\/\\\/lapalmaisland.com\\\/fr\\\/aller-a-la-palma-canaries\\\/#primaryimage\",\"url\":\"https:\\\/\\\/lapalmaisland.com\\\/fr\\\/wp-content\\\/uploads\\\/sites\\\/4\\\/2023\\\/11\\\/compagnie-aerienne-iberia-express.webp\",\"contentUrl\":\"https:\\\/\\\/lapalmaisland.com\\\/fr\\\/wp-content\\\/uploads\\\/sites\\\/4\\\/2023\\\/11\\\/compagnie-aerienne-iberia-express.webp\",\"width\":1024,\"height\":682,\"caption\":\"iberia\"},{\"@type\":\"BreadcrumbList\",\"@id\":\"https:\\\/\\\/lapalmaisland.com\\\/fr\\\/aller-a-la-palma-canaries\\\/#breadcrumb\",\"itemListElement\":[{\"@type\":\"ListItem\",\"position\":1,\"name\":\"Portada\",\"item\":\"https:\\\/\\\/lapalmaisland.com\\\/fr\\\/\"},{\"@type\":\"ListItem\",\"position\":2,\"name\":\"Aller \u00e0 La Palma Canaries\"}]},{\"@type\":\"WebSite\",\"@id\":\"https:\\\/\\\/lapalmaisland.com\\\/fr\\\/#website\",\"url\":\"https:\\\/\\\/lapalmaisland.com\\\/fr\\\/\",\"name\":\"La Palma \u00cele\",\"description\":\"D\u00e9couvrez l&#039;\u00eele fascinante de La Palma : informations \u00e0 jour, guide touristique et activit\u00e9s pour une exp\u00e9rience inoubliable.\",\"publisher\":{\"@id\":\"https:\\\/\\\/lapalmaisland.com\\\/fr\\\/#organization\"},\"potentialAction\":[{\"@type\":\"SearchAction\",\"target\":{\"@type\":\"EntryPoint\",\"urlTemplate\":\"https:\\\/\\\/lapalmaisland.com\\\/fr\\\/?s={search_term_string}\"},\"query-input\":{\"@type\":\"PropertyValueSpecification\",\"valueRequired\":true,\"valueName\":\"search_term_string\"}}],\"inLanguage\":\"fr-FR\"},{\"@type\":\"Organization\",\"@id\":\"https:\\\/\\\/lapalmaisland.com\\\/fr\\\/#organization\",\"name\":\"La Palma \u00cele\",\"url\":\"https:\\\/\\\/lapalmaisland.com\\\/fr\\\/\",\"logo\":{\"@type\":\"ImageObject\",\"inLanguage\":\"fr-FR\",\"@id\":\"https:\\\/\\\/lapalmaisland.com\\\/fr\\\/#\\\/schema\\\/logo\\\/image\\\/\",\"url\":\"https:\\\/\\\/lapalmaisland.com\\\/fr\\\/wp-content\\\/uploads\\\/sites\\\/4\\\/2023\\\/11\\\/cropped-cropped-cropped-La-palma-island.png\",\"contentUrl\":\"https:\\\/\\\/lapalmaisland.com\\\/fr\\\/wp-content\\\/uploads\\\/sites\\\/4\\\/2023\\\/11\\\/cropped-cropped-cropped-La-palma-island.png\",\"width\":180,\"height\":60,\"caption\":\"La Palma \u00cele\"},\"image\":{\"@id\":\"https:\\\/\\\/lapalmaisland.com\\\/fr\\\/#\\\/schema\\\/logo\\\/image\\\/\"}},{\"@type\":\"Person\",\"@id\":\"https:\\\/\\\/lapalmaisland.com\\\/fr\\\/#\\\/schema\\\/person\\\/d22befbeabeee2669fa56b89d4a34675\",\"name\":\"La Palma island\",\"image\":{\"@type\":\"ImageObject\",\"inLanguage\":\"fr-FR\",\"@id\":\"https:\\\/\\\/secure.gravatar.com\\\/avatar\\\/025502d7548db870a6a8074e517c7452eb7e227815b3d3e45ea91b7415ee1c53?s=96&d=mm&r=g\",\"url\":\"https:\\\/\\\/secure.gravatar.com\\\/avatar\\\/025502d7548db870a6a8074e517c7452eb7e227815b3d3e45ea91b7415ee1c53?s=96&d=mm&r=g\",\"contentUrl\":\"https:\\\/\\\/secure.gravatar.com\\\/avatar\\\/025502d7548db870a6a8074e517c7452eb7e227815b3d3e45ea91b7415ee1c53?s=96&d=mm&r=g\",\"caption\":\"La Palma island\"},\"sameAs\":[\"https:\\\/\\\/lapalmaisland.com\"]}]}<\/script>\n<!-- \/ Yoast SEO plugin. -->","yoast_head_json":{"title":"ALLER \u00c0 LA PALMA CANARIES","description":"D\u00e9couvrez comment rejoindre facilement La Palma en avion, en ferry ou en croisi\u00e8re et pr\u00e9parez votre voyage vers la magnifique Isla Bonita.","robots":{"index":"index","follow":"follow","max-snippet":"max-snippet:-1","max-image-preview":"max-image-preview:large","max-video-preview":"max-video-preview:-1"},"canonical":"https:\/\/lapalmaisland.com\/fr\/aller-a-la-palma-canaries\/","og_locale":"fr_FR","og_type":"article","og_title":"ALLER \u00c0 LA PALMA CANARIES","og_description":"D\u00e9couvrez comment rejoindre facilement La Palma en avion, en ferry ou en croisi\u00e8re et pr\u00e9parez votre voyage vers la magnifique Isla Bonita.","og_url":"https:\/\/lapalmaisland.com\/fr\/aller-a-la-palma-canaries\/","og_site_name":"La Palma \u00cele","article_published_time":"2023-11-27T21:32:10+00:00","article_modified_time":"2025-11-09T21:06:12+00:00","og_image":[{"width":1024,"height":682,"url":"https:\/\/lapalmaisland.com\/fr\/wp-content\/uploads\/sites\/4\/2023\/11\/compagnie-aerienne-iberia-express.webp","type":"image\/webp"}],"author":"La Palma island","twitter_card":"summary_large_image","twitter_misc":{"\u00c9crit par":"La Palma island","Dur\u00e9e de lecture estim\u00e9e":"10 minutes"},"schema":{"@context":"https:\/\/schema.org","@graph":[{"@type":"Article","@id":"https:\/\/lapalmaisland.com\/fr\/aller-a-la-palma-canaries\/#article","isPartOf":{"@id":"https:\/\/lapalmaisland.com\/fr\/aller-a-la-palma-canaries\/"},"author":{"name":"La Palma island","@id":"https:\/\/lapalmaisland.com\/fr\/#\/schema\/person\/d22befbeabeee2669fa56b89d4a34675"},"headline":"Aller \u00e0 La Palma Canaries","datePublished":"2023-11-27T21:32:10+00:00","dateModified":"2025-11-09T21:06:12+00:00","mainEntityOfPage":{"@id":"https:\/\/lapalmaisland.com\/fr\/aller-a-la-palma-canaries\/"},"wordCount":1608,"publisher":{"@id":"https:\/\/lapalmaisland.com\/fr\/#organization"},"image":{"@id":"https:\/\/lapalmaisland.com\/fr\/aller-a-la-palma-canaries\/#primaryimage"},"thumbnailUrl":"https:\/\/lapalmaisland.com\/fr\/wp-content\/uploads\/sites\/4\/2023\/11\/compagnie-aerienne-iberia-express.webp","articleSection":["Sur La Palma"],"inLanguage":"fr-FR"},{"@type":"WebPage","@id":"https:\/\/lapalmaisland.com\/fr\/aller-a-la-palma-canaries\/","url":"https:\/\/lapalmaisland.com\/fr\/aller-a-la-palma-canaries\/","name":"ALLER \u00c0 LA PALMA CANARIES","isPartOf":{"@id":"https:\/\/lapalmaisland.com\/fr\/#website"},"primaryImageOfPage":{"@id":"https:\/\/lapalmaisland.com\/fr\/aller-a-la-palma-canaries\/#primaryimage"},"image":{"@id":"https:\/\/lapalmaisland.com\/fr\/aller-a-la-palma-canaries\/#primaryimage"},"thumbnailUrl":"https:\/\/lapalmaisland.com\/fr\/wp-content\/uploads\/sites\/4\/2023\/11\/compagnie-aerienne-iberia-express.webp","datePublished":"2023-11-27T21:32:10+00:00","dateModified":"2025-11-09T21:06:12+00:00","description":"D\u00e9couvrez comment rejoindre facilement La Palma en avion, en ferry ou en croisi\u00e8re et pr\u00e9parez votre voyage vers la magnifique Isla Bonita.","breadcrumb":{"@id":"https:\/\/lapalmaisland.com\/fr\/aller-a-la-palma-canaries\/#breadcrumb"},"inLanguage":"fr-FR","potentialAction":[{"@type":"ReadAction","target":["https:\/\/lapalmaisland.com\/fr\/aller-a-la-palma-canaries\/"]}]},{"@type":"ImageObject","inLanguage":"fr-FR","@id":"https:\/\/lapalmaisland.com\/fr\/aller-a-la-palma-canaries\/#primaryimage","url":"https:\/\/lapalmaisland.com\/fr\/wp-content\/uploads\/sites\/4\/2023\/11\/compagnie-aerienne-iberia-express.webp","contentUrl":"https:\/\/lapalmaisland.com\/fr\/wp-content\/uploads\/sites\/4\/2023\/11\/compagnie-aerienne-iberia-express.webp","width":1024,"height":682,"caption":"iberia"},{"@type":"BreadcrumbList","@id":"https:\/\/lapalmaisland.com\/fr\/aller-a-la-palma-canaries\/#breadcrumb","itemListElement":[{"@type":"ListItem","position":1,"name":"Portada","item":"https:\/\/lapalmaisland.com\/fr\/"},{"@type":"ListItem","position":2,"name":"Aller \u00e0 La Palma Canaries"}]},{"@type":"WebSite","@id":"https:\/\/lapalmaisland.com\/fr\/#website","url":"https:\/\/lapalmaisland.com\/fr\/","name":"La Palma \u00cele","description":"D\u00e9couvrez l&#039;\u00eele fascinante de La Palma : informations \u00e0 jour, guide touristique et activit\u00e9s pour une exp\u00e9rience inoubliable.","publisher":{"@id":"https:\/\/lapalmaisland.com\/fr\/#organization"},"potentialAction":[{"@type":"SearchAction","target":{"@type":"EntryPoint","urlTemplate":"https:\/\/lapalmaisland.com\/fr\/?s={search_term_string}"},"query-input":{"@type":"PropertyValueSpecification","valueRequired":true,"valueName":"search_term_string"}}],"inLanguage":"fr-FR"},{"@type":"Organization","@id":"https:\/\/lapalmaisland.com\/fr\/#organization","name":"La Palma \u00cele","url":"https:\/\/lapalmaisland.com\/fr\/","logo":{"@type":"ImageObject","inLanguage":"fr-FR","@id":"https:\/\/lapalmaisland.com\/fr\/#\/schema\/logo\/image\/","url":"https:\/\/lapalmaisland.com\/fr\/wp-content\/uploads\/sites\/4\/2023\/11\/cropped-cropped-cropped-La-palma-island.png","contentUrl":"https:\/\/lapalmaisland.com\/fr\/wp-content\/uploads\/sites\/4\/2023\/11\/cropped-cropped-cropped-La-palma-island.png","width":180,"height":60,"caption":"La Palma \u00cele"},"image":{"@id":"https:\/\/lapalmaisland.com\/fr\/#\/schema\/logo\/image\/"}},{"@type":"Person","@id":"https:\/\/lapalmaisland.com\/fr\/#\/schema\/person\/d22befbeabeee2669fa56b89d4a34675","name":"La Palma island","image":{"@type":"ImageObject","inLanguage":"fr-FR","@id":"https:\/\/secure.gravatar.com\/avatar\/025502d7548db870a6a8074e517c7452eb7e227815b3d3e45ea91b7415ee1c53?s=96&d=mm&r=g","url":"https:\/\/secure.gravatar.com\/avatar\/025502d7548db870a6a8074e517c7452eb7e227815b3d3e45ea91b7415ee1c53?s=96&d=mm&r=g","contentUrl":"https:\/\/secure.gravatar.com\/avatar\/025502d7548db870a6a8074e517c7452eb7e227815b3d3e45ea91b7415ee1c53?s=96&d=mm&r=g","caption":"La Palma island"},"sameAs":["https:\/\/lapalmaisland.com"]}]}},"uagb_featured_image_src":{"full":["https:\/\/lapalmaisland.com\/fr\/wp-content\/uploads\/sites\/4\/2023\/11\/compagnie-aerienne-iberia-express.webp",1024,682,false],"thumbnail":["https:\/\/lapalmaisland.com\/fr\/wp-content\/uploads\/sites\/4\/2023\/11\/compagnie-aerienne-iberia-express-150x150.webp",150,150,true],"medium":["https:\/\/lapalmaisland.com\/fr\/wp-content\/uploads\/sites\/4\/2023\/11\/compagnie-aerienne-iberia-express-300x200.webp",300,200,true],"medium_large":["https:\/\/lapalmaisland.com\/fr\/wp-content\/uploads\/sites\/4\/2023\/11\/compagnie-aerienne-iberia-express-768x512.webp",768,512,true],"large":["https:\/\/lapalmaisland.com\/fr\/wp-content\/uploads\/sites\/4\/2023\/11\/compagnie-aerienne-iberia-express.webp",1024,682,false],"1536x1536":["https:\/\/lapalmaisland.com\/fr\/wp-content\/uploads\/sites\/4\/2023\/11\/compagnie-aerienne-iberia-express.webp",1024,682,false],"2048x2048":["https:\/\/lapalmaisland.com\/fr\/wp-content\/uploads\/sites\/4\/2023\/11\/compagnie-aerienne-iberia-express.webp",1024,682,false]},"uagb_author_info":{"display_name":"La Palma island","author_link":"https:\/\/lapalmaisland.com\/fr\/author\/alewebtenerife\/"},"uagb_comment_info":0,"uagb_excerpt":"D\u00e9couvrez comment aller \u00e0 La Palma Canaries : vols directs, astuces de voyage et joyaux cach\u00e9s de cette \u00eele magnifique.","_links":{"self":[{"href":"https:\/\/lapalmaisland.com\/fr\/wp-json\/wp\/v2\/posts\/639","targetHints":{"allow":["GET"]}}],"collection":[{"href":"https:\/\/lapalmaisland.com\/fr\/wp-json\/wp\/v2\/posts"}],"about":[{"href":"https:\/\/lapalmaisland.com\/fr\/wp-json\/wp\/v2\/types\/post"}],"author":[{"embeddable":true,"href":"https:\/\/lapalmaisland.com\/fr\/wp-json\/wp\/v2\/users\/1"}],"replies":[{"embeddable":true,"href":"https:\/\/lapalmaisland.com\/fr\/wp-json\/wp\/v2\/comments?post=639"}],"version-history":[{"count":31,"href":"https:\/\/lapalmaisland.com\/fr\/wp-json\/wp\/v2\/posts\/639\/revisions"}],"predecessor-version":[{"id":5766,"href":"https:\/\/lapalmaisland.com\/fr\/wp-json\/wp\/v2\/posts\/639\/revisions\/5766"}],"wp:featuredmedia":[{"embeddable":true,"href":"https:\/\/lapalmaisland.com\/fr\/wp-json\/wp\/v2\/media\/4354"}],"wp:attachment":[{"href":"https:\/\/lapalmaisland.com\/fr\/wp-json\/wp\/v2\/media?parent=639"}],"wp:term":[{"taxonomy":"category","embeddable":true,"href":"https:\/\/lapalmaisland.com\/fr\/wp-json\/wp\/v2\/categories?post=639"},{"taxonomy":"post_tag","embeddable":true,"href":"https:\/\/lapalmaisland.com\/fr\/wp-json\/wp\/v2\/tags?post=639"}],"curies":[{"name":"wp","href":"https:\/\/api.w.org\/{rel}","templated":true}]}}