{"id":719,"date":"2023-12-04T10:40:39","date_gmt":"2023-12-04T10:40:39","guid":{"rendered":"https:\/\/lapalmaisland.com\/fr\/?p=719"},"modified":"2025-11-28T16:47:55","modified_gmt":"2025-11-28T16:47:55","slug":"tazacorte-la-palma","status":"publish","type":"post","link":"https:\/\/lapalmaisland.com\/fr\/tazacorte-la-palma\/","title":{"rendered":"Tazacorte"},"content":{"rendered":"\n<div class=\"inherit-container-width wp-block-group has-ast-global-color-6-background-color has-background is-layout-constrained wp-block-group-is-layout-constrained\" style=\"border-radius:15px\">\n<p style=\"font-size:18px\">En descendant vers Tazacorte, la <strong>premi\u00e8re image qui s\u2019impose est celle des immenses bananeraies en terrasses, d\u00e9valant les pentes jusqu\u2019\u00e0 la mer<\/strong>.<br>Le vert \u00e9clatant de leurs feuilles se m\u00eale au bleu profond de l\u2019Atlantique, cr\u00e9ant un contraste magique, presque irr\u00e9el.<br>C\u2019est ici, dans ce d\u00e9cor baign\u00e9 de soleil, que Tazacorte d\u00e9voile son \u00e2me : une terre de lumi\u00e8re, de mer et de traditions, o\u00f9 le temps semble ralentir pour laisser place \u00e0 la douceur de vivre.<\/p>\n\n\n\n<p style=\"font-size:18px\">Tazacorte est l\u2019<strong>une des communes les plus ensoleill\u00e9es d\u2019Espagne<\/strong>, un v\u00e9ritable paradis o\u00f9 le climat et la c\u00f4te cr\u00e9ent un environnement privil\u00e9gi\u00e9.<br>Avec \u00e0 peine 4 500 habitants, c\u2019est la plus petite municipalit\u00e9 de l\u2019\u00eele, mais elle offre une m\u00e9lange parfait d\u2019histoire, de tradition et de plaisir.<\/p>\n\n\n\n<figure class=\"wp-block-image aligncenter size-full has-custom-border\"><img loading=\"lazy\" decoding=\"async\" width=\"1024\" height=\"720\" src=\"https:\/\/lapalmaisland.com\/fr\/wp-content\/uploads\/sites\/4\/2023\/12\/centre-historique-de-Tazacorte.webp\" alt=\"centre historique de Tazacorte a la palma\" class=\"wp-image-4405\" style=\"border-radius:15px;object-fit:cover\" srcset=\"https:\/\/lapalmaisland.com\/fr\/wp-content\/uploads\/sites\/4\/2023\/12\/centre-historique-de-Tazacorte.webp 1024w, https:\/\/lapalmaisland.com\/fr\/wp-content\/uploads\/sites\/4\/2023\/12\/centre-historique-de-Tazacorte-300x211.webp 300w, https:\/\/lapalmaisland.com\/fr\/wp-content\/uploads\/sites\/4\/2023\/12\/centre-historique-de-Tazacorte-768x540.webp 768w\" sizes=\"auto, (max-width: 1024px) 100vw, 1024px\" \/><\/figure>\n\n\n\n<div style=\"height:10px\" aria-hidden=\"true\" class=\"wp-block-spacer\"><\/div>\n\n\n\n<div class=\"wp-block-columns is-layout-flex wp-container-core-columns-is-layout-28f84493 wp-block-columns-is-layout-flex\">\n<div class=\"wp-block-column is-layout-flow wp-block-column-is-layout-flow\">\n<ul style=\"font-size:18px\" class=\"wp-block-list has-ast-global-color-7-background-color has-background\">\n<li style=\"padding-top:var(--wp--preset--spacing--20);padding-bottom:var(--wp--preset--spacing--20)\"><a href=\"#quevoir\">Que voir \u00e0 Tazacorte ? \u2192<\/a><\/li>\n\n\n\n<li style=\"padding-top:var(--wp--preset--spacing--20);padding-bottom:var(--wp--preset--spacing--20)\"><a href=\"#histoire\">Histoire de Tazacorte \u2192<\/a><\/li>\n\n\n\n<li style=\"padding-top:var(--wp--preset--spacing--20);padding-bottom:var(--wp--preset--spacing--20)\"><a href=\"#journee\">Une journ\u00e9e \u00e0 Tazacorte \u2192<\/a><\/li>\n\n\n\n<li style=\"padding-top:var(--wp--preset--spacing--20);padding-bottom:var(--wp--preset--spacing--20)\"><a href=\"#fetes\">F\u00eates de Tazacorte \u2192<\/a><\/li>\n<\/ul>\n<\/div>\n<\/div>\n<\/div>\n\n\n\n<div style=\"height:20px\" aria-hidden=\"true\" class=\"wp-block-spacer\"><\/div>\n\n\n\n<div class=\"wp-block-columns has-ast-global-color-6-background-color has-background is-layout-flex wp-container-core-columns-is-layout-28f84493 wp-block-columns-is-layout-flex\" style=\"border-radius:15px\">\n<div class=\"wp-block-column is-layout-flow wp-block-column-is-layout-flow\" style=\"flex-basis:100%\">\n<div id=\"quevoir\" class=\"inherit-container-width wp-block-group has-ast-global-color-6-background-color has-background is-layout-constrained wp-block-group-is-layout-constrained\" style=\"border-radius:15px\">\n<h2 class=\"wp-block-heading has-text-align-center has-ast-global-color-4-color has-ast-global-color-2-background-color has-text-color has-background\" id=\"quevoir\" style=\"padding-top:var(--wp--preset--spacing--30);padding-right:var(--wp--preset--spacing--30);padding-bottom:var(--wp--preset--spacing--30);padding-left:var(--wp--preset--spacing--30)\">Qu\u2019est-ce qui rend Tazacorte si sp\u00e9ciale ?<\/h2>\n\n\n\n<div class=\"wp-block-columns is-layout-flex wp-container-core-columns-is-layout-28f84493 wp-block-columns-is-layout-flex\">\n<div class=\"wp-block-column is-layout-flow wp-block-column-is-layout-flow\">\n<ul style=\"padding-top:var(--wp--preset--spacing--30);padding-right:var(--wp--preset--spacing--60);padding-bottom:var(--wp--preset--spacing--30);padding-left:var(--wp--preset--spacing--60);font-size:18px\" class=\"wp-block-list has-ast-global-color-7-background-color has-background\">\n<li style=\"padding-top:var(--wp--preset--spacing--20);padding-bottom:var(--wp--preset--spacing--20)\"><strong>Centre historique traditionnel<\/strong>. Avec ses rues pav\u00e9es et son architecture canarienne bien pr\u00e9serv\u00e9e, notamment dans le quartier d\u2019El Charco.<\/li>\n\n\n\n<li style=\"padding-top:var(--wp--preset--spacing--20);padding-bottom:var(--wp--preset--spacing--20)\"><strong>Entour\u00e9e de bananeraies<\/strong>. Un paysage agricole unique qui d\u00e9finit l\u2019identit\u00e9 du village. La culture de la banane occupe 70 \u00e0 85 % du territoire, maintenant vivante une tradition \u00e9conomique s\u00e9culaire.<\/li>\n\n\n\n<li style=\"padding-top:var(--wp--preset--spacing--20);padding-bottom:var(--wp--preset--spacing--20)\"><strong>Climat ensoleill\u00e9 toute l\u2019ann\u00e9e<\/strong>. L\u2019un des lieux les plus lumineux d\u2019Europe, avec peu d\u2019humidit\u00e9, id\u00e9al pour profiter du plein air.<\/li>\n\n\n\n<li style=\"padding-top:var(--wp--preset--spacing--20);padding-bottom:var(--wp--preset--spacing--20)\"><strong>Premier mus\u00e9e de la banane d\u2019Europe<\/strong>. Une visite originale pour d\u00e9couvrir la culture la plus importante de l\u2019\u00eele.<\/li>\n\n\n\n<li style=\"padding-top:var(--wp--preset--spacing--20);padding-bottom:var(--wp--preset--spacing--20)\"><strong>L\u2019une des plages les plus appr\u00e9ci\u00e9es de La Palma<\/strong>. Sable noir, eaux calmes et acc\u00e8s facile, parfaite pour se d\u00e9tendre ou se promener.<\/li>\n<\/ul>\n<\/div>\n\n\n\n<div class=\"wp-block-column is-layout-flow wp-block-column-is-layout-flow\" style=\"padding-top:var(--wp--preset--spacing--60);padding-bottom:var(--wp--preset--spacing--60)\">\n<figure class=\"wp-block-image aligncenter size-full has-custom-border\"><img loading=\"lazy\" decoding=\"async\" width=\"1024\" height=\"720\" src=\"https:\/\/lapalmaisland.com\/fr\/wp-content\/uploads\/sites\/4\/2023\/12\/port-et-plage-de-Tazacorte.webp\" alt=\"port et plage de Tazacorte la palma\" class=\"wp-image-4409\" style=\"border-radius:15px;object-fit:cover\" srcset=\"https:\/\/lapalmaisland.com\/fr\/wp-content\/uploads\/sites\/4\/2023\/12\/port-et-plage-de-Tazacorte.webp 1024w, https:\/\/lapalmaisland.com\/fr\/wp-content\/uploads\/sites\/4\/2023\/12\/port-et-plage-de-Tazacorte-300x211.webp 300w, https:\/\/lapalmaisland.com\/fr\/wp-content\/uploads\/sites\/4\/2023\/12\/port-et-plage-de-Tazacorte-768x540.webp 768w\" sizes=\"auto, (max-width: 1024px) 100vw, 1024px\" \/><\/figure>\n<\/div>\n<\/div>\n\n\n\n<h2 class=\"wp-block-heading has-text-align-center has-ast-global-color-4-color has-ast-global-color-2-background-color has-text-color has-background has-link-color wp-elements-8af51f15df060f17914b23eef05558d6\" style=\"padding-top:var(--wp--preset--spacing--30);padding-right:var(--wp--preset--spacing--30);padding-bottom:var(--wp--preset--spacing--30);padding-left:var(--wp--preset--spacing--30)\">Une promenade au c\u0153ur historique de Tazacorte<\/h2>\n\n\n\n<p style=\"font-size:18px\">Le <strong>centre historique se situe \u00e0 environ 170 m\u00e8tres d\u2019altitude<\/strong>, offrant une vue spectaculaire sur l\u2019oc\u00e9an, \u00e0 seulement 2 km de distance.<br>C\u2019est une petite perle o\u00f9 chaque recoin raconte une histoire, un lieu \u00e0 visiter absolument pour appr\u00e9cier son architecture, son ambiance paisible et son charme ancien.<\/p>\n\n\n\n<div class=\"wp-block-columns is-layout-flex wp-container-core-columns-is-layout-28f84493 wp-block-columns-is-layout-flex\">\n<div class=\"wp-block-column is-layout-flow wp-block-column-is-layout-flow\" style=\"padding-top:var(--wp--preset--spacing--50);padding-bottom:var(--wp--preset--spacing--50)\">\n<ul style=\"padding-top:var(--wp--preset--spacing--30);padding-right:var(--wp--preset--spacing--60);padding-bottom:var(--wp--preset--spacing--30);padding-left:var(--wp--preset--spacing--60);font-size:18px\" class=\"wp-block-list has-ast-global-color-7-background-color has-background\">\n<li style=\"padding-top:var(--wp--preset--spacing--20);padding-bottom:var(--wp--preset--spacing--20)\"><strong>\u00c9glise de San Miguel Arc\u00e1ngel<\/strong>. Construite en 1513 sur les fondations de la premi\u00e8re chapelle \u00e9rig\u00e9e \u00e0 La Palma. Ses origines remontent \u00e0 1492, lorsque Alonso Fern\u00e1ndez de Lugo acheva la conqu\u00eate de l\u2019\u00eele et fit b\u00e2tir la premi\u00e8re ermite. Aujourd\u2019hui, le temple conserve un patrimoine artistique pr\u00e9cieux, t\u00e9moignage du h\u00e9ritage historique et culturel de Tazacorte.<\/li>\n\n\n\n<li style=\"padding-top:var(--wp--preset--spacing--20);padding-bottom:var(--wp--preset--spacing--20)\"><strong>Quartier d\u2019El Charco<\/strong>. C\u0153ur historique du village, il conserve un ensemble remarquable de maisons seigneuriales datant des XVIe et XVIIe si\u00e8cles. En fl\u00e2nant dans ses ruelles, on ressent l\u2019essence authentique de Tazacorte \u00e0 chaque pas.<\/li>\n\n\n\n<li style=\"padding-top:var(--wp--preset--spacing--20);padding-bottom:var(--wp--preset--spacing--20)\"><strong>Anciens lavoirs<\/strong>. Autrefois, un canal amenait l\u2019eau du ravin de Las Angustias jusqu\u2019\u00e0 La Vica, o\u00f9 se trouvaient les anciens lavoirs. L\u2019eau servait ensuite \u00e0 faire tourner les moulins et \u00e0 alimenter les plantations agricoles.<br>Avec la construction de la place de La Vica, les anciens lavoirs furent d\u00e9plac\u00e9s vers le quartier d\u2019El Charco. Aujourd\u2019hui, \u00e0 c\u00f4t\u00e9 des anciens aqueducs, on peut voir les nouveaux lavoirs b\u00e2tis au milieu du XXe si\u00e8cle, toujours t\u00e9moins de l\u2019importance vitale de l\u2019eau dans l\u2019histoire locale.<\/li>\n\n\n\n<li style=\"padding-top:var(--wp--preset--spacing--20);padding-bottom:var(--wp--preset--spacing--20)\"><strong><a href=\"https:\/\/lapalmaisland.com\/fr\/musee-de-la-banane-la-palma\/\">Mus\u00e9e de la banane<\/a><\/strong>. Plongez dans l\u2019histoire et l\u2019importance \u00e9conomique de la banane \u00e0 Tazacorte gr\u00e2ce \u00e0 ce mus\u00e9e unique.<br>D\u00e9couvrez son mode de culture, son traitement et son impact sur l\u2019\u00e9conomie locale.<br>Le mus\u00e9e se trouve \u00e0 proximit\u00e9 de la Hacienda de Abajo, le seul h\u00f4tel cinq \u00e9toiles de l\u2019\u00eele.<\/li>\n<\/ul>\n<\/div>\n\n\n\n<div class=\"wp-block-column is-layout-flow wp-block-column-is-layout-flow\" style=\"padding-top:var(--wp--preset--spacing--60);padding-bottom:var(--wp--preset--spacing--60)\">\n<figure class=\"wp-block-image aligncenter size-full has-custom-border\"><img loading=\"lazy\" decoding=\"async\" width=\"1024\" height=\"720\" src=\"https:\/\/lapalmaisland.com\/fr\/wp-content\/uploads\/sites\/4\/2023\/12\/san-miguel-tazacorte.webp\" alt=\"san miguel tazacorte la palma\" class=\"wp-image-721\" style=\"border-radius:15px;object-fit:cover\" srcset=\"https:\/\/lapalmaisland.com\/fr\/wp-content\/uploads\/sites\/4\/2023\/12\/san-miguel-tazacorte.webp 1024w, https:\/\/lapalmaisland.com\/fr\/wp-content\/uploads\/sites\/4\/2023\/12\/san-miguel-tazacorte-300x211.webp 300w, https:\/\/lapalmaisland.com\/fr\/wp-content\/uploads\/sites\/4\/2023\/12\/san-miguel-tazacorte-768x540.webp 768w\" sizes=\"auto, (max-width: 1024px) 100vw, 1024px\" \/><figcaption class=\"wp-element-caption\">La \u00e9glise du San Miguel Arcangel<\/figcaption><\/figure>\n\n\n\n<figure class=\"wp-block-image aligncenter size-full\"><img loading=\"lazy\" decoding=\"async\" width=\"1024\" height=\"400\" src=\"https:\/\/lapalmaisland.com\/fr\/wp-content\/uploads\/sites\/4\/2023\/12\/centre-historique-tazacorte.webp\" alt=\"tazacorte centre\" class=\"wp-image-5775\" srcset=\"https:\/\/lapalmaisland.com\/fr\/wp-content\/uploads\/sites\/4\/2023\/12\/centre-historique-tazacorte.webp 1024w, https:\/\/lapalmaisland.com\/fr\/wp-content\/uploads\/sites\/4\/2023\/12\/centre-historique-tazacorte-300x117.webp 300w, https:\/\/lapalmaisland.com\/fr\/wp-content\/uploads\/sites\/4\/2023\/12\/centre-historique-tazacorte-768x300.webp 768w\" sizes=\"auto, (max-width: 1024px) 100vw, 1024px\" \/><figcaption class=\"wp-element-caption\">Quartier d\u2019El Charco<\/figcaption><\/figure>\n<\/div>\n<\/div>\n\n\n\n<h2 class=\"wp-block-heading has-text-align-center has-ast-global-color-4-color has-ast-global-color-2-background-color has-text-color has-background has-link-color wp-elements-789c4a6af84de5d91639d24bd03bf679\" id=\"histoire\" style=\"padding-top:var(--wp--preset--spacing--30);padding-right:var(--wp--preset--spacing--30);padding-bottom:var(--wp--preset--spacing--30);padding-left:var(--wp--preset--spacing--30)\">Un pass\u00e9 plein de caract\u00e8re : l\u2019histoire de Tazacorte<\/h2>\n\n\n\n<p style=\"font-size:18px\">Aujourd\u2019hui symbole de soleil, calme et bananeraies, Tazacorte fut autrefois t\u00e9moin de moments cl\u00e9s de l\u2019histoire de La Palma.<br>De la conqu\u00eate \u00e0 son \u00e9ph\u00e9m\u00e8re ind\u00e9pendance, cette petite commune a laiss\u00e9 une empreinte ind\u00e9l\u00e9bile dans la m\u00e9moire de l\u2019\u00eele.<\/p>\n\n\n\n<h3 class=\"wp-block-heading has-ast-global-color-4-color has-ast-global-color-2-background-color has-text-color has-background has-link-color wp-elements-379521a2e942c39e9a993c15382790d4\" style=\"padding-top:var(--wp--preset--spacing--30);padding-right:var(--wp--preset--spacing--30);padding-bottom:var(--wp--preset--spacing--30);padding-left:var(--wp--preset--spacing--30)\">\u00c9v\u00e9nements historiques marquants<\/h3>\n\n\n\n<ul style=\"padding-top:var(--wp--preset--spacing--30);padding-right:var(--wp--preset--spacing--60);padding-bottom:var(--wp--preset--spacing--30);padding-left:var(--wp--preset--spacing--60);font-size:18px\" class=\"wp-block-list has-ast-global-color-7-background-color has-background\">\n<li style=\"padding-top:var(--wp--preset--spacing--20);padding-bottom:var(--wp--preset--spacing--20)\"><strong>1492 &#8211; D\u00e9but de la conqu\u00eate de La Palma.<\/strong><br>Le 29 septembre 1492, Alonso Fern\u00e1ndez de Lugo d\u00e9barque par le ravin de Las Angustias, dans l\u2019actuel port de Tazacorte, pour commencer la conqu\u00eate de l\u2019\u00eele.<\/li>\n\n\n\n<li style=\"padding-top:var(--wp--preset--spacing--20);padding-bottom:var(--wp--preset--spacing--20)\"><strong>XVIe si\u00e8cle &#8211; D\u00e9veloppement du port et exportations.<\/strong><br>Le port devient l\u2019un des plus actifs de La Palma, essentiel pour l\u2019exportation de la canne \u00e0 sucre et du vin vers l\u2019Europe et l\u2019Am\u00e9rique.<\/li>\n\n\n\n<li style=\"padding-top:var(--wp--preset--spacing--20);padding-bottom:var(--wp--preset--spacing--20)\"><strong>XVIe si\u00e8cle &#8211; Arriv\u00e9e de familles nobles.<\/strong><br>La fertilit\u00e9 des terres attire des familles ais\u00e9es qui construisent la Hacienda de Abajo et d\u2019autres demeures seigneuriales, formant le quartier d\u2019El Charco, dont le trac\u00e9 original subsiste encore.<\/li>\n\n\n\n<li style=\"padding-top:var(--wp--preset--spacing--20);padding-bottom:var(--wp--preset--spacing--20)\"><strong>Croissance urbaine \u00e0 double \u00e2me.<\/strong><br>Tandis que la noblesse s\u2019installe sur les hauteurs, les ouvriers agricoles b\u00e2tissent leurs maisons en contrebas, formant un quartier populaire et pittoresque qui a gard\u00e9 son caract\u00e8re traditionnel.<\/li>\n\n\n\n<li style=\"padding-top:var(--wp--preset--spacing--20);padding-bottom:var(--wp--preset--spacing--20)\"><strong>1919 &#8211; L\u2019essor de la banane avec Fyffes Limited.<\/strong><br>L\u2019entreprise britannique loue des terrains et modernise la culture du bananier, stimulant fortement l\u2019\u00e9conomie locale.<br>Dans les ann\u00e9es 1920, 70 % de la population travaille dans cette industrie.<\/li>\n\n\n\n<li style=\"padding-top:var(--wp--preset--spacing--20);padding-bottom:var(--wp--preset--spacing--20)\"><strong>1925 &#8211; Ind\u00e9pendance symbolique d\u2019Espagne.<\/strong><br>Dans un geste de protestation, Tazacorte d\u00e9clare son ind\u00e9pendance pendant trois jours.<br>Les habitants, arm\u00e9s de fusils de chasse, emp\u00eachent l\u2019acc\u00e8s au village jusqu\u2019\u00e0 ce qu\u2019un navire de guerre espagnol mette fin \u00e0 la r\u00e9volte.<\/li>\n\n\n\n<li style=\"padding-top:var(--wp--preset--spacing--20);padding-bottom:var(--wp--preset--spacing--20)\"><strong>2000 &#8211; Inauguration du port moderne de Tazacorte.<\/strong><br>Deuxi\u00e8me port officiel de La Palma, apr\u00e8s celui de Santa Cruz, il est aujourd\u2019hui un p\u00f4le touristique majeur, offrant plong\u00e9e, sports nautiques et excursions en bateau pour observer dauphins et baleines.<\/li>\n<\/ul>\n\n\n\n<h2 class=\"wp-block-heading has-text-align-center has-ast-global-color-4-color has-ast-global-color-2-background-color has-text-color has-background has-link-color wp-elements-331ea7450b4d9c06a80ddf5402f7be38\" id=\"journee\" style=\"padding-top:var(--wp--preset--spacing--30);padding-right:var(--wp--preset--spacing--30);padding-bottom:var(--wp--preset--spacing--30);padding-left:var(--wp--preset--spacing--30)\">Que faire en une journ\u00e9e \u00e0 Tazacorte : port, plage et bien plus encore<\/h2>\n\n\n\n<p style=\"font-size:18px\">Passer une journ\u00e9e \u00e0 Tazacorte, c\u2019est <strong>combiner histoire, nature, mer et saveurs locales.<\/strong><\/p>\n\n\n\n<p style=\"font-size:18px\">Commencez la <strong>matin\u00e9e par une promenade dans le centre historique<\/strong>, notamment dans le pittoresque <strong>quartier d\u2019El Charco<\/strong>, avec ses maisons color\u00e9es, ses rues paisibles et ses places anim\u00e9es.<br>C\u2019est l\u2019endroit parfait pour fl\u00e2ner tranquillement et s\u2019arr\u00eater sur une terrasse pour d\u00e9guster un caf\u00e9 dans une ambiance authentique.<\/p>\n\n\n\n<p style=\"font-size:18px\"><strong>Ensuite, descendez jusqu\u2019au port de Tazacorte<\/strong>, o\u00f9 vous pourrez embarquer pour une<strong><a href=\"https:\/\/lapalmaisland.com\/fr\/baleines-et-dauphins-tour-la-palma\/\"> excursion en mer \u00e0 la rencontre des dauphins et baleines<\/a>, ou simplement profiter d\u2019une balade en bateau le long de la spectaculaire c\u00f4te ouest de l\u2019\u00eele.<\/strong><\/p>\n\n\n\n<div class=\"wp-block-columns is-layout-flex wp-container-core-columns-is-layout-28f84493 wp-block-columns-is-layout-flex\">\n<div class=\"wp-block-column is-layout-flow wp-block-column-is-layout-flow\">\n<p style=\"font-size:18px\"><strong>L\u2019apr\u00e8s-midi, accordez-vous quelques heures de d\u00e9tente sur la<a href=\"https:\/\/lapalmaisland.com\/fr\/tazacorte-plage\/\"> Plage de Tazacorte<\/a>.<\/strong><br>Son sable volcanique noir, ses eaux calmes et son climat ensoleill\u00e9 invitent \u00e0 la baignade, au repos ou simplement \u00e0 la contemplation de l\u2019horizon.<\/p>\n\n\n\n<p style=\"font-size:18px\"><strong>Et pour terminer la journ\u00e9e en beaut\u00e9, rien de mieux qu\u2019un d\u00eener face \u00e0 la mer, en admirant le coucher de soleil sur l\u2019Atlantique<\/strong>.<br>Tazacorte offre certains des plus <strong>beaux couchers de soleil de La Palma <\/strong>: un spectacle inoubliable \u00e0 savourer autour d\u2019un verre de <a href=\"https:\/\/lapalmaisland.com\/fr\/vins-de-la-palma\/\">vin local<\/a>.<\/p>\n<\/div>\n\n\n\n<div class=\"wp-block-column is-layout-flow wp-block-column-is-layout-flow\">\n<div class=\"wp-block-columns has-ast-global-color-3-background-color has-background is-layout-flex wp-container-core-columns-is-layout-28f84493 wp-block-columns-is-layout-flex\" style=\"border-radius:15px\">\n<div class=\"wp-block-column has-ast-global-color-3-background-color has-background is-layout-flow wp-block-column-is-layout-flow\" style=\"padding-top:var(--wp--preset--spacing--70);padding-bottom:var(--wp--preset--spacing--70);flex-basis:33.33%\">\n<h2 class=\"wp-block-heading has-text-align-center has-ast-global-color-4-color has-vivid-green-cyan-background-color has-text-color has-background\" style=\"padding-top:var(--wp--preset--spacing--30);padding-right:var(--wp--preset--spacing--30);padding-bottom:var(--wp--preset--spacing--30);padding-left:var(--wp--preset--spacing--30);font-size:25px\">M\u00e9t\u00e9o \u00e0 Tazacorte<\/h2>\n<\/div>\n\n\n\n<div class=\"wp-block-column is-layout-flow wp-block-column-is-layout-flow\" style=\"flex-basis:66.66%\">\n<div style=\"display: flex; justify-content: center; align-items: center; width: 100%;\"><div id=\"tiempo_aa919972b85464cecb97247a6f4c334b\"> <div><\/div><div> <img loading=\"lazy\" decoding=\"async\" src=\"\/\/www.tiempo.es\/build\/img\/logo\/tiempo133.png\" width=\"80\" height=\"18\" alt=\"tiempo.es\"> <\/div> <script type=\"text\/javascript\" src=\"\/\/www.tiempo.es\/widload\/es\/ver\/300\/340\/110\/es0st0045\/aa919972b85464cecb97247a6f4c334b.js\"><\/script> <\/div><\/div>\n<\/div>\n<\/div>\n<\/div>\n<\/div>\n\n\n\n<div class=\"wp-block-columns is-layout-flex wp-container-core-columns-is-layout-28f84493 wp-block-columns-is-layout-flex\">\n<div class=\"wp-block-column is-layout-flow wp-block-column-is-layout-flow\">\n<p class=\"has-text-align-center has-ast-global-color-2-background-color has-background\"><strong><mark style=\"background-color:rgba(0, 0, 0, 0)\" class=\"has-inline-color has-ast-global-color-5-color\">TON<\/mark><\/strong> <strong><mark style=\"background-color:rgba(0, 0, 0, 0)\" class=\"has-inline-color has-ast-global-color-5-color\">EXP\u00c9RIENCE<\/mark> <mark style=\"background-color:rgba(0, 0, 0, 0);color:#fcb900\" class=\"has-inline-color\">BRILLE ICI<\/mark><\/strong><\/p>\n\n\n\n<p class=\"has-text-align-center\">Si tu as visit\u00e9 cet endroit, partage ton ressenti et laisse une trace de ton passage. Aide d\u2019autres voyageurs \u00e0 d\u00e9couvrir la beaut\u00e9 authentique de La Palma.<\/p>\n\n\n\n\n\n\n<p class=\"has-text-align-right has-small-font-size\">L\u2019\u00e9valuation est totalement anonyme.<\/p>\n<\/div>\n<\/div>\n\n\n\n<h2 class=\"wp-block-heading has-text-align-center has-ast-global-color-4-color has-ast-global-color-2-background-color has-text-color has-background has-link-color wp-elements-aaa0b5a24f8f9d9b953f33e66fa404e6\" id=\"fetes\" style=\"padding-top:var(--wp--preset--spacing--30);padding-right:var(--wp--preset--spacing--30);padding-bottom:var(--wp--preset--spacing--30);padding-left:var(--wp--preset--spacing--30)\">Vie culturelle et festive<\/h2>\n\n\n\n<p style=\"font-size:18px\">Tout au long de l\u2019\u00e9t\u00e9, Tazacorte se transforme en un lieu vibrant, o\u00f9 musique et gastronomie se rencontrent dans des \u00e9v\u00e9nements qui attirent chaque ann\u00e9e davantage de visiteurs.<\/p>\n\n\n\n<p style=\"font-size:18px\">Parmi les plus populaires :<\/p>\n\n\n\n<ul style=\"padding-top:var(--wp--preset--spacing--30);padding-right:var(--wp--preset--spacing--60);padding-bottom:var(--wp--preset--spacing--30);padding-left:var(--wp--preset--spacing--60);font-size:18px\" class=\"wp-block-list has-ast-global-color-7-background-color has-background\">\n<li style=\"padding-top:var(--wp--preset--spacing--20);padding-bottom:var(--wp--preset--spacing--20)\">Le <strong>Summer Fest<\/strong>, un rendez-vous incontournable pour les amateurs de musique.<\/li>\n\n\n\n<li style=\"padding-top:var(--wp--preset--spacing--20);padding-bottom:var(--wp--preset--spacing--20)\">La <strong>F\u00eate de la Morena<\/strong>, c\u00e9l\u00e9br\u00e9e le 15 ao\u00fbt, une f\u00eate de plage traditionnelle pleine d\u2019ambiance et de convivialit\u00e9.<\/li>\n<\/ul>\n\n\n\n<p style=\"font-size:18px\">Mais Tazacorte, c\u2019est aussi un village profond\u00e9ment attach\u00e9 \u00e0 ses traditions.<br>L\u2019un de ses \u00e9v\u00e9nements les plus attendus est <a href=\"https:\/\/lapalmaisland.com\/fr\/caballos-fufos\/\">Los Caballos Fufos<\/a>, une f\u00eate centenaire c\u00e9l\u00e9br\u00e9e en septembre pendant les <strong>f\u00eates patronales<\/strong> de <strong>San Miguel Arc\u00e1ngel.<\/strong><br>Durant ce spectacle color\u00e9, les rues s\u2019animent de figures de chevaux construites en roseaux et papier d\u00e9cor\u00e9, guid\u00e9es par des danseurs au rythme de la musique et de la joie populaire.<\/p>\n\n\n\n<p style=\"font-size:18px\">En plus de ses racines culturelles, Tazacorte est devenu un symbole d\u2019ouverture et de diversit\u00e9.<br>Chaque mois de juillet, la commune accueille le <a href=\"https:\/\/lapalmaisland.com\/fr\/isla-bonita-love-festival\/\">Love Festival<\/a>, un <strong>\u00e9v\u00e9nement majeur dans la d\u00e9fense des droits LGTBIQ+ \u00e0 La Palma<\/strong>.<br>\u00c0 travers des concerts, expositions et un grand spectacle final, cette c\u00e9l\u00e9bration promeut l\u2019inclusion, la libert\u00e9 et le respect.<\/p>\n\n\n\n<figure class=\"wp-block-image aligncenter size-large\"><img loading=\"lazy\" decoding=\"async\" width=\"1024\" height=\"341\" src=\"https:\/\/lapalmaisland.com\/fr\/wp-content\/uploads\/sites\/4\/2023\/12\/logo-fetes-fr-1024x341.webp\" alt=\"logo fetes la palma\" class=\"wp-image-5034\" srcset=\"https:\/\/lapalmaisland.com\/fr\/wp-content\/uploads\/sites\/4\/2023\/12\/logo-fetes-fr-1024x341.webp 1024w, https:\/\/lapalmaisland.com\/fr\/wp-content\/uploads\/sites\/4\/2023\/12\/logo-fetes-fr-300x100.webp 300w, https:\/\/lapalmaisland.com\/fr\/wp-content\/uploads\/sites\/4\/2023\/12\/logo-fetes-fr-768x256.webp 768w, https:\/\/lapalmaisland.com\/fr\/wp-content\/uploads\/sites\/4\/2023\/12\/logo-fetes-fr.webp 1200w\" sizes=\"auto, (max-width: 1024px) 100vw, 1024px\" \/><\/figure>\n\n\n\n<p style=\"font-size:18px\"><a href=\"https:\/\/lapalmaisland.com\/fr\/calendrier-des-fetes-et-evenements-a-la-palma\/\">\u2192 Consultez le calendrier local pour d\u00e9couvrir les prochaines festivit\u00e9s et \u00e9v\u00e9nements \u00e0 Tazacorte<\/a><\/p>\n<\/div>\n<\/div>\n<\/div>\n\n\n\n<div style=\"height:20px\" aria-hidden=\"true\" class=\"wp-block-spacer\"><\/div>\n\n\n\n<h2 class=\"wp-block-heading has-text-align-center has-ast-global-color-4-color has-ast-global-color-2-background-color has-text-color has-background has-link-color wp-elements-ca739c017e4f716676757b1351203c06\" style=\"padding-top:var(--wp--preset--spacing--30);padding-right:var(--wp--preset--spacing--30);padding-bottom:var(--wp--preset--spacing--30);padding-left:var(--wp--preset--spacing--30)\">Questions fr\u00e9quentes sur Tazacorte (La Palma)<\/h2>\n\n\n<div class=\"wp-block-uagb-faq uagb-faq__outer-wrap uagb-block-e28f4a81 uagb-faq-icon-row uagb-faq-layout-grid uagb-faq-expand-first-true uagb-faq-inactive-other-true uagb-faq__wrap uagb-buttons-layout-wrap uagb-faq-equal-height     \" data-faqtoggle=\"true\" role=\"tablist\"><div class=\"wp-block-uagb-faq-child uagb-faq-child__outer-wrap uagb-faq-item uagb-block-f282694b \" role=\"tab\" tabindex=\"0\"><div class=\"uagb-faq-questions-button uagb-faq-questions\"><span class=\"uagb-question\"><strong>Tazacorte est-elle un bon endroit o\u00f9 s\u00e9journer pendant les vacances ?<\/strong><\/span><\/div><div class=\"uagb-faq-content\"><p>Oui, surtout si vous recherchez soleil, tranquillit\u00e9 et proximit\u00e9 avec la mer ainsi qu\u2019avec des sentiers de randonn\u00e9e.<br>C\u2019est une base id\u00e9ale pour explorer la c\u00f4te ouest de La Palma.<\/p><\/div><\/div><div class=\"wp-block-uagb-faq-child uagb-faq-child__outer-wrap uagb-faq-item uagb-block-48fbff7c \" role=\"tab\" tabindex=\"0\"><div class=\"uagb-faq-questions-button uagb-faq-questions\"><span class=\"uagb-question\"><strong>Peut-on visiter le centre historique \u00e0 pied ?<\/strong><\/span><\/div><div class=\"uagb-faq-content\"><p>Absolument. Le centre de Tazacorte est petit et se d\u00e9couvre facilement \u00e0 pied.<br>Ses rues pav\u00e9es, ses places ombrag\u00e9es et son architecture traditionnelle invitent \u00e0 la promenade sans h\u00e2te.<\/p><\/div><\/div><div class=\"wp-block-uagb-faq-child uagb-faq-child__outer-wrap uagb-faq-item uagb-block-b62056a9 \" role=\"tab\" tabindex=\"0\"><div class=\"uagb-faq-questions-button uagb-faq-questions\"><span class=\"uagb-question\"><strong>Comment rejoindre Tazacorte en transports publics ?<\/strong><\/span><\/div><div class=\"uagb-faq-content\"><p>Depuis Los Llanos de Aridane, plusieurs guaguas (bus) circulent chaque jour vers Tazacorte (lignes 27 et 29).<br>Vous pouvez \u00e9galement vous y rendre en taxi ou en voiture de location.<\/p><\/div><\/div><div class=\"wp-block-uagb-faq-child uagb-faq-child__outer-wrap uagb-faq-item uagb-block-b551aa1a \" id=\"playasseguras\"role=\"tab\" tabindex=\"0\"><div class=\"uagb-faq-questions-button uagb-faq-questions\"><span class=\"uagb-question\"><strong>\u00c0 quelle distance se trouve la plage du village ? Peut-on y aller \u00e0 pied ?<\/strong><\/span><\/div><div class=\"uagb-faq-content\"><p>Oui. La Plage de Tazacorte se situe \u00e0 environ 2 km du centre historique, soit 25 minutes \u00e0 pied.<br>Le parcours est simple, mais partiellement en descente (ou mont\u00e9e au retour), donc mieux vaut porter des chaussures confortables, surtout par temps chaud.<\/p><\/div><\/div><\/div>\n\n\n<div style=\"height:30px\" aria-hidden=\"true\" class=\"wp-block-spacer\"><\/div>\n\n\n\n<div class=\"wp-block-uagb-social-share uagb-social-share__outer-wrap uagb-social-share__layout-horizontal uagb-block-4446023f\">\n<div class=\"wp-block-uagb-social-share-child uagb-ss-repeater uagb-ss__wrapper uagb-block-a042eff1\"><span class=\"uagb-ss__link\" data-href=\"https:\/\/www.facebook.com\/sharer.php?u=\" tabindex=\"0\" role=\"button\" aria-label=\"facebook\"><span class=\"uagb-ss__source-wrap\"><span class=\"uagb-ss__source-icon\"><svg xmlns=\"https:\/\/www.w3.org\/2000\/svg\" viewBox=\"0 0 512 512\"><path d=\"M504 256C504 119 393 8 256 8S8 119 8 256c0 123.8 90.69 226.4 209.3 245V327.7h-63V256h63v-54.64c0-62.15 37-96.48 93.67-96.48 27.14 0 55.52 4.84 55.52 4.84v61h-31.28c-30.8 0-40.41 19.12-40.41 38.73V256h68.78l-11 71.69h-57.78V501C413.3 482.4 504 379.8 504 256z\"><\/path><\/svg><\/span><\/span><\/span><\/div>\n\n\n\n<div class=\"wp-block-uagb-social-share-child uagb-ss-repeater uagb-ss__wrapper uagb-block-b37997d8\"><span class=\"uagb-ss__link\" data-href=\"https:\/\/twitter.com\/share?url=\" tabindex=\"0\" role=\"button\" aria-label=\"twitter\"><span class=\"uagb-ss__source-wrap\"><span class=\"uagb-ss__source-icon\"><svg xmlns=\"https:\/\/www.w3.org\/2000\/svg\" viewBox=\"0 0 448 512\"><path d=\"M400 32H48C21.5 32 0 53.5 0 80v352c0 26.5 21.5 48 48 48h352c26.5 0 48-21.5 48-48V80c0-26.5-21.5-48-48-48zm-48.9 158.8c.2 2.8 .2 5.7 .2 8.5 0 86.7-66 186.6-186.6 186.6-37.2 0-71.7-10.8-100.7-29.4 5.3 .6 10.4 .8 15.8 .8 30.7 0 58.9-10.4 81.4-28-28.8-.6-53-19.5-61.3-45.5 10.1 1.5 19.2 1.5 29.6-1.2-30-6.1-52.5-32.5-52.5-64.4v-.8c8.7 4.9 18.9 7.9 29.6 8.3a65.45 65.45 0 0 1 -29.2-54.6c0-12.2 3.2-23.4 8.9-33.1 32.3 39.8 80.8 65.8 135.2 68.6-9.3-44.5 24-80.6 64-80.6 18.9 0 35.9 7.9 47.9 20.7 14.8-2.8 29-8.3 41.6-15.8-4.9 15.2-15.2 28-28.8 36.1 13.2-1.4 26-5.1 37.8-10.2-8.9 13.1-20.1 24.7-32.9 34z\"><\/path><\/svg><\/span><\/span><\/span><\/div>\n\n\n\n<div class=\"wp-block-uagb-social-share-child uagb-ss-repeater uagb-ss__wrapper uagb-block-fdfff850\"><span class=\"uagb-ss__link\" data-href=\"https:\/\/pinterest.com\/pin\/create\/link\/?url=\" tabindex=\"0\" role=\"button\" aria-label=\"pinterest\"><span class=\"uagb-ss__source-wrap\"><span class=\"uagb-ss__source-icon\"><svg xmlns=\"https:\/\/www.w3.org\/2000\/svg\" viewBox=\"0 0 448 512\"><path d=\"M448 80v352c0 26.5-21.5 48-48 48H154.4c9.8-16.4 22.4-40 27.4-59.3 3-11.5 15.3-58.4 15.3-58.4 8 15.3 31.4 28.2 56.3 28.2 74.1 0 127.4-68.1 127.4-152.7 0-81.1-66.2-141.8-151.4-141.8-106 0-162.2 71.1-162.2 148.6 0 36 19.2 80.8 49.8 95.1 4.7 2.2 7.1 1.2 8.2-3.3 .8-3.4 5-20.1 6.8-27.8 .6-2.5 .3-4.6-1.7-7-10.1-12.3-18.3-34.9-18.3-56 0-54.2 41-106.6 110.9-106.6 60.3 0 102.6 41.1 102.6 99.9 0 66.4-33.5 112.4-77.2 112.4-24.1 0-42.1-19.9-36.4-44.4 6.9-29.2 20.3-60.7 20.3-81.8 0-53-75.5-45.7-75.5 25 0 21.7 7.3 36.5 7.3 36.5-31.4 132.8-36.1 134.5-29.6 192.6l2.2 .8H48c-26.5 0-48-21.5-48-48V80c0-26.5 21.5-48 48-48h352c26.5 0 48 21.5 48 48z\"><\/path><\/svg><\/span><\/span><\/span><\/div>\n\n\n\n<div class=\"wp-block-uagb-social-share-child uagb-ss-repeater uagb-ss__wrapper uagb-block-4b0c0f4f\"><span class=\"uagb-ss__link\" data-href=\"https:\/\/www.linkedin.com\/shareArticle?url=\" tabindex=\"0\" role=\"button\" aria-label=\"linkedin\"><span class=\"uagb-ss__source-wrap\"><span class=\"uagb-ss__source-icon\"><svg xmlns=\"https:\/\/www.w3.org\/2000\/svg\" viewBox=\"0 0 448 512\"><path d=\"M416 32H31.9C14.3 32 0 46.5 0 64.3v383.4C0 465.5 14.3 480 31.9 480H416c17.6 0 32-14.5 32-32.3V64.3c0-17.8-14.4-32.3-32-32.3zM135.4 416H69V202.2h66.5V416zm-33.2-243c-21.3 0-38.5-17.3-38.5-38.5S80.9 96 102.2 96c21.2 0 38.5 17.3 38.5 38.5 0 21.3-17.2 38.5-38.5 38.5zm282.1 243h-66.4V312c0-24.8-.5-56.7-34.5-56.7-34.6 0-39.9 27-39.9 54.9V416h-66.4V202.2h63.7v29.2h.9c8.9-16.8 30.6-34.5 62.9-34.5 67.2 0 79.7 44.3 79.7 101.9V416z\"><\/path><\/svg><\/span><\/span><\/span><\/div>\n\n\n\n<div class=\"wp-block-uagb-social-share-child uagb-ss-repeater uagb-ss__wrapper uagb-block-62523f5b\"><span class=\"uagb-ss__link\" data-href=\"https:\/\/telegram.me\/share\/url?url=\" tabindex=\"0\" role=\"button\" aria-label=\"telegram\"><span class=\"uagb-ss__source-wrap\"><span class=\"uagb-ss__source-icon\"><svg xmlns=\"https:\/\/www.w3.org\/2000\/svg\" viewBox=\"0 0 496 512\"><path d=\"M248 8C111 8 0 119 0 256S111 504 248 504 496 392.1 496 256 384.1 8 248 8zM362.1 176.7c-3.732 39.22-19.88 134.4-28.1 178.3-3.476 18.58-10.32 24.82-16.95 25.42-14.4 1.326-25.34-9.517-39.29-18.66-21.83-14.31-34.16-23.22-55.35-37.18-24.49-16.14-8.612-25 5.342-39.5 3.652-3.793 67.11-61.51 68.33-66.75 .153-.655 .3-3.1-1.154-4.384s-3.59-.849-5.135-.5q-3.283 .746-104.6 69.14-14.85 10.19-26.89 9.934c-8.855-.191-25.89-5.006-38.55-9.123-15.53-5.048-27.88-7.717-26.8-16.29q.84-6.7 18.45-13.7 108.4-47.25 144.6-62.3c68.87-28.65 83.18-33.62 92.51-33.79 2.052-.034 6.639 .474 9.61 2.885a10.45 10.45 0 0 1 3.53 6.716A43.76 43.76 0 0 1 362.1 176.7z\"><\/path><\/svg><\/span><\/span><\/span><\/div>\n\n\n\n<div class=\"wp-block-uagb-social-share-child uagb-ss-repeater uagb-ss__wrapper uagb-block-2d9c7c52\"><span class=\"uagb-ss__link\" data-href=\"https:\/\/api.whatsapp.com\/send?text=\" tabindex=\"0\" role=\"button\" aria-label=\"whatsapp\"><span class=\"uagb-ss__source-wrap\"><span class=\"uagb-ss__source-icon\"><svg xmlns=\"https:\/\/www.w3.org\/2000\/svg\" viewBox=\"0 0 448 512\"><path d=\"M380.9 97.1C339 55.1 283.2 32 223.9 32c-122.4 0-222 99.6-222 222 0 39.1 10.2 77.3 29.6 111L0 480l117.7-30.9c32.4 17.7 68.9 27 106.1 27h.1c122.3 0 224.1-99.6 224.1-222 0-59.3-25.2-115-67.1-157zm-157 341.6c-33.2 0-65.7-8.9-94-25.7l-6.7-4-69.8 18.3L72 359.2l-4.4-7c-18.5-29.4-28.2-63.3-28.2-98.2 0-101.7 82.8-184.5 184.6-184.5 49.3 0 95.6 19.2 130.4 54.1 34.8 34.9 56.2 81.2 56.1 130.5 0 101.8-84.9 184.6-186.6 184.6zm101.2-138.2c-5.5-2.8-32.8-16.2-37.9-18-5.1-1.9-8.8-2.8-12.5 2.8-3.7 5.6-14.3 18-17.6 21.8-3.2 3.7-6.5 4.2-12 1.4-32.6-16.3-54-29.1-75.5-66-5.7-9.8 5.7-9.1 16.3-30.3 1.8-3.7 .9-6.9-.5-9.7-1.4-2.8-12.5-30.1-17.1-41.2-4.5-10.8-9.1-9.3-12.5-9.5-3.2-.2-6.9-.2-10.6-.2-3.7 0-9.7 1.4-14.8 6.9-5.1 5.6-19.4 19-19.4 46.3 0 27.3 19.9 53.7 22.6 57.4 2.8 3.7 39.1 59.7 94.8 83.8 35.2 15.2 49 16.5 66.6 13.9 10.7-1.6 32.8-13.4 37.4-26.4 4.6-13 4.6-24.1 3.2-26.4-1.3-2.5-5-3.9-10.5-6.6z\"><\/path><\/svg><\/span><\/span><\/span><\/div>\n<\/div>\n","protected":false},"excerpt":{"rendered":"<p>Explorez Tazacorte La Palma, une destination ensoleill\u00e9e avec des plages dor\u00e9es, une culture riche et un patrimoine historique fascinant.<\/p>\n","protected":false},"author":1,"featured_media":4405,"comment_status":"closed","ping_status":"open","sticky":false,"template":"","format":"standard","meta":{"_uag_custom_page_level_css":"","site-sidebar-layout":"default","site-content-layout":"","ast-site-content-layout":"default","site-content-style":"default","site-sidebar-style":"default","ast-global-header-display":"","ast-banner-title-visibility":"","ast-main-header-display":"","ast-hfb-above-header-display":"","ast-hfb-below-header-display":"","ast-hfb-mobile-header-display":"","site-post-title":"","ast-breadcrumbs-content":"","ast-featured-img":"disabled","footer-sml-layout":"","ast-disable-related-posts":"","theme-transparent-header-meta":"","adv-header-id-meta":"","stick-header-meta":"","header-above-stick-meta":"","header-main-stick-meta":"","header-below-stick-meta":"","astra-migrate-meta-layouts":"set","ast-page-background-enabled":"default","ast-page-background-meta":{"desktop":{"background-color":"var(--ast-global-color-4)","background-image":"","background-repeat":"repeat","background-position":"center center","background-size":"auto","background-attachment":"scroll","background-type":"","background-media":"","overlay-type":"","overlay-color":"","overlay-opacity":"","overlay-gradient":""},"tablet":{"background-color":"","background-image":"","background-repeat":"repeat","background-position":"center center","background-size":"auto","background-attachment":"scroll","background-type":"","background-media":"","overlay-type":"","overlay-color":"","overlay-opacity":"","overlay-gradient":""},"mobile":{"background-color":"","background-image":"","background-repeat":"repeat","background-position":"center center","background-size":"auto","background-attachment":"scroll","background-type":"","background-media":"","overlay-type":"","overlay-color":"","overlay-opacity":"","overlay-gradient":""}},"ast-content-background-meta":{"desktop":{"background-color":"var(--ast-global-color-5)","background-image":"","background-repeat":"repeat","background-position":"center center","background-size":"auto","background-attachment":"scroll","background-type":"","background-media":"","overlay-type":"","overlay-color":"","overlay-opacity":"","overlay-gradient":""},"tablet":{"background-color":"var(--ast-global-color-5)","background-image":"","background-repeat":"repeat","background-position":"center center","background-size":"auto","background-attachment":"scroll","background-type":"","background-media":"","overlay-type":"","overlay-color":"","overlay-opacity":"","overlay-gradient":""},"mobile":{"background-color":"var(--ast-global-color-5)","background-image":"","background-repeat":"repeat","background-position":"center center","background-size":"auto","background-attachment":"scroll","background-type":"","background-media":"","overlay-type":"","overlay-color":"","overlay-opacity":"","overlay-gradient":""}},"footnotes":""},"categories":[118],"tags":[],"class_list":["post-719","post","type-post","status-publish","format-standard","has-post-thumbnail","hentry","category-municipalites"],"yoast_head":"<!-- This site is optimized with the Yoast SEO plugin v27.4 - https:\/\/yoast.com\/product\/yoast-seo-wordpress\/ -->\n<title>TAZACORTE LA PALMA - Entre bananiers et plages<\/title>\n<meta name=\"description\" content=\"Visitez Tazacorte La Palma : un m\u00e9lange captivant de plages ensoleill\u00e9es, de patrimoine culturel et de vues imprenables sur l&#039;oc\u00e9an.\" \/>\n<meta name=\"robots\" content=\"index, follow, max-snippet:-1, max-image-preview:large, max-video-preview:-1\" \/>\n<link rel=\"canonical\" href=\"https:\/\/lapalmaisland.com\/fr\/tazacorte-la-palma\/\" \/>\n<meta property=\"og:locale\" content=\"fr_FR\" \/>\n<meta property=\"og:type\" content=\"article\" \/>\n<meta property=\"og:title\" content=\"TAZACORTE LA PALMA - Entre bananiers et plages\" \/>\n<meta property=\"og:description\" content=\"Visitez Tazacorte La Palma : un m\u00e9lange captivant de plages ensoleill\u00e9es, de patrimoine culturel et de vues imprenables sur l&#039;oc\u00e9an.\" \/>\n<meta property=\"og:url\" content=\"https:\/\/lapalmaisland.com\/fr\/tazacorte-la-palma\/\" \/>\n<meta property=\"og:site_name\" content=\"La Palma \u00cele\" \/>\n<meta property=\"article:published_time\" content=\"2023-12-04T10:40:39+00:00\" \/>\n<meta property=\"article:modified_time\" content=\"2025-11-28T16:47:55+00:00\" \/>\n<meta property=\"og:image\" content=\"https:\/\/lapalmaisland.com\/fr\/wp-content\/uploads\/sites\/4\/2023\/12\/centre-historique-de-Tazacorte.webp\" \/>\n\t<meta property=\"og:image:width\" content=\"1024\" \/>\n\t<meta property=\"og:image:height\" content=\"720\" \/>\n\t<meta property=\"og:image:type\" content=\"image\/webp\" \/>\n<meta name=\"author\" content=\"La Palma island\" \/>\n<meta name=\"twitter:card\" content=\"summary_large_image\" \/>\n<meta name=\"twitter:label1\" content=\"\u00c9crit par\" \/>\n\t<meta name=\"twitter:data1\" content=\"La Palma island\" \/>\n\t<meta name=\"twitter:label2\" content=\"Dur\u00e9e de lecture estim\u00e9e\" \/>\n\t<meta name=\"twitter:data2\" content=\"8 minutes\" \/>\n<script type=\"application\/ld+json\" class=\"yoast-schema-graph\">{\"@context\":\"https:\\\/\\\/schema.org\",\"@graph\":[{\"@type\":\"Article\",\"@id\":\"https:\\\/\\\/lapalmaisland.com\\\/fr\\\/tazacorte-la-palma\\\/#article\",\"isPartOf\":{\"@id\":\"https:\\\/\\\/lapalmaisland.com\\\/fr\\\/tazacorte-la-palma\\\/\"},\"author\":{\"name\":\"La Palma island\",\"@id\":\"https:\\\/\\\/lapalmaisland.com\\\/fr\\\/#\\\/schema\\\/person\\\/d22befbeabeee2669fa56b89d4a34675\"},\"headline\":\"Tazacorte\",\"datePublished\":\"2023-12-04T10:40:39+00:00\",\"dateModified\":\"2025-11-28T16:47:55+00:00\",\"mainEntityOfPage\":{\"@id\":\"https:\\\/\\\/lapalmaisland.com\\\/fr\\\/tazacorte-la-palma\\\/\"},\"wordCount\":1451,\"publisher\":{\"@id\":\"https:\\\/\\\/lapalmaisland.com\\\/fr\\\/#organization\"},\"image\":{\"@id\":\"https:\\\/\\\/lapalmaisland.com\\\/fr\\\/tazacorte-la-palma\\\/#primaryimage\"},\"thumbnailUrl\":\"https:\\\/\\\/lapalmaisland.com\\\/fr\\\/wp-content\\\/uploads\\\/sites\\\/4\\\/2023\\\/12\\\/centre-historique-de-Tazacorte.webp\",\"articleSection\":[\"Municipalit\u00e9s\"],\"inLanguage\":\"fr-FR\"},{\"@type\":\"WebPage\",\"@id\":\"https:\\\/\\\/lapalmaisland.com\\\/fr\\\/tazacorte-la-palma\\\/\",\"url\":\"https:\\\/\\\/lapalmaisland.com\\\/fr\\\/tazacorte-la-palma\\\/\",\"name\":\"TAZACORTE LA PALMA - Entre bananiers et plages\",\"isPartOf\":{\"@id\":\"https:\\\/\\\/lapalmaisland.com\\\/fr\\\/#website\"},\"primaryImageOfPage\":{\"@id\":\"https:\\\/\\\/lapalmaisland.com\\\/fr\\\/tazacorte-la-palma\\\/#primaryimage\"},\"image\":{\"@id\":\"https:\\\/\\\/lapalmaisland.com\\\/fr\\\/tazacorte-la-palma\\\/#primaryimage\"},\"thumbnailUrl\":\"https:\\\/\\\/lapalmaisland.com\\\/fr\\\/wp-content\\\/uploads\\\/sites\\\/4\\\/2023\\\/12\\\/centre-historique-de-Tazacorte.webp\",\"datePublished\":\"2023-12-04T10:40:39+00:00\",\"dateModified\":\"2025-11-28T16:47:55+00:00\",\"description\":\"Visitez Tazacorte La Palma : un m\u00e9lange captivant de plages ensoleill\u00e9es, de patrimoine culturel et de vues imprenables sur l'oc\u00e9an.\",\"breadcrumb\":{\"@id\":\"https:\\\/\\\/lapalmaisland.com\\\/fr\\\/tazacorte-la-palma\\\/#breadcrumb\"},\"inLanguage\":\"fr-FR\",\"potentialAction\":[{\"@type\":\"ReadAction\",\"target\":[\"https:\\\/\\\/lapalmaisland.com\\\/fr\\\/tazacorte-la-palma\\\/\"]}]},{\"@type\":\"ImageObject\",\"inLanguage\":\"fr-FR\",\"@id\":\"https:\\\/\\\/lapalmaisland.com\\\/fr\\\/tazacorte-la-palma\\\/#primaryimage\",\"url\":\"https:\\\/\\\/lapalmaisland.com\\\/fr\\\/wp-content\\\/uploads\\\/sites\\\/4\\\/2023\\\/12\\\/centre-historique-de-Tazacorte.webp\",\"contentUrl\":\"https:\\\/\\\/lapalmaisland.com\\\/fr\\\/wp-content\\\/uploads\\\/sites\\\/4\\\/2023\\\/12\\\/centre-historique-de-Tazacorte.webp\",\"width\":1024,\"height\":720,\"caption\":\"centre historique de Tazacorte a la palma\"},{\"@type\":\"BreadcrumbList\",\"@id\":\"https:\\\/\\\/lapalmaisland.com\\\/fr\\\/tazacorte-la-palma\\\/#breadcrumb\",\"itemListElement\":[{\"@type\":\"ListItem\",\"position\":1,\"name\":\"Portada\",\"item\":\"https:\\\/\\\/lapalmaisland.com\\\/fr\\\/\"},{\"@type\":\"ListItem\",\"position\":2,\"name\":\"Tazacorte\"}]},{\"@type\":\"WebSite\",\"@id\":\"https:\\\/\\\/lapalmaisland.com\\\/fr\\\/#website\",\"url\":\"https:\\\/\\\/lapalmaisland.com\\\/fr\\\/\",\"name\":\"La Palma \u00cele\",\"description\":\"D\u00e9couvrez l&#039;\u00eele fascinante de La Palma : informations \u00e0 jour, guide touristique et activit\u00e9s pour une exp\u00e9rience inoubliable.\",\"publisher\":{\"@id\":\"https:\\\/\\\/lapalmaisland.com\\\/fr\\\/#organization\"},\"potentialAction\":[{\"@type\":\"SearchAction\",\"target\":{\"@type\":\"EntryPoint\",\"urlTemplate\":\"https:\\\/\\\/lapalmaisland.com\\\/fr\\\/?s={search_term_string}\"},\"query-input\":{\"@type\":\"PropertyValueSpecification\",\"valueRequired\":true,\"valueName\":\"search_term_string\"}}],\"inLanguage\":\"fr-FR\"},{\"@type\":\"Organization\",\"@id\":\"https:\\\/\\\/lapalmaisland.com\\\/fr\\\/#organization\",\"name\":\"La Palma \u00cele\",\"url\":\"https:\\\/\\\/lapalmaisland.com\\\/fr\\\/\",\"logo\":{\"@type\":\"ImageObject\",\"inLanguage\":\"fr-FR\",\"@id\":\"https:\\\/\\\/lapalmaisland.com\\\/fr\\\/#\\\/schema\\\/logo\\\/image\\\/\",\"url\":\"https:\\\/\\\/lapalmaisland.com\\\/fr\\\/wp-content\\\/uploads\\\/sites\\\/4\\\/2023\\\/11\\\/cropped-cropped-cropped-La-palma-island.png\",\"contentUrl\":\"https:\\\/\\\/lapalmaisland.com\\\/fr\\\/wp-content\\\/uploads\\\/sites\\\/4\\\/2023\\\/11\\\/cropped-cropped-cropped-La-palma-island.png\",\"width\":180,\"height\":60,\"caption\":\"La Palma \u00cele\"},\"image\":{\"@id\":\"https:\\\/\\\/lapalmaisland.com\\\/fr\\\/#\\\/schema\\\/logo\\\/image\\\/\"}},{\"@type\":\"Person\",\"@id\":\"https:\\\/\\\/lapalmaisland.com\\\/fr\\\/#\\\/schema\\\/person\\\/d22befbeabeee2669fa56b89d4a34675\",\"name\":\"La Palma island\",\"image\":{\"@type\":\"ImageObject\",\"inLanguage\":\"fr-FR\",\"@id\":\"https:\\\/\\\/secure.gravatar.com\\\/avatar\\\/025502d7548db870a6a8074e517c7452eb7e227815b3d3e45ea91b7415ee1c53?s=96&d=mm&r=g\",\"url\":\"https:\\\/\\\/secure.gravatar.com\\\/avatar\\\/025502d7548db870a6a8074e517c7452eb7e227815b3d3e45ea91b7415ee1c53?s=96&d=mm&r=g\",\"contentUrl\":\"https:\\\/\\\/secure.gravatar.com\\\/avatar\\\/025502d7548db870a6a8074e517c7452eb7e227815b3d3e45ea91b7415ee1c53?s=96&d=mm&r=g\",\"caption\":\"La Palma island\"},\"sameAs\":[\"https:\\\/\\\/lapalmaisland.com\"]}]}<\/script>\n<!-- \/ Yoast SEO plugin. -->","yoast_head_json":{"title":"TAZACORTE LA PALMA - Entre bananiers et plages","description":"Visitez Tazacorte La Palma : un m\u00e9lange captivant de plages ensoleill\u00e9es, de patrimoine culturel et de vues imprenables sur l'oc\u00e9an.","robots":{"index":"index","follow":"follow","max-snippet":"max-snippet:-1","max-image-preview":"max-image-preview:large","max-video-preview":"max-video-preview:-1"},"canonical":"https:\/\/lapalmaisland.com\/fr\/tazacorte-la-palma\/","og_locale":"fr_FR","og_type":"article","og_title":"TAZACORTE LA PALMA - Entre bananiers et plages","og_description":"Visitez Tazacorte La Palma : un m\u00e9lange captivant de plages ensoleill\u00e9es, de patrimoine culturel et de vues imprenables sur l'oc\u00e9an.","og_url":"https:\/\/lapalmaisland.com\/fr\/tazacorte-la-palma\/","og_site_name":"La Palma \u00cele","article_published_time":"2023-12-04T10:40:39+00:00","article_modified_time":"2025-11-28T16:47:55+00:00","og_image":[{"width":1024,"height":720,"url":"https:\/\/lapalmaisland.com\/fr\/wp-content\/uploads\/sites\/4\/2023\/12\/centre-historique-de-Tazacorte.webp","type":"image\/webp"}],"author":"La Palma island","twitter_card":"summary_large_image","twitter_misc":{"\u00c9crit par":"La Palma island","Dur\u00e9e de lecture estim\u00e9e":"8 minutes"},"schema":{"@context":"https:\/\/schema.org","@graph":[{"@type":"Article","@id":"https:\/\/lapalmaisland.com\/fr\/tazacorte-la-palma\/#article","isPartOf":{"@id":"https:\/\/lapalmaisland.com\/fr\/tazacorte-la-palma\/"},"author":{"name":"La Palma island","@id":"https:\/\/lapalmaisland.com\/fr\/#\/schema\/person\/d22befbeabeee2669fa56b89d4a34675"},"headline":"Tazacorte","datePublished":"2023-12-04T10:40:39+00:00","dateModified":"2025-11-28T16:47:55+00:00","mainEntityOfPage":{"@id":"https:\/\/lapalmaisland.com\/fr\/tazacorte-la-palma\/"},"wordCount":1451,"publisher":{"@id":"https:\/\/lapalmaisland.com\/fr\/#organization"},"image":{"@id":"https:\/\/lapalmaisland.com\/fr\/tazacorte-la-palma\/#primaryimage"},"thumbnailUrl":"https:\/\/lapalmaisland.com\/fr\/wp-content\/uploads\/sites\/4\/2023\/12\/centre-historique-de-Tazacorte.webp","articleSection":["Municipalit\u00e9s"],"inLanguage":"fr-FR"},{"@type":"WebPage","@id":"https:\/\/lapalmaisland.com\/fr\/tazacorte-la-palma\/","url":"https:\/\/lapalmaisland.com\/fr\/tazacorte-la-palma\/","name":"TAZACORTE LA PALMA - Entre bananiers et plages","isPartOf":{"@id":"https:\/\/lapalmaisland.com\/fr\/#website"},"primaryImageOfPage":{"@id":"https:\/\/lapalmaisland.com\/fr\/tazacorte-la-palma\/#primaryimage"},"image":{"@id":"https:\/\/lapalmaisland.com\/fr\/tazacorte-la-palma\/#primaryimage"},"thumbnailUrl":"https:\/\/lapalmaisland.com\/fr\/wp-content\/uploads\/sites\/4\/2023\/12\/centre-historique-de-Tazacorte.webp","datePublished":"2023-12-04T10:40:39+00:00","dateModified":"2025-11-28T16:47:55+00:00","description":"Visitez Tazacorte La Palma : un m\u00e9lange captivant de plages ensoleill\u00e9es, de patrimoine culturel et de vues imprenables sur l'oc\u00e9an.","breadcrumb":{"@id":"https:\/\/lapalmaisland.com\/fr\/tazacorte-la-palma\/#breadcrumb"},"inLanguage":"fr-FR","potentialAction":[{"@type":"ReadAction","target":["https:\/\/lapalmaisland.com\/fr\/tazacorte-la-palma\/"]}]},{"@type":"ImageObject","inLanguage":"fr-FR","@id":"https:\/\/lapalmaisland.com\/fr\/tazacorte-la-palma\/#primaryimage","url":"https:\/\/lapalmaisland.com\/fr\/wp-content\/uploads\/sites\/4\/2023\/12\/centre-historique-de-Tazacorte.webp","contentUrl":"https:\/\/lapalmaisland.com\/fr\/wp-content\/uploads\/sites\/4\/2023\/12\/centre-historique-de-Tazacorte.webp","width":1024,"height":720,"caption":"centre historique de Tazacorte a la palma"},{"@type":"BreadcrumbList","@id":"https:\/\/lapalmaisland.com\/fr\/tazacorte-la-palma\/#breadcrumb","itemListElement":[{"@type":"ListItem","position":1,"name":"Portada","item":"https:\/\/lapalmaisland.com\/fr\/"},{"@type":"ListItem","position":2,"name":"Tazacorte"}]},{"@type":"WebSite","@id":"https:\/\/lapalmaisland.com\/fr\/#website","url":"https:\/\/lapalmaisland.com\/fr\/","name":"La Palma \u00cele","description":"D\u00e9couvrez l&#039;\u00eele fascinante de La Palma : informations \u00e0 jour, guide touristique et activit\u00e9s pour une exp\u00e9rience inoubliable.","publisher":{"@id":"https:\/\/lapalmaisland.com\/fr\/#organization"},"potentialAction":[{"@type":"SearchAction","target":{"@type":"EntryPoint","urlTemplate":"https:\/\/lapalmaisland.com\/fr\/?s={search_term_string}"},"query-input":{"@type":"PropertyValueSpecification","valueRequired":true,"valueName":"search_term_string"}}],"inLanguage":"fr-FR"},{"@type":"Organization","@id":"https:\/\/lapalmaisland.com\/fr\/#organization","name":"La Palma \u00cele","url":"https:\/\/lapalmaisland.com\/fr\/","logo":{"@type":"ImageObject","inLanguage":"fr-FR","@id":"https:\/\/lapalmaisland.com\/fr\/#\/schema\/logo\/image\/","url":"https:\/\/lapalmaisland.com\/fr\/wp-content\/uploads\/sites\/4\/2023\/11\/cropped-cropped-cropped-La-palma-island.png","contentUrl":"https:\/\/lapalmaisland.com\/fr\/wp-content\/uploads\/sites\/4\/2023\/11\/cropped-cropped-cropped-La-palma-island.png","width":180,"height":60,"caption":"La Palma \u00cele"},"image":{"@id":"https:\/\/lapalmaisland.com\/fr\/#\/schema\/logo\/image\/"}},{"@type":"Person","@id":"https:\/\/lapalmaisland.com\/fr\/#\/schema\/person\/d22befbeabeee2669fa56b89d4a34675","name":"La Palma island","image":{"@type":"ImageObject","inLanguage":"fr-FR","@id":"https:\/\/secure.gravatar.com\/avatar\/025502d7548db870a6a8074e517c7452eb7e227815b3d3e45ea91b7415ee1c53?s=96&d=mm&r=g","url":"https:\/\/secure.gravatar.com\/avatar\/025502d7548db870a6a8074e517c7452eb7e227815b3d3e45ea91b7415ee1c53?s=96&d=mm&r=g","contentUrl":"https:\/\/secure.gravatar.com\/avatar\/025502d7548db870a6a8074e517c7452eb7e227815b3d3e45ea91b7415ee1c53?s=96&d=mm&r=g","caption":"La Palma island"},"sameAs":["https:\/\/lapalmaisland.com"]}]}},"uagb_featured_image_src":{"full":["https:\/\/lapalmaisland.com\/fr\/wp-content\/uploads\/sites\/4\/2023\/12\/centre-historique-de-Tazacorte.webp",1024,720,false],"thumbnail":["https:\/\/lapalmaisland.com\/fr\/wp-content\/uploads\/sites\/4\/2023\/12\/centre-historique-de-Tazacorte-150x150.webp",150,150,true],"medium":["https:\/\/lapalmaisland.com\/fr\/wp-content\/uploads\/sites\/4\/2023\/12\/centre-historique-de-Tazacorte-300x211.webp",300,211,true],"medium_large":["https:\/\/lapalmaisland.com\/fr\/wp-content\/uploads\/sites\/4\/2023\/12\/centre-historique-de-Tazacorte-768x540.webp",768,540,true],"large":["https:\/\/lapalmaisland.com\/fr\/wp-content\/uploads\/sites\/4\/2023\/12\/centre-historique-de-Tazacorte.webp",1024,720,false],"1536x1536":["https:\/\/lapalmaisland.com\/fr\/wp-content\/uploads\/sites\/4\/2023\/12\/centre-historique-de-Tazacorte.webp",1024,720,false],"2048x2048":["https:\/\/lapalmaisland.com\/fr\/wp-content\/uploads\/sites\/4\/2023\/12\/centre-historique-de-Tazacorte.webp",1024,720,false]},"uagb_author_info":{"display_name":"La Palma island","author_link":"https:\/\/lapalmaisland.com\/fr\/author\/alewebtenerife\/"},"uagb_comment_info":0,"uagb_excerpt":"Explorez Tazacorte La Palma, une destination ensoleill\u00e9e avec des plages dor\u00e9es, une culture riche et un patrimoine historique fascinant.","_links":{"self":[{"href":"https:\/\/lapalmaisland.com\/fr\/wp-json\/wp\/v2\/posts\/719","targetHints":{"allow":["GET"]}}],"collection":[{"href":"https:\/\/lapalmaisland.com\/fr\/wp-json\/wp\/v2\/posts"}],"about":[{"href":"https:\/\/lapalmaisland.com\/fr\/wp-json\/wp\/v2\/types\/post"}],"author":[{"embeddable":true,"href":"https:\/\/lapalmaisland.com\/fr\/wp-json\/wp\/v2\/users\/1"}],"replies":[{"embeddable":true,"href":"https:\/\/lapalmaisland.com\/fr\/wp-json\/wp\/v2\/comments?post=719"}],"version-history":[{"count":16,"href":"https:\/\/lapalmaisland.com\/fr\/wp-json\/wp\/v2\/posts\/719\/revisions"}],"predecessor-version":[{"id":5995,"href":"https:\/\/lapalmaisland.com\/fr\/wp-json\/wp\/v2\/posts\/719\/revisions\/5995"}],"wp:featuredmedia":[{"embeddable":true,"href":"https:\/\/lapalmaisland.com\/fr\/wp-json\/wp\/v2\/media\/4405"}],"wp:attachment":[{"href":"https:\/\/lapalmaisland.com\/fr\/wp-json\/wp\/v2\/media?parent=719"}],"wp:term":[{"taxonomy":"category","embeddable":true,"href":"https:\/\/lapalmaisland.com\/fr\/wp-json\/wp\/v2\/categories?post=719"},{"taxonomy":"post_tag","embeddable":true,"href":"https:\/\/lapalmaisland.com\/fr\/wp-json\/wp\/v2\/tags?post=719"}],"curies":[{"name":"wp","href":"https:\/\/api.w.org\/{rel}","templated":true}]}}